{"id":939,"date":"2013-12-15T18:15:54","date_gmt":"2013-12-15T16:15:54","guid":{"rendered":"http:\/\/slanedeti.sk\/cms\/kniha-rozpravocky-z-rozpravkovych-tatier-3\/201312"},"modified":"2017-09-03T13:29:30","modified_gmt":"2017-09-03T12:29:30","slug":"kniha-rozpravocky-z-rozpravkovych-tatier-3","status":"publish","type":"post","link":"https:\/\/slanedeti.sk\/cms\/kniha-rozpravocky-z-rozpravkovych-tatier-3\/939","title":{"rendered":"Kniha Rozpr\u00e1vo\u010dky z rozpr\u00e1vkov\u00fdch Tatier"},"content":{"rendered":"<p>Ob\u010dianske zdru\u017eenie Veter\u00e1n klub \u017eelezn\u00edc Poprad organizovalo akciu &#8222;Nem\u00e1me kamenn\u00e9 srdcia&#8220;. Deti z cel\u00e9ho Slovenska p\u00edsali a kreslili rozpr\u00e1vky o Tatr\u00e1ch. Vznikla tak nov\u00e1 kniha Rozpr\u00e1vo\u010dky z rozpr\u00e1vkov\u00fdch Tatier, ktor\u00e1 sa postupne dostane k chor\u00fdm de\u0165om v onkologick\u00fdch centr\u00e1ch, kardiocentr\u00e1ch, ale aj de\u0165om s cystickou fibr\u00f3zou, svalovou dystrofiou, \u010di de\u0165om s \u0165a\u017ek\u00fdmi po\u00farazov\u00fdmi stavmi.<\/p>\n<p>Kniha Rozpr\u00e1vo\u010dky z rozpr\u00e1vkov\u00fdch Tatier\u00a0bola inaugurovan\u00e1 17. novembra 2013 pri pr\u00edrodnom kamennom srdci ne\u010faleko Vy\u0161n\u00fdch H\u00e1gov. Z\u00e1\u0161titu nad podujat\u00edm prevzali koncertn\u00fd majster Peter Michalica, film\u00e1r Pavol Barab\u00e1\u0161, horolezec Peter H\u00e1mor, astron\u00f3m Vojtech Ru\u0161in, spisovate\u013e Ivan Szab\u00f3, akad. maliar Mari\u00e1n \u010ci\u017em\u00e1rik, fotograf Laco Janiga a garantom bol prim\u00e1tor Vysok\u00fdch Tatier J\u00e1n Moko\u0161.<\/p>\n<div style=\"text-align: center;\"><img loading=\"lazy\" decoding=\"async\" class=\"aligncenter\" style=\"border: 0px; margin-top: 20px; margin-bottom: 20px;\" title=\"kniha_obalka\" alt=\"kniha_obalka\" src=\"https:\/\/slanedeti.sk\/cms\/picture_migration\/kniha_obalka.jpg\" width=\"450\" height=\"617\" border=\"0\" \/><\/div>\n<div style=\"text-align: left;\">Zdru\u017eenie vydalo knihu ako\u00a0 v\u010faku verejnosti za solidaritu, ktor\u00e1 sa zdvihla, ke\u010f historick\u00fa elektri\u010dku Kom\u00e9tu zasiahol blesk a pravdepodobne by bez tejto solidarity skon\u010dila v \u0161rote. Dnes op\u00e4\u0165 rozd\u00e1va rados\u0165 najm\u00e4 de\u0165om. Kniha je z\u00e1rove\u0148 vo\u013en\u00fd cestovn\u00fd l\u00edstok na jazdu historickou elektri\u010dkou pre die\u0165a a doprev\u00e1dzaj\u00faceho.<\/div>\n<p style=\"text-align: center;\"><img loading=\"lazy\" decoding=\"async\" class=\"aligncenter\" style=\"border: 0px; margin-top: 20px; margin-bottom: 20px;\" title=\"kniha_3\" alt=\"kniha_3\" src=\"https:\/\/slanedeti.sk\/cms\/picture_migration\/kniha_3.jpg\" width=\"450\" height=\"313\" border=\"0\" \/><\/p>\n<p>Vzh\u013eadom na to, \u017ee na tla\u010d knihy nemalo zdru\u017eenie po\u017eadovan\u00fd objem pe\u0148az\u00ed, boli sme po\u017eiadan\u00ed ako organiz\u00e1cia pom\u00e1haj\u00faca de\u0165om a dospel\u00fdm s cystickou fibr\u00f3zou o pr\u00edspevok. Prispeli sme finan\u010dnou \u010diastkou v r\u00e1mci svojich mo\u017enost\u00ed a za tento pr\u00edspevok sme dostali pre na\u0161e deti 200 ks kn\u00edh, ktor\u00e9 bud\u00fa postupne dostupn\u00e9 vo v\u0161etk\u00fdch CF centr\u00e1ch:<br \/>\n&#8211; CF centrum Bratislava &#8211; Podunajsk\u00e9 Biskupice,<br \/>\n&#8211; CF centrum Bansk\u00e1 Bystrica,<br \/>\n&#8211; \u0160rob\u00e1rov \u00fastav detskej tuberkul\u00f3zy a respira\u010dn\u00fdch chor\u00f4b v Dolnom Smokovci,<br \/>\n&#8211; CF ventrum Ko\u0161ice.<\/p>\n<div style=\"text-align: center;\"><img loading=\"lazy\" decoding=\"async\" class=\"aligncenter\" style=\"border: 0px; margin-top: 20px; margin-bottom: 20px;\" title=\"kniha_4\" alt=\"kniha_4\" src=\"https:\/\/slanedeti.sk\/cms\/picture_migration\/kniha_4.jpg\" width=\"450\" height=\"313\" border=\"0\" \/><\/div>\n<p>D\u00fafame, \u017ee pote\u0161\u00ed nielen deti, ale aj V\u00e1s rodi\u010dov.<\/p>\n","protected":false},"excerpt":{"rendered":"<p>Ob&#269;ianske zdru&#382;enie Veter&aacute;n klub &#382;elezn&iacute;c Poprad organizovalo akciu &bdquo;Nem&aacute;me kamenn&eacute; srdcia&ldquo;. Deti z cel&eacute;ho Slovenska p&iacute;sali a kreslili rozpr&aacute;vky o Tatr&aacute;ch. Vznikla tak nov&aacute; kniha Rozpr&aacute;vo&#269;ky z rozpr&aacute;vkov&yacute;ch Tatier, ktor&aacute; sa postupne dostane k chor&yacute;m de&#357;om v onkologick&yacute;ch centr&aacute;ch, kardiocentr&aacute;ch, &hellip; <a href=\"https:\/\/slanedeti.sk\/cms\/kniha-rozpravocky-z-rozpravkovych-tatier-3\/939\">Continued<\/a><\/p>\n","protected":false},"author":3,"featured_media":1007,"comment_status":"closed","ping_status":"closed","sticky":false,"template":"","format":"standard","meta":{"kt_blocks_editor_width":"","footnotes":""},"categories":[264],"tags":[256],"class_list":["post-939","post","type-post","status-publish","format-standard","has-post-thumbnail","hentry","category-priatelia-slanych-deti","tag-kniha"],"yoast_head":"<!-- This site is optimized with the Yoast SEO plugin v27.4 - https:\/\/yoast.com\/product\/yoast-seo-wordpress\/ -->\n<title>Kniha Rozpr\u00e1vo\u010dky z rozpr\u00e1vkov\u00fdch Tatier - Slan\u00e9 deti<\/title>\n<meta name=\"description\" content=\"Deti z cel\u00e9ho Slovenska p\u00edsali rozpr\u00e1vky o Tatr\u00e1ch. Vznikla tak nov\u00e1 kniha Rozpr\u00e1vo\u010dky z rozpr\u00e1vkov\u00fdch Tatier, ktor\u00e1 sa postupne dostane k chor\u00fdm de\u0165om.\" \/>\n<meta name=\"robots\" content=\"index, follow, max-snippet:-1, max-image-preview:large, max-video-preview:-1\" \/>\n<link rel=\"canonical\" href=\"https:\/\/slanedeti.sk\/cms\/kniha-rozpravocky-z-rozpravkovych-tatier-3\/939\" \/>\n<meta property=\"og:locale\" content=\"sk_SK\" \/>\n<meta property=\"og:type\" content=\"article\" \/>\n<meta property=\"og:title\" content=\"Kniha Rozpr\u00e1vo\u010dky z rozpr\u00e1vkov\u00fdch Tatier - Slan\u00e9 deti\" \/>\n<meta property=\"og:description\" content=\"Deti z cel\u00e9ho Slovenska p\u00edsali rozpr\u00e1vky o Tatr\u00e1ch. Vznikla tak nov\u00e1 kniha Rozpr\u00e1vo\u010dky z rozpr\u00e1vkov\u00fdch Tatier, ktor\u00e1 sa postupne dostane k chor\u00fdm de\u0165om.\" \/>\n<meta property=\"og:url\" content=\"https:\/\/slanedeti.sk\/cms\/kniha-rozpravocky-z-rozpravkovych-tatier-3\/939\" \/>\n<meta property=\"og:site_name\" content=\"Slan\u00e9 deti\" \/>\n<meta property=\"article:publisher\" content=\"http:\/\/www.facebook.com\/slanedeti\" \/>\n<meta property=\"article:published_time\" content=\"2013-12-15T16:15:54+00:00\" \/>\n<meta property=\"article:modified_time\" content=\"2017-09-03T12:29:30+00:00\" \/>\n<meta property=\"og:image\" content=\"https:\/\/slanedeti.sk\/cms\/wp-content\/uploads\/2013\/12\/rozpravky.jpg\" \/>\n\t<meta property=\"og:image:width\" content=\"883\" \/>\n\t<meta property=\"og:image:height\" content=\"944\" \/>\n\t<meta property=\"og:image:type\" content=\"image\/jpeg\" \/>\n<meta name=\"author\" content=\"Kika\" \/>\n<meta name=\"twitter:label1\" content=\"Autor\" \/>\n\t<meta name=\"twitter:data1\" content=\"Kika\" \/>\n\t<meta name=\"twitter:label2\" content=\"Predpokladan\u00fd \u010das \u010d\u00edtania\" \/>\n\t<meta name=\"twitter:data2\" content=\"2 min\u00faty\" \/>\n<script type=\"application\/ld+json\" class=\"yoast-schema-graph\">{\"@context\":\"https:\\\/\\\/schema.org\",\"@graph\":[{\"@type\":\"Article\",\"@id\":\"https:\\\/\\\/slanedeti.sk\\\/cms\\\/kniha-rozpravocky-z-rozpravkovych-tatier-3\\\/939#article\",\"isPartOf\":{\"@id\":\"https:\\\/\\\/slanedeti.sk\\\/cms\\\/kniha-rozpravocky-z-rozpravkovych-tatier-3\\\/939\"},\"author\":{\"name\":\"Kika\",\"@id\":\"https:\\\/\\\/slanedeti.sk\\\/cms\\\/#\\\/schema\\\/person\\\/8d4185e268823ccbc166a1895f1b7938\"},\"headline\":\"Kniha Rozpr\u00e1vo\u010dky z rozpr\u00e1vkov\u00fdch Tatier\",\"datePublished\":\"2013-12-15T16:15:54+00:00\",\"dateModified\":\"2017-09-03T12:29:30+00:00\",\"mainEntityOfPage\":{\"@id\":\"https:\\\/\\\/slanedeti.sk\\\/cms\\\/kniha-rozpravocky-z-rozpravkovych-tatier-3\\\/939\"},\"wordCount\":338,\"image\":{\"@id\":\"https:\\\/\\\/slanedeti.sk\\\/cms\\\/kniha-rozpravocky-z-rozpravkovych-tatier-3\\\/939#primaryimage\"},\"thumbnailUrl\":\"https:\\\/\\\/slanedeti.sk\\\/cms\\\/wp-content\\\/uploads\\\/2013\\\/12\\\/rozpravky.jpg\",\"keywords\":[\"kniha\"],\"articleSection\":[\"Priatelia slan\u00fdch det\u00ed\"],\"inLanguage\":\"sk-SK\"},{\"@type\":\"WebPage\",\"@id\":\"https:\\\/\\\/slanedeti.sk\\\/cms\\\/kniha-rozpravocky-z-rozpravkovych-tatier-3\\\/939\",\"url\":\"https:\\\/\\\/slanedeti.sk\\\/cms\\\/kniha-rozpravocky-z-rozpravkovych-tatier-3\\\/939\",\"name\":\"Kniha Rozpr\u00e1vo\u010dky z rozpr\u00e1vkov\u00fdch Tatier - Slan\u00e9 deti\",\"isPartOf\":{\"@id\":\"https:\\\/\\\/slanedeti.sk\\\/cms\\\/#website\"},\"primaryImageOfPage\":{\"@id\":\"https:\\\/\\\/slanedeti.sk\\\/cms\\\/kniha-rozpravocky-z-rozpravkovych-tatier-3\\\/939#primaryimage\"},\"image\":{\"@id\":\"https:\\\/\\\/slanedeti.sk\\\/cms\\\/kniha-rozpravocky-z-rozpravkovych-tatier-3\\\/939#primaryimage\"},\"thumbnailUrl\":\"https:\\\/\\\/slanedeti.sk\\\/cms\\\/wp-content\\\/uploads\\\/2013\\\/12\\\/rozpravky.jpg\",\"datePublished\":\"2013-12-15T16:15:54+00:00\",\"dateModified\":\"2017-09-03T12:29:30+00:00\",\"author\":{\"@id\":\"https:\\\/\\\/slanedeti.sk\\\/cms\\\/#\\\/schema\\\/person\\\/8d4185e268823ccbc166a1895f1b7938\"},\"description\":\"Deti z cel\u00e9ho Slovenska p\u00edsali rozpr\u00e1vky o Tatr\u00e1ch. Vznikla tak nov\u00e1 kniha Rozpr\u00e1vo\u010dky z rozpr\u00e1vkov\u00fdch Tatier, ktor\u00e1 sa postupne dostane k chor\u00fdm de\u0165om.\",\"inLanguage\":\"sk-SK\",\"potentialAction\":[{\"@type\":\"ReadAction\",\"target\":[\"https:\\\/\\\/slanedeti.sk\\\/cms\\\/kniha-rozpravocky-z-rozpravkovych-tatier-3\\\/939\"]}]},{\"@type\":\"ImageObject\",\"inLanguage\":\"sk-SK\",\"@id\":\"https:\\\/\\\/slanedeti.sk\\\/cms\\\/kniha-rozpravocky-z-rozpravkovych-tatier-3\\\/939#primaryimage\",\"url\":\"https:\\\/\\\/slanedeti.sk\\\/cms\\\/wp-content\\\/uploads\\\/2013\\\/12\\\/rozpravky.jpg\",\"contentUrl\":\"https:\\\/\\\/slanedeti.sk\\\/cms\\\/wp-content\\\/uploads\\\/2013\\\/12\\\/rozpravky.jpg\",\"width\":883,\"height\":944,\"caption\":\"rozpr\u00e1vky\"},{\"@type\":\"WebSite\",\"@id\":\"https:\\\/\\\/slanedeti.sk\\\/cms\\\/#website\",\"url\":\"https:\\\/\\\/slanedeti.sk\\\/cms\\\/\",\"name\":\"Slan\u00e9 deti\",\"description\":\"Inform\u00e1cie o cystickej fibr\u00f3ze\",\"potentialAction\":[{\"@type\":\"SearchAction\",\"target\":{\"@type\":\"EntryPoint\",\"urlTemplate\":\"https:\\\/\\\/slanedeti.sk\\\/cms\\\/?s={search_term_string}\"},\"query-input\":{\"@type\":\"PropertyValueSpecification\",\"valueRequired\":true,\"valueName\":\"search_term_string\"}}],\"inLanguage\":\"sk-SK\"},{\"@type\":\"Person\",\"@id\":\"https:\\\/\\\/slanedeti.sk\\\/cms\\\/#\\\/schema\\\/person\\\/8d4185e268823ccbc166a1895f1b7938\",\"name\":\"Kika\",\"url\":\"https:\\\/\\\/slanedeti.sk\\\/cms\\\/author\\\/kika\"}]}<\/script>\n<!-- \/ Yoast SEO plugin. -->","yoast_head_json":{"title":"Kniha Rozpr\u00e1vo\u010dky z rozpr\u00e1vkov\u00fdch Tatier - Slan\u00e9 deti","description":"Deti z cel\u00e9ho Slovenska p\u00edsali rozpr\u00e1vky o Tatr\u00e1ch. Vznikla tak nov\u00e1 kniha Rozpr\u00e1vo\u010dky z rozpr\u00e1vkov\u00fdch Tatier, ktor\u00e1 sa postupne dostane k chor\u00fdm de\u0165om.","robots":{"index":"index","follow":"follow","max-snippet":"max-snippet:-1","max-image-preview":"max-image-preview:large","max-video-preview":"max-video-preview:-1"},"canonical":"https:\/\/slanedeti.sk\/cms\/kniha-rozpravocky-z-rozpravkovych-tatier-3\/939","og_locale":"sk_SK","og_type":"article","og_title":"Kniha Rozpr\u00e1vo\u010dky z rozpr\u00e1vkov\u00fdch Tatier - Slan\u00e9 deti","og_description":"Deti z cel\u00e9ho Slovenska p\u00edsali rozpr\u00e1vky o Tatr\u00e1ch. Vznikla tak nov\u00e1 kniha Rozpr\u00e1vo\u010dky z rozpr\u00e1vkov\u00fdch Tatier, ktor\u00e1 sa postupne dostane k chor\u00fdm de\u0165om.","og_url":"https:\/\/slanedeti.sk\/cms\/kniha-rozpravocky-z-rozpravkovych-tatier-3\/939","og_site_name":"Slan\u00e9 deti","article_publisher":"http:\/\/www.facebook.com\/slanedeti","article_published_time":"2013-12-15T16:15:54+00:00","article_modified_time":"2017-09-03T12:29:30+00:00","og_image":[{"width":883,"height":944,"url":"https:\/\/slanedeti.sk\/cms\/wp-content\/uploads\/2013\/12\/rozpravky.jpg","type":"image\/jpeg"}],"author":"Kika","twitter_misc":{"Autor":"Kika","Predpokladan\u00fd \u010das \u010d\u00edtania":"2 min\u00faty"},"schema":{"@context":"https:\/\/schema.org","@graph":[{"@type":"Article","@id":"https:\/\/slanedeti.sk\/cms\/kniha-rozpravocky-z-rozpravkovych-tatier-3\/939#article","isPartOf":{"@id":"https:\/\/slanedeti.sk\/cms\/kniha-rozpravocky-z-rozpravkovych-tatier-3\/939"},"author":{"name":"Kika","@id":"https:\/\/slanedeti.sk\/cms\/#\/schema\/person\/8d4185e268823ccbc166a1895f1b7938"},"headline":"Kniha Rozpr\u00e1vo\u010dky z rozpr\u00e1vkov\u00fdch Tatier","datePublished":"2013-12-15T16:15:54+00:00","dateModified":"2017-09-03T12:29:30+00:00","mainEntityOfPage":{"@id":"https:\/\/slanedeti.sk\/cms\/kniha-rozpravocky-z-rozpravkovych-tatier-3\/939"},"wordCount":338,"image":{"@id":"https:\/\/slanedeti.sk\/cms\/kniha-rozpravocky-z-rozpravkovych-tatier-3\/939#primaryimage"},"thumbnailUrl":"https:\/\/slanedeti.sk\/cms\/wp-content\/uploads\/2013\/12\/rozpravky.jpg","keywords":["kniha"],"articleSection":["Priatelia slan\u00fdch det\u00ed"],"inLanguage":"sk-SK"},{"@type":"WebPage","@id":"https:\/\/slanedeti.sk\/cms\/kniha-rozpravocky-z-rozpravkovych-tatier-3\/939","url":"https:\/\/slanedeti.sk\/cms\/kniha-rozpravocky-z-rozpravkovych-tatier-3\/939","name":"Kniha Rozpr\u00e1vo\u010dky z rozpr\u00e1vkov\u00fdch Tatier - Slan\u00e9 deti","isPartOf":{"@id":"https:\/\/slanedeti.sk\/cms\/#website"},"primaryImageOfPage":{"@id":"https:\/\/slanedeti.sk\/cms\/kniha-rozpravocky-z-rozpravkovych-tatier-3\/939#primaryimage"},"image":{"@id":"https:\/\/slanedeti.sk\/cms\/kniha-rozpravocky-z-rozpravkovych-tatier-3\/939#primaryimage"},"thumbnailUrl":"https:\/\/slanedeti.sk\/cms\/wp-content\/uploads\/2013\/12\/rozpravky.jpg","datePublished":"2013-12-15T16:15:54+00:00","dateModified":"2017-09-03T12:29:30+00:00","author":{"@id":"https:\/\/slanedeti.sk\/cms\/#\/schema\/person\/8d4185e268823ccbc166a1895f1b7938"},"description":"Deti z cel\u00e9ho Slovenska p\u00edsali rozpr\u00e1vky o Tatr\u00e1ch. Vznikla tak nov\u00e1 kniha Rozpr\u00e1vo\u010dky z rozpr\u00e1vkov\u00fdch Tatier, ktor\u00e1 sa postupne dostane k chor\u00fdm de\u0165om.","inLanguage":"sk-SK","potentialAction":[{"@type":"ReadAction","target":["https:\/\/slanedeti.sk\/cms\/kniha-rozpravocky-z-rozpravkovych-tatier-3\/939"]}]},{"@type":"ImageObject","inLanguage":"sk-SK","@id":"https:\/\/slanedeti.sk\/cms\/kniha-rozpravocky-z-rozpravkovych-tatier-3\/939#primaryimage","url":"https:\/\/slanedeti.sk\/cms\/wp-content\/uploads\/2013\/12\/rozpravky.jpg","contentUrl":"https:\/\/slanedeti.sk\/cms\/wp-content\/uploads\/2013\/12\/rozpravky.jpg","width":883,"height":944,"caption":"rozpr\u00e1vky"},{"@type":"WebSite","@id":"https:\/\/slanedeti.sk\/cms\/#website","url":"https:\/\/slanedeti.sk\/cms\/","name":"Slan\u00e9 deti","description":"Inform\u00e1cie o cystickej fibr\u00f3ze","potentialAction":[{"@type":"SearchAction","target":{"@type":"EntryPoint","urlTemplate":"https:\/\/slanedeti.sk\/cms\/?s={search_term_string}"},"query-input":{"@type":"PropertyValueSpecification","valueRequired":true,"valueName":"search_term_string"}}],"inLanguage":"sk-SK"},{"@type":"Person","@id":"https:\/\/slanedeti.sk\/cms\/#\/schema\/person\/8d4185e268823ccbc166a1895f1b7938","name":"Kika","url":"https:\/\/slanedeti.sk\/cms\/author\/kika"}]}},"_links":{"self":[{"href":"https:\/\/slanedeti.sk\/cms\/wp-json\/wp\/v2\/posts\/939","targetHints":{"allow":["GET"]}}],"collection":[{"href":"https:\/\/slanedeti.sk\/cms\/wp-json\/wp\/v2\/posts"}],"about":[{"href":"https:\/\/slanedeti.sk\/cms\/wp-json\/wp\/v2\/types\/post"}],"author":[{"embeddable":true,"href":"https:\/\/slanedeti.sk\/cms\/wp-json\/wp\/v2\/users\/3"}],"replies":[{"embeddable":true,"href":"https:\/\/slanedeti.sk\/cms\/wp-json\/wp\/v2\/comments?post=939"}],"version-history":[{"count":0,"href":"https:\/\/slanedeti.sk\/cms\/wp-json\/wp\/v2\/posts\/939\/revisions"}],"wp:featuredmedia":[{"embeddable":true,"href":"https:\/\/slanedeti.sk\/cms\/wp-json\/wp\/v2\/media\/1007"}],"wp:attachment":[{"href":"https:\/\/slanedeti.sk\/cms\/wp-json\/wp\/v2\/media?parent=939"}],"wp:term":[{"taxonomy":"category","embeddable":true,"href":"https:\/\/slanedeti.sk\/cms\/wp-json\/wp\/v2\/categories?post=939"},{"taxonomy":"post_tag","embeddable":true,"href":"https:\/\/slanedeti.sk\/cms\/wp-json\/wp\/v2\/tags?post=939"}],"curies":[{"name":"wp","href":"https:\/\/api.w.org\/{rel}","templated":true}]}}