{"id":938,"date":"2013-12-10T20:57:07","date_gmt":"2013-12-10T18:57:07","guid":{"rendered":"http:\/\/slanedeti.sk\/cms\/genderove-rozdiely-pacientov-s-cystickou-fibrozou-2-cast-3\/201312"},"modified":"2013-12-31T17:24:03","modified_gmt":"2013-12-31T16:24:03","slug":"genderove-rozdiely-pacientov-s-cystickou-fibrozou-2-cast-3","status":"publish","type":"post","link":"https:\/\/slanedeti.sk\/cms\/genderove-rozdiely-pacientov-s-cystickou-fibrozou-2-cast-3\/938","title":{"rendered":"Genderov\u00e9 rozdiely pacientov s cystickou fibr\u00f3zou &#8211; 2.\u010das\u0165"},"content":{"rendered":"<p>Je preuk\u00e1zan\u00e9, \u017ee vo v\u0161eobecnosti je \u00famrtnos\u0165 u \u017eien ni\u017e\u0161ia ako u mu\u017eov, a to vo v\u0161etk\u00fdch vekov\u00fdch kateg\u00f3ri\u00e1ch. Vo v\u00e4\u010d\u0161ine kraj\u00edn sa \u017eeny do\u017e\u00edvaj\u00fa vy\u0161\u0161ieho veku, pri\u010dom zv\u00fdhodnen\u00e9 za\u010d\u00ednaj\u00fa by\u0165 u\u017e v detstve. \u017deny s CF s\u00fa v\u0161ak v tomto celosvetovom trende v\u00fdnimkou. Priemern\u00fd vek, ktor\u00e9ho sa \u017eeny s CF do\u017e\u00edvaj\u00fa, je pribli\u017ene o 3 a\u017e 4 roky ni\u017e\u0161\u00ed, ako priemern\u00fd vek pre\u017eitia mu\u017eov s rovnak\u00fdm ochoren\u00edm.<\/p>\n<p>V porovnan\u00ed s mu\u017emi maj\u00fa \u017eeny tie\u017e tendenciu k rap\u00eddnej\u0161iemu zhor\u0161ovaniu p\u013e\u00facnych funkci\u00ed. \u010co sa t\u00fdka veku diagnostikovania ochorenia CF, u \u017eien diagnostikovan\u00fdch nesk\u00f4r v detstve je ni\u017e\u0161ia pravdepodobnos\u0165 dosiahnutia veku 40 rokov, \u010do podporuje zistenie, \u017ee odlo\u017een\u00e1 diagn\u00f3za je pre pacienta nev\u00fdhodou vzh\u013eadom k d\u013a\u017eke pre\u017eitia.<\/p>\n<p>Pohlavie je pokladan\u00e9 za druh\u00fd najv\u00fdznamnej\u0161\u00ed faktor ovplyv\u0148uj\u00faci diagn\u00f3zu a progn\u00f3zu CF, hne\u010f po veku, v ktorom je cystick\u00e1 fibr\u00f3za diagnostikovan\u00e1. Genderov\u00e9 rozdiely s\u00fa preto \u010dast\u00fdm predmetom v\u00fdskumov. Mnoh\u00e9 zistenia nasved\u010duj\u00fa tomu, \u017ee existuj\u00fa v\u00fdznamn\u00e9 rozdiely medzi mu\u017emi a \u017eenami s CF v priebehu a pre\u017e\u00edvan\u00ed ochorenia, \u010do m\u00e1 za n\u00e1sledok odli\u0161nosti v celkovej vn\u00edmanej kvalite \u017eivota. Okrem toho, \u017ee psychologick\u00fd a fyziologick\u00fd progres ochorenia CF sa u mu\u017eov a \u017eien l\u00ed\u0161i, ist\u00e9 odli\u0161nosti sa vyskytuj\u00fa aj v manifest\u00e1cii ochorenia. Tieto rozdiely m\u00f4\u017eu vypl\u00fdva\u0165 z biologick\u00fdch faktorov s\u00favisiacich s pohlav\u00edm a tie\u017e z odli\u0161n\u00fdch kult\u00farnych atrib\u00fatov pohlav\u00ed, ktor\u00e9 determinuj\u00fa odli\u0161n\u00e9 postoje a spr\u00e1vanie k \u017een\u00e1m a mu\u017eom. Psychologick\u00e9 a behavior\u00e1lne vlastnosti s\u00favisiace s pohlav\u00edm stavaj\u00fa \u017eeny s CF do znev\u00fdhodnenej poz\u00edcie oproti mu\u017eom. Tieto vlastnosti zah\u0155\u0148aj\u00fa v\u00e4\u010d\u0161ie probl\u00e9my vo vyrovn\u00e1van\u00ed sa s ochoren\u00edm, zv\u00fd\u0161en\u00e9 poci\u0165ovan\u00e9 nap\u00e4tie a starosti sp\u00f4soben\u00e9 ochoren\u00edm, viac depres\u00edvnych sympt\u00f3mov a v kone\u010dnom d\u00f4sledku celkov\u00e9 zn\u00ed\u017eenie v poci\u0165ovanej kvalite \u017eivota.<\/p>\n<p>U \u017eien s CF bola zisten\u00e1 v\u00fdznamne hor\u0161ia progn\u00f3za v porovnan\u00ed s mu\u017emi, najm\u00e4 vo veku od 1 do 20 rokov. K hor\u0161ej progn\u00f3ze u \u017eien prispieva mechanizmus, ktor\u00fd zah\u0155\u0148a: relat\u00edvne slab\u0161\u00ed nutri\u010dn\u00fd status, neskor\u0161\u00ed vek diagnostikovania CF, rozdiely v p\u013e\u00facnom v\u00fdvine, nepriazniv\u00fd vplyv estrog\u00e9nu, \u010dastej\u0161ie zhor\u0161enie p\u013e\u00facnych funkci\u00ed, skor\u0161\u00ed n\u00e1stup cukrovky spojenej s CF a skor\u0161ie z\u00edskanie p\u013e\u00facnej bakt\u00e9rie Pseudomonas aeruginosa. T\u00e1to bakt\u00e9ria je pova\u017eovan\u00e1 za jednu z ved\u00facich pr\u00ed\u010din morbidity a mortality u pacientov s CF.<\/p>\n<div align=\"center\"><img loading=\"lazy\" decoding=\"async\" class=\"aligncenter\" style=\"border: 0px; margin-top: 20px; margin-bottom: 20px;\" title=\"nevesta_zenich\" alt=\"nevesta_zenich\" src=\"https:\/\/slanedeti.sk\/cms\/picture_migration\/nevesta_zenich.jpg\" width=\"300\" height=\"300\" border=\"0\" \/><\/div>\n<h4>Zalo\u017eenie rodiny pacientmi s cystickou fibr\u00f3zou<\/h4>\n<p>D\u00f4le\u017eit\u00fdm aspektom, ktor\u00fd treba vzia\u0165 do \u00favahy pri poh\u013eade na kvalitu \u017eivota dospel\u00fdch pacientov s CF je mo\u017enos\u0165 zalo\u017eenia si rodiny. V\u00e4\u010d\u0161ina chor\u00fdch sa v s\u00fa\u010dasnosti do\u017e\u00edva reproduk\u010dn\u00e9ho veku, m\u00f4\u017eu vies\u0165 norm\u00e1lny sexu\u00e1lny \u017eivot a zalo\u017ei\u0165 si rodinu. Preto je nutn\u00e9, aby sa pacienti s CF aj ich partneri zozn\u00e1mili s problematikou neplodnosti a ot\u00e1zkami t\u00fdkaj\u00facimi sa mo\u017enosti ma\u0165 deti.<\/p>\n<p>Je zn\u00e1me, \u017ee a\u017e 98% mu\u017eov s CF je neplodn\u00fdch, \u010do zapr\u00ed\u010di\u0148uje vroden\u00e1 atr\u00e9zia semenovodov. Nepriechodnos\u0165 v\u00fdvodn\u00fdch ciest sp\u00f4sobuje, \u017ee sa spermie nedost\u00e1vaj\u00fa do ejakul\u00e1tu, \u010do zabra\u0148uje prirodzen\u00e9mu oplodneniu. Je v\u0161ak mo\u017en\u00e9 odobratie spermi\u00ed, v\u010faka \u010domu sa aj mu\u017e s CF m\u00f4\u017ee sta\u0165 biologick\u00fdm otcom. U \u017eien je napriek norm\u00e1lnej anat\u00f3mii reproduk\u010dn\u00fdch org\u00e1nov s\u0165a\u017een\u00e1 mo\u017enos\u0165 otehotnenia v d\u00f4sledku v\u00e4zk\u00e9ho hlienu na kr\u010dku maternice. Tehotenstvo sa v\u0161ak nevylu\u010duje a existuje mnoho \u017eien s CF, ktor\u00e9 donosili zdrav\u00e9 deti.<\/p>\n<p>Na podporenie a zlep\u0161enie kvality \u017eivota \u017eien s CF je potrebn\u00e9 komplexnej\u0161ie pod\u00e1vanie inform\u00e1ci\u00ed o ich sexu\u00e1lnom a reproduk\u010dnom zdrav\u00ed. V minulosti boli \u017eeny varovan\u00e9 pred t\u00fdm, aby mali deti. U tehotn\u00fdch \u017eien s CF je nutn\u00e9 zv\u00e1\u017ei\u0165 mnoh\u00e9 komplik\u00e1cie a dlhodob\u00e9 d\u00f4sledky tehotenstva. Fyziologick\u00e9 zmeny po\u010das tehotenstva ved\u00fa k ve\u013ek\u00e9mu za\u0165a\u017eeniu cel\u00e9ho organizmu matky a m\u00f4\u017eu ma\u0165 nepriazniv\u00e9 d\u00f4sledky aj na plod. Tieto zmeny s\u00fa u zdrav\u00fdch \u017eien zvl\u00e1dnute\u013en\u00e9, u \u017eien s CF v\u0161ak m\u00f4\u017eu vies\u0165 k v\u00e1\u017enym komplik\u00e1ci\u00e1m. Tehotenstvo m\u00f4\u017ee zhor\u0161i\u0165 priebeh ochorenia u matky, a to z d\u00f4vodu s\u0165a\u017eenej rehabilit\u00e1cie, kontraindik\u00e1cie niektor\u00fdch liekov a zv\u00fd\u0161en\u00fdch n\u00e1rokov na v\u00fd\u017eivu i oxygen\u00e1ciu. Odpor\u00fa\u010da sa napl\u00e1novanie tehotenstva na obdobie, kedy je stav matky \u010do najlep\u0161\u00ed, a to z h\u013eadiska v\u00fd\u017eivy i respira\u010dn\u00fdch funkci\u00ed.<\/p>\n<p>V s\u00favislosti s touto problematikou bolo uskuto\u010dnen\u00fdch nieko\u013eko v\u00fdskumov, zameran\u00fdch na zmapovanie vedomost\u00ed pacientov s CF o ich sexu\u00e1lnom a reproduk\u010dnom zdrav\u00ed. Bol zisten\u00fd v\u00fdznamn\u00fd deficit inform\u00e1ci\u00ed o mo\u017enostiach po\u010datia, a to ako u pacientov s CF, tak u ich rodi\u010dov. V\u00e4\u010d\u0161ine \u017eien ch\u00fdbali inform\u00e1cie o mo\u017enom nepriaznivom vplyve tehotenstva na ich zdravotn\u00fd stav. Podobne v\u00e4\u010d\u0161ina \u017eien nebola dostato\u010dne informovan\u00e1 o problematike po\u010datia a ich vedomosti o mo\u017enosti rodi\u010dovstva boli neuspokojiv\u00e9 a v niektor\u00fdch oh\u013eadoch dokonca \u00faplne nespr\u00e1vne. Taktie\u017e bolo zis\u0165ovan\u00e9, \u010di \u017eeny s CF poci\u0165uj\u00fa \u00fazkos\u0165 spojen\u00fa s mo\u017en\u00fdm tehotenstvom. Takmer 80% \u017eien sa ob\u00e1valo, \u017ee ich die\u0165a by malo CF.<\/p>\n<p>Alarmuj\u00faca je skuto\u010dnos\u0165, \u017ee pacienti s CF poci\u0165uj\u00fa nedostato\u010dn\u00fa informovanos\u0165 o svojom ochoren\u00ed, ako aj o mo\u017enosti zalo\u017eenia si rodiny. Iba 44% pacientov uviedlo, \u017ee o probl\u00e9moch diskutuj\u00fa so svojimi doktormi. V\u00e4\u010d\u0161ina pacientov s CF si inform\u00e1cie vyh\u013ead\u00e1va sama, pri\u010dom naj\u010dastej\u0161\u00edmi zdrojmi s\u00fa vedeck\u00e9 publik\u00e1cie a rady ostatn\u00fdch pacientov. Drviv\u00e1 v\u00e4\u010d\u0161ina \u017eien s CF uv\u00e1dza, \u017ee by ocenila organiz\u00e1ciu eduka\u010dn\u00fdch stretnut\u00ed pre pacientov s CF, a to u\u017e v obdob\u00ed adolescencie.<\/p>\n","protected":false},"excerpt":{"rendered":"<p>Je preuk&aacute;zan&eacute;, &#382;e vo v&scaron;eobecnosti je &uacute;mrtnos&#357; u &#382;ien ni&#382;&scaron;ia ako u mu&#382;ov, a to vo v&scaron;etk&yacute;ch vekov&yacute;ch kateg&oacute;ri&aacute;ch. Vo v&auml;&#269;&scaron;ine kraj&iacute;n sa &#382;eny do&#382;&iacute;vaj&uacute; vy&scaron;&scaron;ieho veku, pri&#269;om zv&yacute;hodnen&eacute; za&#269;&iacute;naj&uacute; by&#357; u&#382; v detstve. &#381;eny s CF s&uacute; v&scaron;ak v &hellip; <a href=\"https:\/\/slanedeti.sk\/cms\/genderove-rozdiely-pacientov-s-cystickou-fibrozou-2-cast-3\/938\">Continued<\/a><\/p>\n","protected":false},"author":10,"featured_media":948,"comment_status":"closed","ping_status":"closed","sticky":false,"template":"","format":"standard","meta":{"kt_blocks_editor_width":"","footnotes":""},"categories":[253],"tags":[],"class_list":["post-938","post","type-post","status-publish","format-standard","has-post-thumbnail","hentry","category-o-cystickej-fibroze"],"yoast_head":"<!-- This site is optimized with the Yoast SEO plugin v27.5 - https:\/\/yoast.com\/product\/yoast-seo-wordpress\/ -->\n<title>Genderov\u00e9 rozdiely pacientov s cystickou fibr\u00f3zou - 2.\u010das\u0165 - Slan\u00e9 deti<\/title>\n<meta name=\"description\" content=\"Priemern\u00fd vek, ktor\u00e9ho sa \u017eeny s CF do\u017e\u00edvaj\u00fa, je ni\u017e\u0161\u00ed, ako vek mu\u017eov. \u017deny maj\u00fa tie\u017e tendenciu k rap\u00eddnej\u0161iemu zhor\u0161ovaniu p\u013e\u00facnych funkci\u00ed.\" \/>\n<meta name=\"robots\" content=\"index, follow, max-snippet:-1, max-image-preview:large, max-video-preview:-1\" \/>\n<link rel=\"canonical\" href=\"https:\/\/slanedeti.sk\/cms\/genderove-rozdiely-pacientov-s-cystickou-fibrozou-2-cast-3\/938\" \/>\n<meta property=\"og:locale\" content=\"sk_SK\" \/>\n<meta property=\"og:type\" content=\"article\" \/>\n<meta property=\"og:title\" content=\"Genderov\u00e9 rozdiely pacientov s cystickou fibr\u00f3zou - 2.\u010das\u0165 - Slan\u00e9 deti\" \/>\n<meta property=\"og:description\" content=\"Priemern\u00fd vek, ktor\u00e9ho sa \u017eeny s CF do\u017e\u00edvaj\u00fa, je ni\u017e\u0161\u00ed, ako vek mu\u017eov. \u017deny maj\u00fa tie\u017e tendenciu k rap\u00eddnej\u0161iemu zhor\u0161ovaniu p\u013e\u00facnych funkci\u00ed.\" \/>\n<meta property=\"og:url\" content=\"https:\/\/slanedeti.sk\/cms\/genderove-rozdiely-pacientov-s-cystickou-fibrozou-2-cast-3\/938\" \/>\n<meta property=\"og:site_name\" content=\"Slan\u00e9 deti\" \/>\n<meta property=\"article:publisher\" content=\"http:\/\/www.facebook.com\/slanedeti\" \/>\n<meta property=\"article:published_time\" content=\"2013-12-10T18:57:07+00:00\" \/>\n<meta property=\"article:modified_time\" content=\"2013-12-31T16:24:03+00:00\" \/>\n<meta property=\"og:image\" content=\"https:\/\/slanedeti.sk\/cms\/wp-content\/uploads\/2013\/12\/kresba_svadba.jpg\" \/>\n\t<meta property=\"og:image:width\" content=\"2000\" \/>\n\t<meta property=\"og:image:height\" content=\"2000\" \/>\n\t<meta property=\"og:image:type\" content=\"image\/jpeg\" \/>\n<meta name=\"author\" content=\"Martina Ondreji\u010dkov\u00e1\" \/>\n<meta name=\"twitter:label1\" content=\"Autor\" \/>\n\t<meta name=\"twitter:data1\" content=\"Martina Ondreji\u010dkov\u00e1\" \/>\n\t<meta name=\"twitter:label2\" content=\"Predpokladan\u00fd \u010das \u010d\u00edtania\" \/>\n\t<meta name=\"twitter:data2\" content=\"5 min\u00fat\" \/>\n<script type=\"application\/ld+json\" class=\"yoast-schema-graph\">{\"@context\":\"https:\\\/\\\/schema.org\",\"@graph\":[{\"@type\":\"Article\",\"@id\":\"https:\\\/\\\/slanedeti.sk\\\/cms\\\/genderove-rozdiely-pacientov-s-cystickou-fibrozou-2-cast-3\\\/938#article\",\"isPartOf\":{\"@id\":\"https:\\\/\\\/slanedeti.sk\\\/cms\\\/genderove-rozdiely-pacientov-s-cystickou-fibrozou-2-cast-3\\\/938\"},\"author\":{\"name\":\"Martina Ondreji\u010dkov\u00e1\",\"@id\":\"https:\\\/\\\/slanedeti.sk\\\/cms\\\/#\\\/schema\\\/person\\\/533fb80bc91e78157014b20fef001594\"},\"headline\":\"Genderov\u00e9 rozdiely pacientov s cystickou fibr\u00f3zou &#8211; 2.\u010das\u0165\",\"datePublished\":\"2013-12-10T18:57:07+00:00\",\"dateModified\":\"2013-12-31T16:24:03+00:00\",\"mainEntityOfPage\":{\"@id\":\"https:\\\/\\\/slanedeti.sk\\\/cms\\\/genderove-rozdiely-pacientov-s-cystickou-fibrozou-2-cast-3\\\/938\"},\"wordCount\":1059,\"image\":{\"@id\":\"https:\\\/\\\/slanedeti.sk\\\/cms\\\/genderove-rozdiely-pacientov-s-cystickou-fibrozou-2-cast-3\\\/938#primaryimage\"},\"thumbnailUrl\":\"https:\\\/\\\/slanedeti.sk\\\/cms\\\/wp-content\\\/uploads\\\/2013\\\/12\\\/kresba_svadba.jpg\",\"articleSection\":[\"O cystickej fibr\u00f3ze\"],\"inLanguage\":\"sk-SK\"},{\"@type\":\"WebPage\",\"@id\":\"https:\\\/\\\/slanedeti.sk\\\/cms\\\/genderove-rozdiely-pacientov-s-cystickou-fibrozou-2-cast-3\\\/938\",\"url\":\"https:\\\/\\\/slanedeti.sk\\\/cms\\\/genderove-rozdiely-pacientov-s-cystickou-fibrozou-2-cast-3\\\/938\",\"name\":\"Genderov\u00e9 rozdiely pacientov s cystickou fibr\u00f3zou - 2.\u010das\u0165 - Slan\u00e9 deti\",\"isPartOf\":{\"@id\":\"https:\\\/\\\/slanedeti.sk\\\/cms\\\/#website\"},\"primaryImageOfPage\":{\"@id\":\"https:\\\/\\\/slanedeti.sk\\\/cms\\\/genderove-rozdiely-pacientov-s-cystickou-fibrozou-2-cast-3\\\/938#primaryimage\"},\"image\":{\"@id\":\"https:\\\/\\\/slanedeti.sk\\\/cms\\\/genderove-rozdiely-pacientov-s-cystickou-fibrozou-2-cast-3\\\/938#primaryimage\"},\"thumbnailUrl\":\"https:\\\/\\\/slanedeti.sk\\\/cms\\\/wp-content\\\/uploads\\\/2013\\\/12\\\/kresba_svadba.jpg\",\"datePublished\":\"2013-12-10T18:57:07+00:00\",\"dateModified\":\"2013-12-31T16:24:03+00:00\",\"author\":{\"@id\":\"https:\\\/\\\/slanedeti.sk\\\/cms\\\/#\\\/schema\\\/person\\\/533fb80bc91e78157014b20fef001594\"},\"description\":\"Priemern\u00fd vek, ktor\u00e9ho sa \u017eeny s CF do\u017e\u00edvaj\u00fa, je ni\u017e\u0161\u00ed, ako vek mu\u017eov. \u017deny maj\u00fa tie\u017e tendenciu k rap\u00eddnej\u0161iemu zhor\u0161ovaniu p\u013e\u00facnych funkci\u00ed.\",\"inLanguage\":\"sk-SK\",\"potentialAction\":[{\"@type\":\"ReadAction\",\"target\":[\"https:\\\/\\\/slanedeti.sk\\\/cms\\\/genderove-rozdiely-pacientov-s-cystickou-fibrozou-2-cast-3\\\/938\"]}]},{\"@type\":\"ImageObject\",\"inLanguage\":\"sk-SK\",\"@id\":\"https:\\\/\\\/slanedeti.sk\\\/cms\\\/genderove-rozdiely-pacientov-s-cystickou-fibrozou-2-cast-3\\\/938#primaryimage\",\"url\":\"https:\\\/\\\/slanedeti.sk\\\/cms\\\/wp-content\\\/uploads\\\/2013\\\/12\\\/kresba_svadba.jpg\",\"contentUrl\":\"https:\\\/\\\/slanedeti.sk\\\/cms\\\/wp-content\\\/uploads\\\/2013\\\/12\\\/kresba_svadba.jpg\",\"width\":2000,\"height\":2000,\"caption\":\"kresba_svadba\"},{\"@type\":\"WebSite\",\"@id\":\"https:\\\/\\\/slanedeti.sk\\\/cms\\\/#website\",\"url\":\"https:\\\/\\\/slanedeti.sk\\\/cms\\\/\",\"name\":\"Slan\u00e9 deti\",\"description\":\"Inform\u00e1cie o cystickej fibr\u00f3ze\",\"potentialAction\":[{\"@type\":\"SearchAction\",\"target\":{\"@type\":\"EntryPoint\",\"urlTemplate\":\"https:\\\/\\\/slanedeti.sk\\\/cms\\\/?s={search_term_string}\"},\"query-input\":{\"@type\":\"PropertyValueSpecification\",\"valueRequired\":true,\"valueName\":\"search_term_string\"}}],\"inLanguage\":\"sk-SK\"},{\"@type\":\"Person\",\"@id\":\"https:\\\/\\\/slanedeti.sk\\\/cms\\\/#\\\/schema\\\/person\\\/533fb80bc91e78157014b20fef001594\",\"name\":\"Martina Ondreji\u010dkov\u00e1\",\"url\":\"https:\\\/\\\/slanedeti.sk\\\/cms\\\/author\\\/martina\"}]}<\/script>\n<!-- \/ Yoast SEO plugin. -->","yoast_head_json":{"title":"Genderov\u00e9 rozdiely pacientov s cystickou fibr\u00f3zou - 2.\u010das\u0165 - Slan\u00e9 deti","description":"Priemern\u00fd vek, ktor\u00e9ho sa \u017eeny s CF do\u017e\u00edvaj\u00fa, je ni\u017e\u0161\u00ed, ako vek mu\u017eov. \u017deny maj\u00fa tie\u017e tendenciu k rap\u00eddnej\u0161iemu zhor\u0161ovaniu p\u013e\u00facnych funkci\u00ed.","robots":{"index":"index","follow":"follow","max-snippet":"max-snippet:-1","max-image-preview":"max-image-preview:large","max-video-preview":"max-video-preview:-1"},"canonical":"https:\/\/slanedeti.sk\/cms\/genderove-rozdiely-pacientov-s-cystickou-fibrozou-2-cast-3\/938","og_locale":"sk_SK","og_type":"article","og_title":"Genderov\u00e9 rozdiely pacientov s cystickou fibr\u00f3zou - 2.\u010das\u0165 - Slan\u00e9 deti","og_description":"Priemern\u00fd vek, ktor\u00e9ho sa \u017eeny s CF do\u017e\u00edvaj\u00fa, je ni\u017e\u0161\u00ed, ako vek mu\u017eov. \u017deny maj\u00fa tie\u017e tendenciu k rap\u00eddnej\u0161iemu zhor\u0161ovaniu p\u013e\u00facnych funkci\u00ed.","og_url":"https:\/\/slanedeti.sk\/cms\/genderove-rozdiely-pacientov-s-cystickou-fibrozou-2-cast-3\/938","og_site_name":"Slan\u00e9 deti","article_publisher":"http:\/\/www.facebook.com\/slanedeti","article_published_time":"2013-12-10T18:57:07+00:00","article_modified_time":"2013-12-31T16:24:03+00:00","og_image":[{"width":2000,"height":2000,"url":"https:\/\/slanedeti.sk\/cms\/wp-content\/uploads\/2013\/12\/kresba_svadba.jpg","type":"image\/jpeg"}],"author":"Martina Ondreji\u010dkov\u00e1","twitter_misc":{"Autor":"Martina Ondreji\u010dkov\u00e1","Predpokladan\u00fd \u010das \u010d\u00edtania":"5 min\u00fat"},"schema":{"@context":"https:\/\/schema.org","@graph":[{"@type":"Article","@id":"https:\/\/slanedeti.sk\/cms\/genderove-rozdiely-pacientov-s-cystickou-fibrozou-2-cast-3\/938#article","isPartOf":{"@id":"https:\/\/slanedeti.sk\/cms\/genderove-rozdiely-pacientov-s-cystickou-fibrozou-2-cast-3\/938"},"author":{"name":"Martina Ondreji\u010dkov\u00e1","@id":"https:\/\/slanedeti.sk\/cms\/#\/schema\/person\/533fb80bc91e78157014b20fef001594"},"headline":"Genderov\u00e9 rozdiely pacientov s cystickou fibr\u00f3zou &#8211; 2.\u010das\u0165","datePublished":"2013-12-10T18:57:07+00:00","dateModified":"2013-12-31T16:24:03+00:00","mainEntityOfPage":{"@id":"https:\/\/slanedeti.sk\/cms\/genderove-rozdiely-pacientov-s-cystickou-fibrozou-2-cast-3\/938"},"wordCount":1059,"image":{"@id":"https:\/\/slanedeti.sk\/cms\/genderove-rozdiely-pacientov-s-cystickou-fibrozou-2-cast-3\/938#primaryimage"},"thumbnailUrl":"https:\/\/slanedeti.sk\/cms\/wp-content\/uploads\/2013\/12\/kresba_svadba.jpg","articleSection":["O cystickej fibr\u00f3ze"],"inLanguage":"sk-SK"},{"@type":"WebPage","@id":"https:\/\/slanedeti.sk\/cms\/genderove-rozdiely-pacientov-s-cystickou-fibrozou-2-cast-3\/938","url":"https:\/\/slanedeti.sk\/cms\/genderove-rozdiely-pacientov-s-cystickou-fibrozou-2-cast-3\/938","name":"Genderov\u00e9 rozdiely pacientov s cystickou fibr\u00f3zou - 2.\u010das\u0165 - Slan\u00e9 deti","isPartOf":{"@id":"https:\/\/slanedeti.sk\/cms\/#website"},"primaryImageOfPage":{"@id":"https:\/\/slanedeti.sk\/cms\/genderove-rozdiely-pacientov-s-cystickou-fibrozou-2-cast-3\/938#primaryimage"},"image":{"@id":"https:\/\/slanedeti.sk\/cms\/genderove-rozdiely-pacientov-s-cystickou-fibrozou-2-cast-3\/938#primaryimage"},"thumbnailUrl":"https:\/\/slanedeti.sk\/cms\/wp-content\/uploads\/2013\/12\/kresba_svadba.jpg","datePublished":"2013-12-10T18:57:07+00:00","dateModified":"2013-12-31T16:24:03+00:00","author":{"@id":"https:\/\/slanedeti.sk\/cms\/#\/schema\/person\/533fb80bc91e78157014b20fef001594"},"description":"Priemern\u00fd vek, ktor\u00e9ho sa \u017eeny s CF do\u017e\u00edvaj\u00fa, je ni\u017e\u0161\u00ed, ako vek mu\u017eov. \u017deny maj\u00fa tie\u017e tendenciu k rap\u00eddnej\u0161iemu zhor\u0161ovaniu p\u013e\u00facnych funkci\u00ed.","inLanguage":"sk-SK","potentialAction":[{"@type":"ReadAction","target":["https:\/\/slanedeti.sk\/cms\/genderove-rozdiely-pacientov-s-cystickou-fibrozou-2-cast-3\/938"]}]},{"@type":"ImageObject","inLanguage":"sk-SK","@id":"https:\/\/slanedeti.sk\/cms\/genderove-rozdiely-pacientov-s-cystickou-fibrozou-2-cast-3\/938#primaryimage","url":"https:\/\/slanedeti.sk\/cms\/wp-content\/uploads\/2013\/12\/kresba_svadba.jpg","contentUrl":"https:\/\/slanedeti.sk\/cms\/wp-content\/uploads\/2013\/12\/kresba_svadba.jpg","width":2000,"height":2000,"caption":"kresba_svadba"},{"@type":"WebSite","@id":"https:\/\/slanedeti.sk\/cms\/#website","url":"https:\/\/slanedeti.sk\/cms\/","name":"Slan\u00e9 deti","description":"Inform\u00e1cie o cystickej fibr\u00f3ze","potentialAction":[{"@type":"SearchAction","target":{"@type":"EntryPoint","urlTemplate":"https:\/\/slanedeti.sk\/cms\/?s={search_term_string}"},"query-input":{"@type":"PropertyValueSpecification","valueRequired":true,"valueName":"search_term_string"}}],"inLanguage":"sk-SK"},{"@type":"Person","@id":"https:\/\/slanedeti.sk\/cms\/#\/schema\/person\/533fb80bc91e78157014b20fef001594","name":"Martina Ondreji\u010dkov\u00e1","url":"https:\/\/slanedeti.sk\/cms\/author\/martina"}]}},"_links":{"self":[{"href":"https:\/\/slanedeti.sk\/cms\/wp-json\/wp\/v2\/posts\/938","targetHints":{"allow":["GET"]}}],"collection":[{"href":"https:\/\/slanedeti.sk\/cms\/wp-json\/wp\/v2\/posts"}],"about":[{"href":"https:\/\/slanedeti.sk\/cms\/wp-json\/wp\/v2\/types\/post"}],"author":[{"embeddable":true,"href":"https:\/\/slanedeti.sk\/cms\/wp-json\/wp\/v2\/users\/10"}],"replies":[{"embeddable":true,"href":"https:\/\/slanedeti.sk\/cms\/wp-json\/wp\/v2\/comments?post=938"}],"version-history":[{"count":0,"href":"https:\/\/slanedeti.sk\/cms\/wp-json\/wp\/v2\/posts\/938\/revisions"}],"wp:featuredmedia":[{"embeddable":true,"href":"https:\/\/slanedeti.sk\/cms\/wp-json\/wp\/v2\/media\/948"}],"wp:attachment":[{"href":"https:\/\/slanedeti.sk\/cms\/wp-json\/wp\/v2\/media?parent=938"}],"wp:term":[{"taxonomy":"category","embeddable":true,"href":"https:\/\/slanedeti.sk\/cms\/wp-json\/wp\/v2\/categories?post=938"},{"taxonomy":"post_tag","embeddable":true,"href":"https:\/\/slanedeti.sk\/cms\/wp-json\/wp\/v2\/tags?post=938"}],"curies":[{"name":"wp","href":"https:\/\/api.w.org\/{rel}","templated":true}]}}