{"id":887,"date":"2012-01-29T17:03:23","date_gmt":"2012-01-29T15:03:23","guid":{"rendered":"http:\/\/slanedeti.sk\/cms\/cysticka-fibroza-a-cestovanie-1-priprava-pred-cestou-2\/201201"},"modified":"2014-01-04T20:58:21","modified_gmt":"2014-01-04T19:58:21","slug":"cysticka-fibroza-a-cestovanie-1-priprava-pred-cestou-2","status":"publish","type":"post","link":"https:\/\/slanedeti.sk\/cms\/cysticka-fibroza-a-cestovanie-1-priprava-pred-cestou-2\/887","title":{"rendered":"Cystick\u00e1 fibr\u00f3za a cestovanie 1: Pr\u00edprava pred cestou"},"content":{"rendered":"<p>V\u0161etci chceme cestova\u0165 a spozn\u00e1va\u0165 nov\u00e9 krajiny. Pacienti s cystickou fibr\u00f3zou (CF) maj\u00fa predsa len ur\u010dit\u00e9 obmedzenia pri cestovan\u00ed. Na cestu sa musia d\u00f4slednej\u0161ie pripravi\u0165 a k tomu by im mal pom\u00f4c\u0165 aj tento dokument, ktor\u00fd V\u00e1m budeme predklada\u0165 \u010diastkovo. 1. \u010das\u0165 je \u00favodom do problematiky.<\/p>\n<p>Pred\u013a\u017eenie priemernej d\u013a\u017eky \u017eivota a jeho zlep\u0161en\u00e1 kvalita, zaznamenan\u00e9 v posledn\u00fdch troch dek\u00e1dach, umo\u017e\u0148uj\u00fa \u013eu\u010fom s CF participova\u0165 na v\u0161etk\u00fdch podob\u00e1ch modern\u00e9ho \u017eivota vr\u00e1tane turizmu. \u017delanie cestova\u0165 by sa malo re\u0161pektova\u0165 a podporova\u0165 s oh\u013eadom na pacientov zdravotn\u00fd stav. Rizik\u00e1 s\u00favisiace s cestovan\u00edm m\u00f4\u017eu by\u0165 u pacientov s CF vy\u0161\u0161ie ako u zdrav\u00fdch \u013eud\u00ed.<\/p>\n<p>Cestovanie v krajine, kde nie je \u0161pecializovan\u00e1 starostlivos\u0165 o pacientov s CF, m\u00f4\u017ee by\u0165 ve\u013emi n\u00e1ro\u010dn\u00e9. V z\u00e1ujme zaistenia bezpe\u010dn\u00e9ho a pohodln\u00e9ho cestovania je pred cestou potrebn\u00e1 detailn\u00e1 pr\u00edprava, zdravotn\u00e9 vy\u0161etrenie a porada s lek\u00e1rom. O\u0161etruj\u00facemu person\u00e1lu pacienti s CF \u010doraz \u010dastej\u0161ie klad\u00fa ot\u00e1zky s\u00favisiace s cestovan\u00edm, a t\u00e1to skuto\u010dnos\u0165 sa tie\u017e odzrkad\u013euje na zv\u00fd\u0161enom po\u010dte dopytov t\u00fdkaj\u00facich sa tejto problematiky na internetovej str\u00e1nke odborn\u00e9ho poradenstva ECORN-CF (<a href=\"http:\/\/www.ecorn-cf.eu\/\">http:\/\/www.ecorn-cf.eu\/<\/a>).<\/p>\n<div style=\"text-align: center;\"><img loading=\"lazy\" decoding=\"async\" class=\"aligncenter\" style=\"border: 0px; margin-top: 20px; margin-bottom: 20px;\" title=\"201201291558_cestovanie_plaz\" alt=\"201201291558_cestovanie_plaz\" src=\"https:\/\/slanedeti.sk\/cms\/picture_migration\/201201291558_cestovanie_plaz.jpg\" width=\"350\" height=\"233\" border=\"0\" \/><\/div>\n<p>Na pomoc o\u0161etrovate\u013esk\u00e9mu t\u00edmu CFk\u00e1rov pri hodnoten\u00ed a sledovan\u00ed zdravotn\u00e9ho stavu pacientov a pri prevencii zhor\u0161enia klinick\u00e9ho stavu bolo nap\u00edsan\u00fdch nieko\u013eko smern\u00edc (k dispoz\u00edcii na <a href=\"http:\/\/www.ecfs.eu\/\">http:\/\/www.ecfs.eu\/<\/a>). Neexistuj\u00fa v\u0161ak \u017eiadne eur\u00f3pske odpor\u00fa\u010dania, ktor\u00e9 by sa vz\u0165ahovali \u0161peci\u00e1lne na probl\u00e9my cestovania.<\/p>\n<p>Cie\u013eom tohto dokumentu je poskytn\u00fa\u0165 odborn\u00e9 rady oh\u013eadne cestovania pre \u013eud\u00ed s CF a pom\u00f4c\u0165 im zodpovedne si napl\u00e1nova\u0165 zahrani\u010dn\u00fd pobyt. D\u00fafame, \u017ee tieto odpor\u00fa\u010dania pr\u00edjmu v\u0161etky eur\u00f3pske centr\u00e1 CF ako b\u00e1zu zlep\u0161enia starostlivosti o pacientov. Mo\u017eno bude potrebn\u00e9 odborne vy\u0161koli\u0165 \u010dlenov o\u0161etrovate\u013esk\u00fdch t\u00edmov, pokia\u013e ide o poskytnutie r\u00e1d, s\u00favisiacich s cestovan\u00edm a vych\u00e1dzaj\u00facich z inform\u00e1ci\u00ed uveden\u00fdch v tomto preh\u013eade.<br \/>\nV r\u00e1mci syst\u00e9mu medzin\u00e1rodn\u00e9ho odborn\u00e9ho poradenstva projektu ECORN-CF pacienti a \u010dlenovia o\u0161etrovate\u013esk\u00fdch t\u00edmov polo\u017eili ve\u013ea ot\u00e1zok s\u00favisiacich s t\u00e9mou \u201ecestovanie s CF\u201c a vy\u0161lo najavo, \u017ee vyhodnoti\u0165 kvalitu odpoved\u00ed je \u0165a\u017ek\u00e9, ke\u010f\u017ee nie je k dispoz\u00edcii \u017eiadna v\u0161eobecne prijat\u00e1 smernica. Preto \u0161tudijn\u00e1 skupina ECORN-CF zvolila t\u00fato t\u00e9mu za \u201evyhl\u00e1senia o konsenze\u201c. Na z\u00e1klade systematick\u00e9ho pre\u0161tudovania literat\u00fary (vyh\u013ead\u00e1van\u00e9 term\u00edny: CF A\/ALEBO chronic lung diseasae (chronick\u00e1 p\u013e\u00facna choroba) A travelling (cestovanie) A\/ALEBO vacation (pr\u00e1zdniny) A\/ALEBO holiday (dovolenka) A\/ALEBO sports (\u0161porty) pracovn\u00e9 skupiny pre \u0161pecifick\u00e9 podt\u00e9my vypracovali prv\u00e9 n\u00e1vrhy rukopisn\u00fdch modulov. Tieto n\u00e1vrhy boli \u010falej v\u0161etk\u00fdmi uveden\u00fdmi autormi spracovan\u00e9 pod\u013ea modifikovanej delfskej met\u00f3dy (redukovanej na dve opakovania). Ak ch\u00fdbali d\u00f4kazy a tie\u017e v\u0161ade tam, kde nemohol by\u0165 dosiahnut\u00fd jednomyse\u013en\u00fd s\u00fahlas, sa dohoda medzi autormi dosiahla na konsenzu\u00e1lnych konferenci\u00e1ch, ktor\u00e9 sa konali v nemeckom Frankfurte nad Mohanom (5.11.2008) a v Prahe, v \u010ceskej republike (6. a 7. 10. 2009), na ktor\u00fdch sa z\u00fa\u010dastnili v\u0161etci \u010dlenovia \u0161tudijnej skupiny ECORN.<\/p>\n<p>Pri pr\u00edprave na svoj zahrani\u010dn\u00fd pobyt si musia pacienti uvedomi\u0165, \u017ee centrum CF nemus\u00ed by\u0165 v\u017edy nabl\u00edzku, \u010do m\u00f4\u017ee ma\u0165 z\u00e1sadn\u00fa d\u00f4le\u017eitos\u0165, ak sa ich stav zhor\u0161\u00ed. Ak po\u010das cesty vznikn\u00fa \u0165a\u017ekosti, osoby chor\u00e9 na CF by sa najprv mali spoji\u0165 so svoj\u00edm dom\u00e1cim CF centrom.<\/p>\n<p>CF centr\u00e1 by mali ka\u017ed\u00e9mu pacientovi pred dovolenkou\/pred cestou poskytn\u00fa\u0165 d\u00f4kladne vypracovan\u00fd lek\u00e1rsky posudok, sk\u00f4r ako ods\u00fahlasia, \u017ee je schopn\u00fd zvl\u00e1dnu\u0165 cestu. Absol\u00fatnych kontraindik\u00e1ci\u00ed cestovania je len m\u00e1lo, je v\u0161ak rozumn\u00e9, aby osoby s CF zv\u00e1\u017eili, ak\u00fd m\u00f4\u017ee ma\u0165 na nich cestovanie vplyv a n\u00e1le\u017eite sa na to pripravili. Pred odchodom na cestu by mal by\u0165 ich klinick\u00fd stav optimalizovan\u00fd. Niektor\u00ed pacienti to dosiahnu pomocou intenz\u00edvnej lie\u010dby intraven\u00f3znymi antibiotikami po\u010das dvoch\/troch t\u00fd\u017ed\u0148ov pred cestou.<\/p>\n<p>Pacienti m\u00f4\u017eu cestova\u0165 do in\u00fdch klimatick\u00fdch podmienok a rizik\u00e1 spojen\u00e9 s dehydrat\u00e1ciou m\u00f4\u017eu by\u0165 pre jednotlivcov s CF v\u00fdrazn\u00e9, taktie\u017e dopad vystavenia sa vysok\u00fdm koncentr\u00e1ci\u00e1m oz\u00f3nu, zne\u010disten\u00e9mu ovzdu\u0161iu, infek\u010dn\u00fdm organizmom (\u0161\u00edren\u00fdm vzduchom, stravou, a zlou hygienou) m\u00f4\u017ee by\u0165 v\u00e4\u010d\u0161\u00ed u os\u00f4b s chronick\u00fdmi chorobami, ako napr. CF.<\/p>\n<p>Treba tie\u017e vzia\u0165 do \u00favahy logistick\u00e9 ot\u00e1zky, ako dostatok \u010dasu, priestoru a vybavenia pre terapiu, vhodn\u00e9 skladovanie liekov a pr\u00edstup k lek\u00e1rskej starostlivosti. Cestovanie m\u00f4\u017ee sp\u00f4sobi\u0165 \u00fanavu, stres a kinet\u00f3zu. Pacienti sa mo\u017eno bud\u00fa zap\u00e1ja\u0165 do \u010dinnost\u00ed, ktor\u00e1 sa l\u00ed\u0161ia od t\u00fdch obvykl\u00fdch. Niekedy mus\u00ed \u010dlen o\u0161etruj\u00faceho t\u00edmu poda\u0165 spr\u00e1vu, \u017ee osoba s CF nie je zdravotne sp\u00f4sobil\u00e1 cestova\u0165, a odmietnu\u0165 podp\u00edsa\u0165 pois\u0165ovacie dokumenty. Pokia\u013e nejde o cestu za lek\u00e1rskym o\u0161etren\u00edm, pacienti s nestabilizovan\u00fdm stavom, ako je napr. ak\u00fatna p\u013e\u00facna exacerb\u00e1cia, hemopt\u00fdza, gastrointestin\u00e1lna ob\u0161trukcia alebo nekontrolovan\u00fd diabetes, by mali svoju cestu odlo\u017ei\u0165 dovtedy, k\u00fdm sa ich zdravotn\u00fd stav nestabilizuje.<\/p>\n<blockquote><p><strong>\u013dudia s CF sa musia na cestu dobre pripravi\u0165 a pri uva\u017eovan\u00ed o ceste do inej krajiny by sa mali poradi\u0165 s t\u00edmom zo svojho CF centra.\u00a0Ak po\u010das cesty nastan\u00fa probl\u00e9my, jednotlivci s CF by mali najprv kontaktova\u0165 svoje dom\u00e1ce CF centrum. <\/strong><\/p><\/blockquote>\n<p>&nbsp;<\/p>\n<p><em>Zdroj: Travelling with cystic fibrosis: Recommendations for patients and care Team members <\/em><a href=\"http:\/\/www.ecfs.eu\/ecfs_guidelines\"><em>http:\/\/www.ecfs.eu\/ecfs_guidelines<\/em><\/a><\/p>\n","protected":false},"excerpt":{"rendered":"<p>V&scaron;etci chceme cestova&#357; a spozn&aacute;va&#357; nov&eacute; krajiny. Pacienti s cystickou fibr&oacute;zou (CF) maj&uacute; predsa len ur&#269;it&eacute; obmedzenia pri cestovan&iacute;. Na cestu sa musia d&ocirc;slednej&scaron;ie pripravi&#357; a k tomu by im mal pom&ocirc;c&#357; aj tento dokument, ktor&yacute; V&aacute;m budeme predklada&#357; &#269;iastkovo. &hellip; <a href=\"https:\/\/slanedeti.sk\/cms\/cysticka-fibroza-a-cestovanie-1-priprava-pred-cestou-2\/887\">Continued<\/a><\/p>\n","protected":false},"author":3,"featured_media":1224,"comment_status":"closed","ping_status":"closed","sticky":false,"template":"","format":"standard","meta":{"kt_blocks_editor_width":"","footnotes":""},"categories":[250],"tags":[88,187],"class_list":["post-887","post","type-post","status-publish","format-standard","has-post-thumbnail","hentry","category-zivot-s-cystickou-fibrozou","tag-cestovanie","tag-cestovanie-s-cystickou-fibrozou"],"yoast_head":"<!-- This site is optimized with the Yoast SEO plugin v27.5 - https:\/\/yoast.com\/product\/yoast-seo-wordpress\/ -->\n<title>Cystick\u00e1 fibr\u00f3za a cestovanie 1: Pr\u00edprava pred cestou - Slan\u00e9 deti<\/title>\n<meta name=\"description\" content=\"Pacienti s cystickou fibr\u00f3zou maj\u00fa ur\u010dit\u00e9 obmedzenia pri cestovan\u00ed. Na cestu sa musia d\u00f4slednej\u0161ie pripravi\u0165. Prv\u00e1 \u010das\u0165 obsahuje \u00favod do problematiky.\" \/>\n<meta name=\"robots\" content=\"index, follow, max-snippet:-1, max-image-preview:large, max-video-preview:-1\" \/>\n<link rel=\"canonical\" href=\"https:\/\/slanedeti.sk\/cms\/cysticka-fibroza-a-cestovanie-1-priprava-pred-cestou-2\/887\" \/>\n<meta property=\"og:locale\" content=\"sk_SK\" \/>\n<meta property=\"og:type\" content=\"article\" \/>\n<meta property=\"og:title\" content=\"Cystick\u00e1 fibr\u00f3za a cestovanie 1: Pr\u00edprava pred cestou - Slan\u00e9 deti\" \/>\n<meta property=\"og:description\" content=\"Pacienti s cystickou fibr\u00f3zou maj\u00fa ur\u010dit\u00e9 obmedzenia pri cestovan\u00ed. Na cestu sa musia d\u00f4slednej\u0161ie pripravi\u0165. Prv\u00e1 \u010das\u0165 obsahuje \u00favod do problematiky.\" \/>\n<meta property=\"og:url\" content=\"https:\/\/slanedeti.sk\/cms\/cysticka-fibroza-a-cestovanie-1-priprava-pred-cestou-2\/887\" \/>\n<meta property=\"og:site_name\" content=\"Slan\u00e9 deti\" \/>\n<meta property=\"article:publisher\" content=\"http:\/\/www.facebook.com\/slanedeti\" \/>\n<meta property=\"article:published_time\" content=\"2012-01-29T15:03:23+00:00\" \/>\n<meta property=\"article:modified_time\" content=\"2014-01-04T19:58:21+00:00\" \/>\n<meta property=\"og:image\" content=\"https:\/\/slanedeti.sk\/cms\/wp-content\/uploads\/2012\/01\/cestovanie_plaz.jpg\" \/>\n\t<meta property=\"og:image:width\" content=\"350\" \/>\n\t<meta property=\"og:image:height\" content=\"233\" \/>\n\t<meta property=\"og:image:type\" content=\"image\/jpeg\" \/>\n<meta name=\"author\" content=\"Kika\" \/>\n<meta name=\"twitter:label1\" content=\"Autor\" \/>\n\t<meta name=\"twitter:data1\" content=\"Kika\" \/>\n\t<meta name=\"twitter:label2\" content=\"Predpokladan\u00fd \u010das \u010d\u00edtania\" \/>\n\t<meta name=\"twitter:data2\" content=\"5 min\u00fat\" \/>\n<script type=\"application\/ld+json\" class=\"yoast-schema-graph\">{\"@context\":\"https:\\\/\\\/schema.org\",\"@graph\":[{\"@type\":\"Article\",\"@id\":\"https:\\\/\\\/slanedeti.sk\\\/cms\\\/cysticka-fibroza-a-cestovanie-1-priprava-pred-cestou-2\\\/887#article\",\"isPartOf\":{\"@id\":\"https:\\\/\\\/slanedeti.sk\\\/cms\\\/cysticka-fibroza-a-cestovanie-1-priprava-pred-cestou-2\\\/887\"},\"author\":{\"name\":\"Kika\",\"@id\":\"https:\\\/\\\/slanedeti.sk\\\/cms\\\/#\\\/schema\\\/person\\\/8d4185e268823ccbc166a1895f1b7938\"},\"headline\":\"Cystick\u00e1 fibr\u00f3za a cestovanie 1: Pr\u00edprava pred cestou\",\"datePublished\":\"2012-01-29T15:03:23+00:00\",\"dateModified\":\"2014-01-04T19:58:21+00:00\",\"mainEntityOfPage\":{\"@id\":\"https:\\\/\\\/slanedeti.sk\\\/cms\\\/cysticka-fibroza-a-cestovanie-1-priprava-pred-cestou-2\\\/887\"},\"wordCount\":1000,\"image\":{\"@id\":\"https:\\\/\\\/slanedeti.sk\\\/cms\\\/cysticka-fibroza-a-cestovanie-1-priprava-pred-cestou-2\\\/887#primaryimage\"},\"thumbnailUrl\":\"https:\\\/\\\/slanedeti.sk\\\/cms\\\/wp-content\\\/uploads\\\/2012\\\/01\\\/cestovanie_plaz.jpg\",\"keywords\":[\"cestovanie\",\"cestovanie s cystickou fibr\u00f3zou\"],\"articleSection\":[\"\u017divot s cystickou fibr\u00f3zou\"],\"inLanguage\":\"sk-SK\"},{\"@type\":\"WebPage\",\"@id\":\"https:\\\/\\\/slanedeti.sk\\\/cms\\\/cysticka-fibroza-a-cestovanie-1-priprava-pred-cestou-2\\\/887\",\"url\":\"https:\\\/\\\/slanedeti.sk\\\/cms\\\/cysticka-fibroza-a-cestovanie-1-priprava-pred-cestou-2\\\/887\",\"name\":\"Cystick\u00e1 fibr\u00f3za a cestovanie 1: Pr\u00edprava pred cestou - Slan\u00e9 deti\",\"isPartOf\":{\"@id\":\"https:\\\/\\\/slanedeti.sk\\\/cms\\\/#website\"},\"primaryImageOfPage\":{\"@id\":\"https:\\\/\\\/slanedeti.sk\\\/cms\\\/cysticka-fibroza-a-cestovanie-1-priprava-pred-cestou-2\\\/887#primaryimage\"},\"image\":{\"@id\":\"https:\\\/\\\/slanedeti.sk\\\/cms\\\/cysticka-fibroza-a-cestovanie-1-priprava-pred-cestou-2\\\/887#primaryimage\"},\"thumbnailUrl\":\"https:\\\/\\\/slanedeti.sk\\\/cms\\\/wp-content\\\/uploads\\\/2012\\\/01\\\/cestovanie_plaz.jpg\",\"datePublished\":\"2012-01-29T15:03:23+00:00\",\"dateModified\":\"2014-01-04T19:58:21+00:00\",\"author\":{\"@id\":\"https:\\\/\\\/slanedeti.sk\\\/cms\\\/#\\\/schema\\\/person\\\/8d4185e268823ccbc166a1895f1b7938\"},\"description\":\"Pacienti s cystickou fibr\u00f3zou maj\u00fa ur\u010dit\u00e9 obmedzenia pri cestovan\u00ed. Na cestu sa musia d\u00f4slednej\u0161ie pripravi\u0165. Prv\u00e1 \u010das\u0165 obsahuje \u00favod do problematiky.\",\"inLanguage\":\"sk-SK\",\"potentialAction\":[{\"@type\":\"ReadAction\",\"target\":[\"https:\\\/\\\/slanedeti.sk\\\/cms\\\/cysticka-fibroza-a-cestovanie-1-priprava-pred-cestou-2\\\/887\"]}]},{\"@type\":\"ImageObject\",\"inLanguage\":\"sk-SK\",\"@id\":\"https:\\\/\\\/slanedeti.sk\\\/cms\\\/cysticka-fibroza-a-cestovanie-1-priprava-pred-cestou-2\\\/887#primaryimage\",\"url\":\"https:\\\/\\\/slanedeti.sk\\\/cms\\\/wp-content\\\/uploads\\\/2012\\\/01\\\/cestovanie_plaz.jpg\",\"contentUrl\":\"https:\\\/\\\/slanedeti.sk\\\/cms\\\/wp-content\\\/uploads\\\/2012\\\/01\\\/cestovanie_plaz.jpg\",\"width\":350,\"height\":233,\"caption\":\"cestovanie_plaz\"},{\"@type\":\"WebSite\",\"@id\":\"https:\\\/\\\/slanedeti.sk\\\/cms\\\/#website\",\"url\":\"https:\\\/\\\/slanedeti.sk\\\/cms\\\/\",\"name\":\"Slan\u00e9 deti\",\"description\":\"Inform\u00e1cie o cystickej fibr\u00f3ze\",\"potentialAction\":[{\"@type\":\"SearchAction\",\"target\":{\"@type\":\"EntryPoint\",\"urlTemplate\":\"https:\\\/\\\/slanedeti.sk\\\/cms\\\/?s={search_term_string}\"},\"query-input\":{\"@type\":\"PropertyValueSpecification\",\"valueRequired\":true,\"valueName\":\"search_term_string\"}}],\"inLanguage\":\"sk-SK\"},{\"@type\":\"Person\",\"@id\":\"https:\\\/\\\/slanedeti.sk\\\/cms\\\/#\\\/schema\\\/person\\\/8d4185e268823ccbc166a1895f1b7938\",\"name\":\"Kika\",\"url\":\"https:\\\/\\\/slanedeti.sk\\\/cms\\\/author\\\/kika\"}]}<\/script>\n<!-- \/ Yoast SEO plugin. -->","yoast_head_json":{"title":"Cystick\u00e1 fibr\u00f3za a cestovanie 1: Pr\u00edprava pred cestou - Slan\u00e9 deti","description":"Pacienti s cystickou fibr\u00f3zou maj\u00fa ur\u010dit\u00e9 obmedzenia pri cestovan\u00ed. Na cestu sa musia d\u00f4slednej\u0161ie pripravi\u0165. Prv\u00e1 \u010das\u0165 obsahuje \u00favod do problematiky.","robots":{"index":"index","follow":"follow","max-snippet":"max-snippet:-1","max-image-preview":"max-image-preview:large","max-video-preview":"max-video-preview:-1"},"canonical":"https:\/\/slanedeti.sk\/cms\/cysticka-fibroza-a-cestovanie-1-priprava-pred-cestou-2\/887","og_locale":"sk_SK","og_type":"article","og_title":"Cystick\u00e1 fibr\u00f3za a cestovanie 1: Pr\u00edprava pred cestou - Slan\u00e9 deti","og_description":"Pacienti s cystickou fibr\u00f3zou maj\u00fa ur\u010dit\u00e9 obmedzenia pri cestovan\u00ed. Na cestu sa musia d\u00f4slednej\u0161ie pripravi\u0165. Prv\u00e1 \u010das\u0165 obsahuje \u00favod do problematiky.","og_url":"https:\/\/slanedeti.sk\/cms\/cysticka-fibroza-a-cestovanie-1-priprava-pred-cestou-2\/887","og_site_name":"Slan\u00e9 deti","article_publisher":"http:\/\/www.facebook.com\/slanedeti","article_published_time":"2012-01-29T15:03:23+00:00","article_modified_time":"2014-01-04T19:58:21+00:00","og_image":[{"width":350,"height":233,"url":"https:\/\/slanedeti.sk\/cms\/wp-content\/uploads\/2012\/01\/cestovanie_plaz.jpg","type":"image\/jpeg"}],"author":"Kika","twitter_misc":{"Autor":"Kika","Predpokladan\u00fd \u010das \u010d\u00edtania":"5 min\u00fat"},"schema":{"@context":"https:\/\/schema.org","@graph":[{"@type":"Article","@id":"https:\/\/slanedeti.sk\/cms\/cysticka-fibroza-a-cestovanie-1-priprava-pred-cestou-2\/887#article","isPartOf":{"@id":"https:\/\/slanedeti.sk\/cms\/cysticka-fibroza-a-cestovanie-1-priprava-pred-cestou-2\/887"},"author":{"name":"Kika","@id":"https:\/\/slanedeti.sk\/cms\/#\/schema\/person\/8d4185e268823ccbc166a1895f1b7938"},"headline":"Cystick\u00e1 fibr\u00f3za a cestovanie 1: Pr\u00edprava pred cestou","datePublished":"2012-01-29T15:03:23+00:00","dateModified":"2014-01-04T19:58:21+00:00","mainEntityOfPage":{"@id":"https:\/\/slanedeti.sk\/cms\/cysticka-fibroza-a-cestovanie-1-priprava-pred-cestou-2\/887"},"wordCount":1000,"image":{"@id":"https:\/\/slanedeti.sk\/cms\/cysticka-fibroza-a-cestovanie-1-priprava-pred-cestou-2\/887#primaryimage"},"thumbnailUrl":"https:\/\/slanedeti.sk\/cms\/wp-content\/uploads\/2012\/01\/cestovanie_plaz.jpg","keywords":["cestovanie","cestovanie s cystickou fibr\u00f3zou"],"articleSection":["\u017divot s cystickou fibr\u00f3zou"],"inLanguage":"sk-SK"},{"@type":"WebPage","@id":"https:\/\/slanedeti.sk\/cms\/cysticka-fibroza-a-cestovanie-1-priprava-pred-cestou-2\/887","url":"https:\/\/slanedeti.sk\/cms\/cysticka-fibroza-a-cestovanie-1-priprava-pred-cestou-2\/887","name":"Cystick\u00e1 fibr\u00f3za a cestovanie 1: Pr\u00edprava pred cestou - Slan\u00e9 deti","isPartOf":{"@id":"https:\/\/slanedeti.sk\/cms\/#website"},"primaryImageOfPage":{"@id":"https:\/\/slanedeti.sk\/cms\/cysticka-fibroza-a-cestovanie-1-priprava-pred-cestou-2\/887#primaryimage"},"image":{"@id":"https:\/\/slanedeti.sk\/cms\/cysticka-fibroza-a-cestovanie-1-priprava-pred-cestou-2\/887#primaryimage"},"thumbnailUrl":"https:\/\/slanedeti.sk\/cms\/wp-content\/uploads\/2012\/01\/cestovanie_plaz.jpg","datePublished":"2012-01-29T15:03:23+00:00","dateModified":"2014-01-04T19:58:21+00:00","author":{"@id":"https:\/\/slanedeti.sk\/cms\/#\/schema\/person\/8d4185e268823ccbc166a1895f1b7938"},"description":"Pacienti s cystickou fibr\u00f3zou maj\u00fa ur\u010dit\u00e9 obmedzenia pri cestovan\u00ed. Na cestu sa musia d\u00f4slednej\u0161ie pripravi\u0165. Prv\u00e1 \u010das\u0165 obsahuje \u00favod do problematiky.","inLanguage":"sk-SK","potentialAction":[{"@type":"ReadAction","target":["https:\/\/slanedeti.sk\/cms\/cysticka-fibroza-a-cestovanie-1-priprava-pred-cestou-2\/887"]}]},{"@type":"ImageObject","inLanguage":"sk-SK","@id":"https:\/\/slanedeti.sk\/cms\/cysticka-fibroza-a-cestovanie-1-priprava-pred-cestou-2\/887#primaryimage","url":"https:\/\/slanedeti.sk\/cms\/wp-content\/uploads\/2012\/01\/cestovanie_plaz.jpg","contentUrl":"https:\/\/slanedeti.sk\/cms\/wp-content\/uploads\/2012\/01\/cestovanie_plaz.jpg","width":350,"height":233,"caption":"cestovanie_plaz"},{"@type":"WebSite","@id":"https:\/\/slanedeti.sk\/cms\/#website","url":"https:\/\/slanedeti.sk\/cms\/","name":"Slan\u00e9 deti","description":"Inform\u00e1cie o cystickej fibr\u00f3ze","potentialAction":[{"@type":"SearchAction","target":{"@type":"EntryPoint","urlTemplate":"https:\/\/slanedeti.sk\/cms\/?s={search_term_string}"},"query-input":{"@type":"PropertyValueSpecification","valueRequired":true,"valueName":"search_term_string"}}],"inLanguage":"sk-SK"},{"@type":"Person","@id":"https:\/\/slanedeti.sk\/cms\/#\/schema\/person\/8d4185e268823ccbc166a1895f1b7938","name":"Kika","url":"https:\/\/slanedeti.sk\/cms\/author\/kika"}]}},"_links":{"self":[{"href":"https:\/\/slanedeti.sk\/cms\/wp-json\/wp\/v2\/posts\/887","targetHints":{"allow":["GET"]}}],"collection":[{"href":"https:\/\/slanedeti.sk\/cms\/wp-json\/wp\/v2\/posts"}],"about":[{"href":"https:\/\/slanedeti.sk\/cms\/wp-json\/wp\/v2\/types\/post"}],"author":[{"embeddable":true,"href":"https:\/\/slanedeti.sk\/cms\/wp-json\/wp\/v2\/users\/3"}],"replies":[{"embeddable":true,"href":"https:\/\/slanedeti.sk\/cms\/wp-json\/wp\/v2\/comments?post=887"}],"version-history":[{"count":0,"href":"https:\/\/slanedeti.sk\/cms\/wp-json\/wp\/v2\/posts\/887\/revisions"}],"wp:featuredmedia":[{"embeddable":true,"href":"https:\/\/slanedeti.sk\/cms\/wp-json\/wp\/v2\/media\/1224"}],"wp:attachment":[{"href":"https:\/\/slanedeti.sk\/cms\/wp-json\/wp\/v2\/media?parent=887"}],"wp:term":[{"taxonomy":"category","embeddable":true,"href":"https:\/\/slanedeti.sk\/cms\/wp-json\/wp\/v2\/categories?post=887"},{"taxonomy":"post_tag","embeddable":true,"href":"https:\/\/slanedeti.sk\/cms\/wp-json\/wp\/v2\/tags?post=887"}],"curies":[{"name":"wp","href":"https:\/\/api.w.org\/{rel}","templated":true}]}}