{"id":877,"date":"2011-10-31T07:41:47","date_gmt":"2011-10-31T05:41:47","guid":{"rendered":"http:\/\/slanedeti.sk\/cms\/foto-slane-mosty-2011-2\/201110"},"modified":"2017-09-03T13:30:14","modified_gmt":"2017-09-03T12:30:14","slug":"foto-slane-mosty-2011-2","status":"publish","type":"post","link":"https:\/\/slanedeti.sk\/cms\/foto-slane-mosty-2011-2\/877","title":{"rendered":"FOTO: Slan\u00e9 mosty 2011"},"content":{"rendered":"<p>Prizn\u00e1m sa, \u017ee tento rok som cestovala na koncert trochu s rozpakmi. V\u0161etko to m\u00e1 vo svojej moci a r\u00e9\u017eii Janka \u0160ipekov\u00e1 a tak nikdy neviem, \u010d\u00edm prekvap\u00ed. Dospelo, v\u00e1\u017enej\u0161ie a decentne. \u00a0Asi tak to na m\u0148a p\u00f4sobilo. Ako ke\u010f rodi\u010d pr\u00edde na stu\u017ekov\u00fa svojej dc\u00e9ry\/syna a povie si:\u201dTak mi dospel\/dospela. U\u017e to nie je to mal\u00e9 die\u0165a, ktor\u00e9 treba postrkova\u0165.\u201c<\/p>\n<div><\/div>\n<div><strong><a href=\"http:\/\/slanedeti.sk\/phprs\/album\/slanemosty2011\/\">Fotografie z koncertu<\/a>\u00a0&#8211; gal\u00e9ria<\/strong><\/div>\n<div><strong><\/strong>Aj na\u0161e slan\u00e9 mosty si presk\u00e1kali detsk\u00e9 r\u00f4\u010dky. Ve\u010f \u010di ver\u00edte, alebo nie no tento ro\u010dn\u00edk bol u\u017e \u0161trn\u00e1sty. Op\u00e4\u0165 sme stavali imagin\u00e1rny most medzi zdrav\u00fdmi a \u201eslan\u00fdmi\u201c de\u0165mi a dospel\u00fdmi. Z\u00e1\u0161titu nad koncertom prevzala Andy Timkov\u00e1, ktorej sa \u00a0pri pr\u00edhovore zaleskla aj slza v oku. \u00da\u010dinkuj\u00faci vyst\u00fapili bez n\u00e1roku na honor\u00e1r. Cel\u00e9 to rozto\u010dil Martin Harich so svojou kapelou Musitany Hope. \u00a0Svoj\u00edmi k\u00fazlami n\u00e1s pobavil k\u00fazeln\u00edk Peter \u0160est\u00e1k. Laco Lu\u010deni\u010d sa lie\u010dil s ang\u00ednou, ale z\u00e1skok nesklamal. Pozvanie prijala a u\u017e po druh\u00fd kr\u00e1t pri\u0161la zaspieva\u0165 Katka Ko\u0161\u010dov\u00e1. Nesklamal ani Marcel Palonder, Nela Pociskov\u00e1 a tradi\u010dne ako ka\u017ed\u00fd rok tane\u010dn\u00e9 \u010d\u00edsla od \u017eiakov ZU\u0160 J.L. Bellu v Liptovskom Mikul\u00e1\u0161i. Pre m\u0148a bolo prekvapen\u00edm Saxof\u00f3nov\u00e9 kvinteto zo \u017dilinsk\u00e9ho konzervat\u00f3ria, ktor\u00e9 zahralo na v\u00e1\u017enej\u0161iu n\u00f4tu. Ve\u013ek\u00fdm potleskom bola odmenen\u00e1 Monika Ol\u0161ovsk\u00e1 so svoj\u00edm ps\u00edkom Arsim, ktor\u00e9 k\u00fasky boli takmer tane\u010dn\u00e9. Koncertom n\u00e1s sprev\u00e1dzali Dana Strculov\u00e1 a Matej \u201eSajfa\u201c Cifra. Atmosf\u00e9ra bola ve\u013emi pr\u00edjemn\u00e1 a u\u017e sa te\u0161\u00edm na bud\u00faci ro\u010dn\u00edk.<\/div>\n<div style=\"text-align: center;\">\n<p style=\"text-align: center;\"><img loading=\"lazy\" decoding=\"async\" class=\"aligncenter\" style=\"border: 0px; margin-top: 20px; margin-bottom: 20px;\" title=\"201110310752_slanemosty2011_1\" alt=\"201110310752_slanemosty2011_1\" src=\"https:\/\/slanedeti.sk\/cms\/picture_migration\/201110310752_slanemosty2011_1.jpg\" width=\"400\" height=\"266\" border=\"0\" \/><\/p>\n<p style=\"text-align: center;\"><img loading=\"lazy\" decoding=\"async\" class=\"aligncenter\" style=\"border: 0px; margin-top: 20px; margin-bottom: 20px;\" title=\"201110310752_slanemosty2011_2\" alt=\"201110310752_slanemosty2011_2\" src=\"https:\/\/slanedeti.sk\/cms\/picture_migration\/201110310752_slanemosty2011_2.jpg\" width=\"400\" height=\"160\" border=\"0\" \/><\/p>\n<\/div>\n","protected":false},"excerpt":{"rendered":"<p>Prizn&aacute;m sa, &#382;e tento rok som cestovala na koncert trochu s rozpakmi. V&scaron;etko to m&aacute; vo svojej moci a r&eacute;&#382;ii Janka &Scaron;ipekov&aacute; a tak nikdy neviem, &#269;&iacute;m prekvap&iacute;. Dospelo, v&aacute;&#382;nej&scaron;ie a decentne. &nbsp;Asi tak to na m&#328;a p&ocirc;sobilo. Ako ke&#271; &hellip; <a href=\"https:\/\/slanedeti.sk\/cms\/foto-slane-mosty-2011-2\/877\">Continued<\/a><\/p>\n","protected":false},"author":3,"featured_media":1241,"comment_status":"closed","ping_status":"closed","sticky":false,"template":"","format":"standard","meta":{"kt_blocks_editor_width":"","footnotes":""},"categories":[264],"tags":[181],"class_list":["post-877","post","type-post","status-publish","format-standard","has-post-thumbnail","hentry","category-priatelia-slanych-deti","tag-slane-mosty-2011"],"yoast_head":"<!-- This site is optimized with the Yoast SEO plugin v27.5 - https:\/\/yoast.com\/product\/yoast-seo-wordpress\/ -->\n<title>FOTO: Slan\u00e9 mosty 2011 - Slan\u00e9 deti<\/title>\n<meta name=\"description\" content=\"Benefi\u010dn\u00fd koncert Slan\u00e9 mosty, ktor\u00fd sa konal 23.10.2011 v DK Liptovsk\u00fd Mikul\u00e1\u0161.\" \/>\n<meta name=\"robots\" content=\"index, follow, max-snippet:-1, max-image-preview:large, max-video-preview:-1\" \/>\n<link rel=\"canonical\" href=\"https:\/\/slanedeti.sk\/cms\/foto-slane-mosty-2011-2\/877\" \/>\n<meta property=\"og:locale\" content=\"sk_SK\" \/>\n<meta property=\"og:type\" content=\"article\" \/>\n<meta property=\"og:title\" content=\"FOTO: Slan\u00e9 mosty 2011 - Slan\u00e9 deti\" \/>\n<meta property=\"og:description\" content=\"Benefi\u010dn\u00fd koncert Slan\u00e9 mosty, ktor\u00fd sa konal 23.10.2011 v DK Liptovsk\u00fd Mikul\u00e1\u0161.\" \/>\n<meta property=\"og:url\" content=\"https:\/\/slanedeti.sk\/cms\/foto-slane-mosty-2011-2\/877\" \/>\n<meta property=\"og:site_name\" content=\"Slan\u00e9 deti\" \/>\n<meta property=\"article:publisher\" content=\"http:\/\/www.facebook.com\/slanedeti\" \/>\n<meta property=\"article:published_time\" content=\"2011-10-31T05:41:47+00:00\" \/>\n<meta property=\"article:modified_time\" content=\"2017-09-03T12:30:14+00:00\" \/>\n<meta property=\"og:image\" content=\"https:\/\/slanedeti.sk\/cms\/wp-content\/uploads\/2011\/10\/slanemosty2011.jpg\" \/>\n\t<meta property=\"og:image:width\" content=\"400\" \/>\n\t<meta property=\"og:image:height\" content=\"266\" \/>\n\t<meta property=\"og:image:type\" content=\"image\/jpeg\" \/>\n<meta name=\"author\" content=\"Kika\" \/>\n<meta name=\"twitter:label1\" content=\"Autor\" \/>\n\t<meta name=\"twitter:data1\" content=\"Kika\" \/>\n\t<meta name=\"twitter:label2\" content=\"Predpokladan\u00fd \u010das \u010d\u00edtania\" \/>\n\t<meta name=\"twitter:data2\" content=\"2 min\u00faty\" \/>\n<script type=\"application\/ld+json\" class=\"yoast-schema-graph\">{\"@context\":\"https:\\\/\\\/schema.org\",\"@graph\":[{\"@type\":\"Article\",\"@id\":\"https:\\\/\\\/slanedeti.sk\\\/cms\\\/foto-slane-mosty-2011-2\\\/877#article\",\"isPartOf\":{\"@id\":\"https:\\\/\\\/slanedeti.sk\\\/cms\\\/foto-slane-mosty-2011-2\\\/877\"},\"author\":{\"name\":\"Kika\",\"@id\":\"https:\\\/\\\/slanedeti.sk\\\/cms\\\/#\\\/schema\\\/person\\\/8d4185e268823ccbc166a1895f1b7938\"},\"headline\":\"FOTO: Slan\u00e9 mosty 2011\",\"datePublished\":\"2011-10-31T05:41:47+00:00\",\"dateModified\":\"2017-09-03T12:30:14+00:00\",\"mainEntityOfPage\":{\"@id\":\"https:\\\/\\\/slanedeti.sk\\\/cms\\\/foto-slane-mosty-2011-2\\\/877\"},\"wordCount\":304,\"image\":{\"@id\":\"https:\\\/\\\/slanedeti.sk\\\/cms\\\/foto-slane-mosty-2011-2\\\/877#primaryimage\"},\"thumbnailUrl\":\"https:\\\/\\\/slanedeti.sk\\\/cms\\\/wp-content\\\/uploads\\\/2011\\\/10\\\/slanemosty2011.jpg\",\"keywords\":[\"Slan\u00e9 mosty 2011\"],\"articleSection\":[\"Priatelia slan\u00fdch det\u00ed\"],\"inLanguage\":\"sk-SK\"},{\"@type\":\"WebPage\",\"@id\":\"https:\\\/\\\/slanedeti.sk\\\/cms\\\/foto-slane-mosty-2011-2\\\/877\",\"url\":\"https:\\\/\\\/slanedeti.sk\\\/cms\\\/foto-slane-mosty-2011-2\\\/877\",\"name\":\"FOTO: Slan\u00e9 mosty 2011 - Slan\u00e9 deti\",\"isPartOf\":{\"@id\":\"https:\\\/\\\/slanedeti.sk\\\/cms\\\/#website\"},\"primaryImageOfPage\":{\"@id\":\"https:\\\/\\\/slanedeti.sk\\\/cms\\\/foto-slane-mosty-2011-2\\\/877#primaryimage\"},\"image\":{\"@id\":\"https:\\\/\\\/slanedeti.sk\\\/cms\\\/foto-slane-mosty-2011-2\\\/877#primaryimage\"},\"thumbnailUrl\":\"https:\\\/\\\/slanedeti.sk\\\/cms\\\/wp-content\\\/uploads\\\/2011\\\/10\\\/slanemosty2011.jpg\",\"datePublished\":\"2011-10-31T05:41:47+00:00\",\"dateModified\":\"2017-09-03T12:30:14+00:00\",\"author\":{\"@id\":\"https:\\\/\\\/slanedeti.sk\\\/cms\\\/#\\\/schema\\\/person\\\/8d4185e268823ccbc166a1895f1b7938\"},\"description\":\"Benefi\u010dn\u00fd koncert Slan\u00e9 mosty, ktor\u00fd sa konal 23.10.2011 v DK Liptovsk\u00fd Mikul\u00e1\u0161.\",\"inLanguage\":\"sk-SK\",\"potentialAction\":[{\"@type\":\"ReadAction\",\"target\":[\"https:\\\/\\\/slanedeti.sk\\\/cms\\\/foto-slane-mosty-2011-2\\\/877\"]}]},{\"@type\":\"ImageObject\",\"inLanguage\":\"sk-SK\",\"@id\":\"https:\\\/\\\/slanedeti.sk\\\/cms\\\/foto-slane-mosty-2011-2\\\/877#primaryimage\",\"url\":\"https:\\\/\\\/slanedeti.sk\\\/cms\\\/wp-content\\\/uploads\\\/2011\\\/10\\\/slanemosty2011.jpg\",\"contentUrl\":\"https:\\\/\\\/slanedeti.sk\\\/cms\\\/wp-content\\\/uploads\\\/2011\\\/10\\\/slanemosty2011.jpg\",\"width\":400,\"height\":266,\"caption\":\"slan\u00e9 mosty 2011\"},{\"@type\":\"WebSite\",\"@id\":\"https:\\\/\\\/slanedeti.sk\\\/cms\\\/#website\",\"url\":\"https:\\\/\\\/slanedeti.sk\\\/cms\\\/\",\"name\":\"Slan\u00e9 deti\",\"description\":\"Inform\u00e1cie o cystickej fibr\u00f3ze\",\"potentialAction\":[{\"@type\":\"SearchAction\",\"target\":{\"@type\":\"EntryPoint\",\"urlTemplate\":\"https:\\\/\\\/slanedeti.sk\\\/cms\\\/?s={search_term_string}\"},\"query-input\":{\"@type\":\"PropertyValueSpecification\",\"valueRequired\":true,\"valueName\":\"search_term_string\"}}],\"inLanguage\":\"sk-SK\"},{\"@type\":\"Person\",\"@id\":\"https:\\\/\\\/slanedeti.sk\\\/cms\\\/#\\\/schema\\\/person\\\/8d4185e268823ccbc166a1895f1b7938\",\"name\":\"Kika\",\"url\":\"https:\\\/\\\/slanedeti.sk\\\/cms\\\/author\\\/kika\"}]}<\/script>\n<!-- \/ Yoast SEO plugin. -->","yoast_head_json":{"title":"FOTO: Slan\u00e9 mosty 2011 - Slan\u00e9 deti","description":"Benefi\u010dn\u00fd koncert Slan\u00e9 mosty, ktor\u00fd sa konal 23.10.2011 v DK Liptovsk\u00fd Mikul\u00e1\u0161.","robots":{"index":"index","follow":"follow","max-snippet":"max-snippet:-1","max-image-preview":"max-image-preview:large","max-video-preview":"max-video-preview:-1"},"canonical":"https:\/\/slanedeti.sk\/cms\/foto-slane-mosty-2011-2\/877","og_locale":"sk_SK","og_type":"article","og_title":"FOTO: Slan\u00e9 mosty 2011 - Slan\u00e9 deti","og_description":"Benefi\u010dn\u00fd koncert Slan\u00e9 mosty, ktor\u00fd sa konal 23.10.2011 v DK Liptovsk\u00fd Mikul\u00e1\u0161.","og_url":"https:\/\/slanedeti.sk\/cms\/foto-slane-mosty-2011-2\/877","og_site_name":"Slan\u00e9 deti","article_publisher":"http:\/\/www.facebook.com\/slanedeti","article_published_time":"2011-10-31T05:41:47+00:00","article_modified_time":"2017-09-03T12:30:14+00:00","og_image":[{"width":400,"height":266,"url":"https:\/\/slanedeti.sk\/cms\/wp-content\/uploads\/2011\/10\/slanemosty2011.jpg","type":"image\/jpeg"}],"author":"Kika","twitter_misc":{"Autor":"Kika","Predpokladan\u00fd \u010das \u010d\u00edtania":"2 min\u00faty"},"schema":{"@context":"https:\/\/schema.org","@graph":[{"@type":"Article","@id":"https:\/\/slanedeti.sk\/cms\/foto-slane-mosty-2011-2\/877#article","isPartOf":{"@id":"https:\/\/slanedeti.sk\/cms\/foto-slane-mosty-2011-2\/877"},"author":{"name":"Kika","@id":"https:\/\/slanedeti.sk\/cms\/#\/schema\/person\/8d4185e268823ccbc166a1895f1b7938"},"headline":"FOTO: Slan\u00e9 mosty 2011","datePublished":"2011-10-31T05:41:47+00:00","dateModified":"2017-09-03T12:30:14+00:00","mainEntityOfPage":{"@id":"https:\/\/slanedeti.sk\/cms\/foto-slane-mosty-2011-2\/877"},"wordCount":304,"image":{"@id":"https:\/\/slanedeti.sk\/cms\/foto-slane-mosty-2011-2\/877#primaryimage"},"thumbnailUrl":"https:\/\/slanedeti.sk\/cms\/wp-content\/uploads\/2011\/10\/slanemosty2011.jpg","keywords":["Slan\u00e9 mosty 2011"],"articleSection":["Priatelia slan\u00fdch det\u00ed"],"inLanguage":"sk-SK"},{"@type":"WebPage","@id":"https:\/\/slanedeti.sk\/cms\/foto-slane-mosty-2011-2\/877","url":"https:\/\/slanedeti.sk\/cms\/foto-slane-mosty-2011-2\/877","name":"FOTO: Slan\u00e9 mosty 2011 - Slan\u00e9 deti","isPartOf":{"@id":"https:\/\/slanedeti.sk\/cms\/#website"},"primaryImageOfPage":{"@id":"https:\/\/slanedeti.sk\/cms\/foto-slane-mosty-2011-2\/877#primaryimage"},"image":{"@id":"https:\/\/slanedeti.sk\/cms\/foto-slane-mosty-2011-2\/877#primaryimage"},"thumbnailUrl":"https:\/\/slanedeti.sk\/cms\/wp-content\/uploads\/2011\/10\/slanemosty2011.jpg","datePublished":"2011-10-31T05:41:47+00:00","dateModified":"2017-09-03T12:30:14+00:00","author":{"@id":"https:\/\/slanedeti.sk\/cms\/#\/schema\/person\/8d4185e268823ccbc166a1895f1b7938"},"description":"Benefi\u010dn\u00fd koncert Slan\u00e9 mosty, ktor\u00fd sa konal 23.10.2011 v DK Liptovsk\u00fd Mikul\u00e1\u0161.","inLanguage":"sk-SK","potentialAction":[{"@type":"ReadAction","target":["https:\/\/slanedeti.sk\/cms\/foto-slane-mosty-2011-2\/877"]}]},{"@type":"ImageObject","inLanguage":"sk-SK","@id":"https:\/\/slanedeti.sk\/cms\/foto-slane-mosty-2011-2\/877#primaryimage","url":"https:\/\/slanedeti.sk\/cms\/wp-content\/uploads\/2011\/10\/slanemosty2011.jpg","contentUrl":"https:\/\/slanedeti.sk\/cms\/wp-content\/uploads\/2011\/10\/slanemosty2011.jpg","width":400,"height":266,"caption":"slan\u00e9 mosty 2011"},{"@type":"WebSite","@id":"https:\/\/slanedeti.sk\/cms\/#website","url":"https:\/\/slanedeti.sk\/cms\/","name":"Slan\u00e9 deti","description":"Inform\u00e1cie o cystickej fibr\u00f3ze","potentialAction":[{"@type":"SearchAction","target":{"@type":"EntryPoint","urlTemplate":"https:\/\/slanedeti.sk\/cms\/?s={search_term_string}"},"query-input":{"@type":"PropertyValueSpecification","valueRequired":true,"valueName":"search_term_string"}}],"inLanguage":"sk-SK"},{"@type":"Person","@id":"https:\/\/slanedeti.sk\/cms\/#\/schema\/person\/8d4185e268823ccbc166a1895f1b7938","name":"Kika","url":"https:\/\/slanedeti.sk\/cms\/author\/kika"}]}},"_links":{"self":[{"href":"https:\/\/slanedeti.sk\/cms\/wp-json\/wp\/v2\/posts\/877","targetHints":{"allow":["GET"]}}],"collection":[{"href":"https:\/\/slanedeti.sk\/cms\/wp-json\/wp\/v2\/posts"}],"about":[{"href":"https:\/\/slanedeti.sk\/cms\/wp-json\/wp\/v2\/types\/post"}],"author":[{"embeddable":true,"href":"https:\/\/slanedeti.sk\/cms\/wp-json\/wp\/v2\/users\/3"}],"replies":[{"embeddable":true,"href":"https:\/\/slanedeti.sk\/cms\/wp-json\/wp\/v2\/comments?post=877"}],"version-history":[{"count":0,"href":"https:\/\/slanedeti.sk\/cms\/wp-json\/wp\/v2\/posts\/877\/revisions"}],"wp:featuredmedia":[{"embeddable":true,"href":"https:\/\/slanedeti.sk\/cms\/wp-json\/wp\/v2\/media\/1241"}],"wp:attachment":[{"href":"https:\/\/slanedeti.sk\/cms\/wp-json\/wp\/v2\/media?parent=877"}],"wp:term":[{"taxonomy":"category","embeddable":true,"href":"https:\/\/slanedeti.sk\/cms\/wp-json\/wp\/v2\/categories?post=877"},{"taxonomy":"post_tag","embeddable":true,"href":"https:\/\/slanedeti.sk\/cms\/wp-json\/wp\/v2\/tags?post=877"}],"curies":[{"name":"wp","href":"https:\/\/api.w.org\/{rel}","templated":true}]}}