{"id":876,"date":"2011-09-27T14:15:25","date_gmt":"2011-09-27T12:15:25","guid":{"rendered":"http:\/\/slanedeti.sk\/cms\/slane-mosty-2011-2\/201109"},"modified":"2017-09-03T13:30:14","modified_gmt":"2017-09-03T12:30:14","slug":"slane-mosty-2011-2","status":"publish","type":"post","link":"https:\/\/slanedeti.sk\/cms\/slane-mosty-2011-2\/876","title":{"rendered":"Slan\u00e9 mosty 2011"},"content":{"rendered":"<p>V nede\u013eu <strong>23.10.2011<\/strong> o <strong>17:00<\/strong>\u00a0sa bud\u00fa v DK L. Mikul\u00e1\u0161 stava\u0165 mosty na pevn\u00fdch pilieroch. Pripravuje sa 14-ty ro\u010dn\u00edk benefi\u010dn\u00e9ho koncertu <strong>SLAN\u00c9 MOSTY<\/strong>, ktor\u00fd pod z\u00e1\u0161titu prevzala charizmatick\u00e1 Andy Timkov\u00e1.<\/p>\n<p>Organiz\u00e1tor podujatia OZ Priatelia slan\u00fdch det\u00ed a spoluorganiz\u00e1tori Mesto Liptovsk\u00fd Mikul\u00e1\u0161 a Dom kult\u00fary Liptovsk\u00fd Mikul\u00e1\u0161 V\u00e1s poz\u00fdvaj\u00fa vychutna\u0165 si neopakovate\u013en\u00fa atmosf\u00e9ru \u00faprimnosti a radosti, \u010d\u00edm je benef\u00edcia pre slan\u00e9 deti medzi Lipt\u00e1kmi u\u017e zn\u00e1ma. \u201eVer\u00edm, \u017ee op\u00e4\u0165 za\u017eijeme ve\u010der pln\u00fd mil\u00fdch stretnut\u00ed, porozumenia, v\u00fdbornej z\u00e1bavy, to v\u0161etko pod\u010diarknut\u00e9 siln\u00fdm emocion\u00e1lnym z\u00e1\u017eitkom. Toto je presne ten \u010dist\u00fd \u00b4duch\u00b4 benef\u00edcie, ktor\u00fd v\u017edy vl\u00e1dol a bude vl\u00e1dnu\u0165 tam, kde sa stretn\u00fa \u013eudia dobrovo\u013ene, nezi\u0161tne a s jednotn\u00fdm z\u00e1merom \u2013 pom\u00f4c\u0165 t\u00fdm, ktor\u00ed to potrebuj\u00fa.\u201c povedala Jana \u0160ipekov\u00e1 \u2013 predsedn\u00ed\u010dka zdru\u017eenia Priatelia slan\u00fdch det\u00ed\u00a0 a \u0161\u00e9fka realiza\u010dn\u00e9ho t\u00edmu benef\u00edcie Slan\u00e9 mosty.<\/p>\n<p>Slan\u00e9 deti podpor\u00ed okrem stabiln\u00fdch priate\u013eov, aj ve\u013ea nov\u00fdch tv\u00e1r\u00ed. Div\u00e1kov bud\u00fa cel\u00fdm ve\u010derom sprev\u00e1dza\u0165 moder\u00e1torsk\u00e1 dvojica <strong>Danka Strculov\u00e1<\/strong> a <strong>Matej \u201eSAJFA\u201c Cifra<\/strong>. Program tematicky vyplnia tane\u010dn\u00e9 vstupy \u017eiakov <strong>ZU\u0160 J.L.Bellu<\/strong> a o v\u00fdborn\u00fd hudobn\u00fd z\u00e1\u017eitok sa postar\u00e1 Martin Harich s kapelou <strong>Musitany Hope<\/strong>,<strong> Laco Lu\u010deni\u010d<\/strong>, <strong>Marcel Palonder<\/strong> a <strong>Nela Pociskov\u00e1<\/strong>. Najm\u00e4 pre mal\u00fdch div\u00e1kov s istotou pr\u00edde aj <strong>k\u00fazeln\u00edk<\/strong> Peter \u0160est\u00e1k. Zauj\u00edmav\u00fdm hudobn\u00fdm vstupom bude <strong>saxof\u00f3nov\u00e9 kvinteto \u017dilinsk\u00e9ho konzervat\u00f3ria<\/strong> pod veden\u00edm profesora Mareka Pastirika. Organiz\u00e1tori pripravuj\u00fa pre n\u00e1v\u0161tevn\u00edkov tematicky n\u00e1padit\u00fd program, pri\u010dom pripravuj\u00fa aj prekvapenie, ktor\u00fdm chc\u00fa pote\u0161i\u0165 a da\u0165 cel\u00e9mu podujatia pridan\u00fa hodnotu. V\u0161etci zainteresovan\u00ed sa na akciu u\u017e ve\u013emi te\u0161ia a veria, \u017ee sa stretn\u00fa s pozit\u00edvnym publikom, ako tomu v minulosti v\u017edy bolo.<\/p>\n<p>Finan\u010dn\u00fd efekt tejto kr\u00e1snej benefi\u010dnej akcie putuje na konto Slan\u00fdch det\u00ed. Za z\u00edskan\u00e9 peniaze m\u00f4\u017eu chor\u00e9 deti str\u00e1vi\u0165 nieko\u013ekod\u0148ov\u00e9 ozdravn\u00e9 klimatick\u00e9 pobyty pri mori, \u010di v hor\u00e1ch, alebo obdr\u017eia pr\u00edspevok na k\u00fapu prenosn\u00e9ho inhala\u010dn\u00e9ho pr\u00edstroja. V\u0161etky pr\u00edspevky s\u00fa poskytnut\u00e9 v\u00fdhradne de\u0165om a mlad\u00fdm dospel\u00fdm s cystickou fibr\u00f3zou na Slovenku. \u010eakujeme za ak\u00fdko\u013evek prejav pomoci t\u00fdmto chor\u00fdm de\u0165om, \u010fakujeme za mor\u00e1lnu podporu, ktor\u00fa rodiny s touto diagn\u00f3zou ve\u013emi potrebuj\u00fa.<\/p>\n<p>Info\u00a0na tel. 0918492073<\/p>\n<p style=\"text-align: center;\"><img loading=\"lazy\" decoding=\"async\" class=\"aligncenter\" style=\"border: 0px; margin-top: 20px; margin-bottom: 20px;\" title=\"201109271426_slanemosty2011\" alt=\"201109271426_slanemosty2011\" src=\"https:\/\/slanedeti.sk\/cms\/picture_migration\/201109271426_slanemosty2011.jpg\" width=\"600\" height=\"849\" border=\"0\" \/><\/p>\n","protected":false},"excerpt":{"rendered":"<p>V nede&#318;u 23.10.2011 o 17:00&nbsp;sa bud&uacute; v DK L. Mikul&aacute;&scaron; stava&#357; mosty na pevn&yacute;ch pilieroch. Pripravuje sa 14-ty ro&#269;n&iacute;k benefi&#269;n&eacute;ho koncertu SLAN&Eacute; MOSTY, ktor&yacute; pod z&aacute;&scaron;titu prevzala charizmatick&aacute; Andy Timkov&aacute;. Organiz&aacute;tor podujatia OZ Priatelia slan&yacute;ch det&iacute; a spoluorganiz&aacute;tori Mesto Liptovsk&yacute; &hellip; <a href=\"https:\/\/slanedeti.sk\/cms\/slane-mosty-2011-2\/876\">Continued<\/a><\/p>\n","protected":false},"author":4,"featured_media":1244,"comment_status":"closed","ping_status":"closed","sticky":false,"template":"","format":"standard","meta":{"kt_blocks_editor_width":"","footnotes":""},"categories":[264],"tags":[8,63],"class_list":["post-876","post","type-post","status-publish","format-standard","has-post-thumbnail","hentry","category-priatelia-slanych-deti","tag-beneficia","tag-slane-mosty"],"yoast_head":"<!-- This site is optimized with the Yoast SEO plugin v27.5 - https:\/\/yoast.com\/product\/yoast-seo-wordpress\/ -->\n<title>Slan\u00e9 mosty 2011 - Slan\u00e9 deti<\/title>\n<meta name=\"description\" content=\"Benefi\u010dn\u00fd koncert Slan\u00e9 mosty, ktor\u00fd sa kon\u00e1 23.10.2011 v DK Liptovsk\u00fd Mikul\u00e1\u0161.\" \/>\n<meta name=\"robots\" content=\"index, follow, max-snippet:-1, max-image-preview:large, max-video-preview:-1\" \/>\n<link rel=\"canonical\" href=\"https:\/\/slanedeti.sk\/cms\/slane-mosty-2011-2\/876\" \/>\n<meta property=\"og:locale\" content=\"sk_SK\" \/>\n<meta property=\"og:type\" content=\"article\" \/>\n<meta property=\"og:title\" content=\"Slan\u00e9 mosty 2011 - Slan\u00e9 deti\" \/>\n<meta property=\"og:description\" content=\"Benefi\u010dn\u00fd koncert Slan\u00e9 mosty, ktor\u00fd sa kon\u00e1 23.10.2011 v DK Liptovsk\u00fd Mikul\u00e1\u0161.\" \/>\n<meta property=\"og:url\" content=\"https:\/\/slanedeti.sk\/cms\/slane-mosty-2011-2\/876\" \/>\n<meta property=\"og:site_name\" content=\"Slan\u00e9 deti\" \/>\n<meta property=\"article:publisher\" content=\"http:\/\/www.facebook.com\/slanedeti\" \/>\n<meta property=\"article:published_time\" content=\"2011-09-27T12:15:25+00:00\" \/>\n<meta property=\"article:modified_time\" content=\"2017-09-03T12:30:14+00:00\" \/>\n<meta property=\"og:image\" content=\"https:\/\/slanedeti.sk\/cms\/wp-content\/uploads\/2011\/09\/slanemosty2011_plagat.jpg\" \/>\n\t<meta property=\"og:image:width\" content=\"600\" \/>\n\t<meta property=\"og:image:height\" content=\"849\" \/>\n\t<meta property=\"og:image:type\" content=\"image\/jpeg\" \/>\n<meta name=\"author\" content=\"Jana\" \/>\n<meta name=\"twitter:label1\" content=\"Autor\" \/>\n\t<meta name=\"twitter:data1\" content=\"Jana\" \/>\n\t<meta name=\"twitter:label2\" content=\"Predpokladan\u00fd \u010das \u010d\u00edtania\" \/>\n\t<meta name=\"twitter:data2\" content=\"2 min\u00faty\" \/>\n<script type=\"application\/ld+json\" class=\"yoast-schema-graph\">{\"@context\":\"https:\\\/\\\/schema.org\",\"@graph\":[{\"@type\":\"Article\",\"@id\":\"https:\\\/\\\/slanedeti.sk\\\/cms\\\/slane-mosty-2011-2\\\/876#article\",\"isPartOf\":{\"@id\":\"https:\\\/\\\/slanedeti.sk\\\/cms\\\/slane-mosty-2011-2\\\/876\"},\"author\":{\"name\":\"Jana\",\"@id\":\"https:\\\/\\\/slanedeti.sk\\\/cms\\\/#\\\/schema\\\/person\\\/d1068a5f06a6305691f58d5c5abe52a9\"},\"headline\":\"Slan\u00e9 mosty 2011\",\"datePublished\":\"2011-09-27T12:15:25+00:00\",\"dateModified\":\"2017-09-03T12:30:14+00:00\",\"mainEntityOfPage\":{\"@id\":\"https:\\\/\\\/slanedeti.sk\\\/cms\\\/slane-mosty-2011-2\\\/876\"},\"wordCount\":436,\"image\":{\"@id\":\"https:\\\/\\\/slanedeti.sk\\\/cms\\\/slane-mosty-2011-2\\\/876#primaryimage\"},\"thumbnailUrl\":\"https:\\\/\\\/slanedeti.sk\\\/cms\\\/wp-content\\\/uploads\\\/2011\\\/09\\\/slanemosty2011_plagat.jpg\",\"keywords\":[\"benef\u00edcia\",\"Slane mosty\"],\"articleSection\":[\"Priatelia slan\u00fdch det\u00ed\"],\"inLanguage\":\"sk-SK\"},{\"@type\":\"WebPage\",\"@id\":\"https:\\\/\\\/slanedeti.sk\\\/cms\\\/slane-mosty-2011-2\\\/876\",\"url\":\"https:\\\/\\\/slanedeti.sk\\\/cms\\\/slane-mosty-2011-2\\\/876\",\"name\":\"Slan\u00e9 mosty 2011 - Slan\u00e9 deti\",\"isPartOf\":{\"@id\":\"https:\\\/\\\/slanedeti.sk\\\/cms\\\/#website\"},\"primaryImageOfPage\":{\"@id\":\"https:\\\/\\\/slanedeti.sk\\\/cms\\\/slane-mosty-2011-2\\\/876#primaryimage\"},\"image\":{\"@id\":\"https:\\\/\\\/slanedeti.sk\\\/cms\\\/slane-mosty-2011-2\\\/876#primaryimage\"},\"thumbnailUrl\":\"https:\\\/\\\/slanedeti.sk\\\/cms\\\/wp-content\\\/uploads\\\/2011\\\/09\\\/slanemosty2011_plagat.jpg\",\"datePublished\":\"2011-09-27T12:15:25+00:00\",\"dateModified\":\"2017-09-03T12:30:14+00:00\",\"author\":{\"@id\":\"https:\\\/\\\/slanedeti.sk\\\/cms\\\/#\\\/schema\\\/person\\\/d1068a5f06a6305691f58d5c5abe52a9\"},\"description\":\"Benefi\u010dn\u00fd koncert Slan\u00e9 mosty, ktor\u00fd sa kon\u00e1 23.10.2011 v DK Liptovsk\u00fd Mikul\u00e1\u0161.\",\"inLanguage\":\"sk-SK\",\"potentialAction\":[{\"@type\":\"ReadAction\",\"target\":[\"https:\\\/\\\/slanedeti.sk\\\/cms\\\/slane-mosty-2011-2\\\/876\"]}]},{\"@type\":\"ImageObject\",\"inLanguage\":\"sk-SK\",\"@id\":\"https:\\\/\\\/slanedeti.sk\\\/cms\\\/slane-mosty-2011-2\\\/876#primaryimage\",\"url\":\"https:\\\/\\\/slanedeti.sk\\\/cms\\\/wp-content\\\/uploads\\\/2011\\\/09\\\/slanemosty2011_plagat.jpg\",\"contentUrl\":\"https:\\\/\\\/slanedeti.sk\\\/cms\\\/wp-content\\\/uploads\\\/2011\\\/09\\\/slanemosty2011_plagat.jpg\",\"width\":600,\"height\":849,\"caption\":\"slanemosty2011_plagat\"},{\"@type\":\"WebSite\",\"@id\":\"https:\\\/\\\/slanedeti.sk\\\/cms\\\/#website\",\"url\":\"https:\\\/\\\/slanedeti.sk\\\/cms\\\/\",\"name\":\"Slan\u00e9 deti\",\"description\":\"Inform\u00e1cie o cystickej fibr\u00f3ze\",\"potentialAction\":[{\"@type\":\"SearchAction\",\"target\":{\"@type\":\"EntryPoint\",\"urlTemplate\":\"https:\\\/\\\/slanedeti.sk\\\/cms\\\/?s={search_term_string}\"},\"query-input\":{\"@type\":\"PropertyValueSpecification\",\"valueRequired\":true,\"valueName\":\"search_term_string\"}}],\"inLanguage\":\"sk-SK\"},{\"@type\":\"Person\",\"@id\":\"https:\\\/\\\/slanedeti.sk\\\/cms\\\/#\\\/schema\\\/person\\\/d1068a5f06a6305691f58d5c5abe52a9\",\"name\":\"Jana\",\"url\":\"https:\\\/\\\/slanedeti.sk\\\/cms\\\/author\\\/jana\"}]}<\/script>\n<!-- \/ Yoast SEO plugin. -->","yoast_head_json":{"title":"Slan\u00e9 mosty 2011 - Slan\u00e9 deti","description":"Benefi\u010dn\u00fd koncert Slan\u00e9 mosty, ktor\u00fd sa kon\u00e1 23.10.2011 v DK Liptovsk\u00fd Mikul\u00e1\u0161.","robots":{"index":"index","follow":"follow","max-snippet":"max-snippet:-1","max-image-preview":"max-image-preview:large","max-video-preview":"max-video-preview:-1"},"canonical":"https:\/\/slanedeti.sk\/cms\/slane-mosty-2011-2\/876","og_locale":"sk_SK","og_type":"article","og_title":"Slan\u00e9 mosty 2011 - Slan\u00e9 deti","og_description":"Benefi\u010dn\u00fd koncert Slan\u00e9 mosty, ktor\u00fd sa kon\u00e1 23.10.2011 v DK Liptovsk\u00fd Mikul\u00e1\u0161.","og_url":"https:\/\/slanedeti.sk\/cms\/slane-mosty-2011-2\/876","og_site_name":"Slan\u00e9 deti","article_publisher":"http:\/\/www.facebook.com\/slanedeti","article_published_time":"2011-09-27T12:15:25+00:00","article_modified_time":"2017-09-03T12:30:14+00:00","og_image":[{"width":600,"height":849,"url":"https:\/\/slanedeti.sk\/cms\/wp-content\/uploads\/2011\/09\/slanemosty2011_plagat.jpg","type":"image\/jpeg"}],"author":"Jana","twitter_misc":{"Autor":"Jana","Predpokladan\u00fd \u010das \u010d\u00edtania":"2 min\u00faty"},"schema":{"@context":"https:\/\/schema.org","@graph":[{"@type":"Article","@id":"https:\/\/slanedeti.sk\/cms\/slane-mosty-2011-2\/876#article","isPartOf":{"@id":"https:\/\/slanedeti.sk\/cms\/slane-mosty-2011-2\/876"},"author":{"name":"Jana","@id":"https:\/\/slanedeti.sk\/cms\/#\/schema\/person\/d1068a5f06a6305691f58d5c5abe52a9"},"headline":"Slan\u00e9 mosty 2011","datePublished":"2011-09-27T12:15:25+00:00","dateModified":"2017-09-03T12:30:14+00:00","mainEntityOfPage":{"@id":"https:\/\/slanedeti.sk\/cms\/slane-mosty-2011-2\/876"},"wordCount":436,"image":{"@id":"https:\/\/slanedeti.sk\/cms\/slane-mosty-2011-2\/876#primaryimage"},"thumbnailUrl":"https:\/\/slanedeti.sk\/cms\/wp-content\/uploads\/2011\/09\/slanemosty2011_plagat.jpg","keywords":["benef\u00edcia","Slane mosty"],"articleSection":["Priatelia slan\u00fdch det\u00ed"],"inLanguage":"sk-SK"},{"@type":"WebPage","@id":"https:\/\/slanedeti.sk\/cms\/slane-mosty-2011-2\/876","url":"https:\/\/slanedeti.sk\/cms\/slane-mosty-2011-2\/876","name":"Slan\u00e9 mosty 2011 - Slan\u00e9 deti","isPartOf":{"@id":"https:\/\/slanedeti.sk\/cms\/#website"},"primaryImageOfPage":{"@id":"https:\/\/slanedeti.sk\/cms\/slane-mosty-2011-2\/876#primaryimage"},"image":{"@id":"https:\/\/slanedeti.sk\/cms\/slane-mosty-2011-2\/876#primaryimage"},"thumbnailUrl":"https:\/\/slanedeti.sk\/cms\/wp-content\/uploads\/2011\/09\/slanemosty2011_plagat.jpg","datePublished":"2011-09-27T12:15:25+00:00","dateModified":"2017-09-03T12:30:14+00:00","author":{"@id":"https:\/\/slanedeti.sk\/cms\/#\/schema\/person\/d1068a5f06a6305691f58d5c5abe52a9"},"description":"Benefi\u010dn\u00fd koncert Slan\u00e9 mosty, ktor\u00fd sa kon\u00e1 23.10.2011 v DK Liptovsk\u00fd Mikul\u00e1\u0161.","inLanguage":"sk-SK","potentialAction":[{"@type":"ReadAction","target":["https:\/\/slanedeti.sk\/cms\/slane-mosty-2011-2\/876"]}]},{"@type":"ImageObject","inLanguage":"sk-SK","@id":"https:\/\/slanedeti.sk\/cms\/slane-mosty-2011-2\/876#primaryimage","url":"https:\/\/slanedeti.sk\/cms\/wp-content\/uploads\/2011\/09\/slanemosty2011_plagat.jpg","contentUrl":"https:\/\/slanedeti.sk\/cms\/wp-content\/uploads\/2011\/09\/slanemosty2011_plagat.jpg","width":600,"height":849,"caption":"slanemosty2011_plagat"},{"@type":"WebSite","@id":"https:\/\/slanedeti.sk\/cms\/#website","url":"https:\/\/slanedeti.sk\/cms\/","name":"Slan\u00e9 deti","description":"Inform\u00e1cie o cystickej fibr\u00f3ze","potentialAction":[{"@type":"SearchAction","target":{"@type":"EntryPoint","urlTemplate":"https:\/\/slanedeti.sk\/cms\/?s={search_term_string}"},"query-input":{"@type":"PropertyValueSpecification","valueRequired":true,"valueName":"search_term_string"}}],"inLanguage":"sk-SK"},{"@type":"Person","@id":"https:\/\/slanedeti.sk\/cms\/#\/schema\/person\/d1068a5f06a6305691f58d5c5abe52a9","name":"Jana","url":"https:\/\/slanedeti.sk\/cms\/author\/jana"}]}},"_links":{"self":[{"href":"https:\/\/slanedeti.sk\/cms\/wp-json\/wp\/v2\/posts\/876","targetHints":{"allow":["GET"]}}],"collection":[{"href":"https:\/\/slanedeti.sk\/cms\/wp-json\/wp\/v2\/posts"}],"about":[{"href":"https:\/\/slanedeti.sk\/cms\/wp-json\/wp\/v2\/types\/post"}],"author":[{"embeddable":true,"href":"https:\/\/slanedeti.sk\/cms\/wp-json\/wp\/v2\/users\/4"}],"replies":[{"embeddable":true,"href":"https:\/\/slanedeti.sk\/cms\/wp-json\/wp\/v2\/comments?post=876"}],"version-history":[{"count":0,"href":"https:\/\/slanedeti.sk\/cms\/wp-json\/wp\/v2\/posts\/876\/revisions"}],"wp:featuredmedia":[{"embeddable":true,"href":"https:\/\/slanedeti.sk\/cms\/wp-json\/wp\/v2\/media\/1244"}],"wp:attachment":[{"href":"https:\/\/slanedeti.sk\/cms\/wp-json\/wp\/v2\/media?parent=876"}],"wp:term":[{"taxonomy":"category","embeddable":true,"href":"https:\/\/slanedeti.sk\/cms\/wp-json\/wp\/v2\/categories?post=876"},{"taxonomy":"post_tag","embeddable":true,"href":"https:\/\/slanedeti.sk\/cms\/wp-json\/wp\/v2\/tags?post=876"}],"curies":[{"name":"wp","href":"https:\/\/api.w.org\/{rel}","templated":true}]}}