{"id":872,"date":"2011-06-27T09:55:25","date_gmt":"2011-06-27T07:55:25","guid":{"rendered":"http:\/\/slanedeti.sk\/cms\/video-moze-sa-stat-dievca-s-cystickou-fibrozou-modelkou-2\/201106"},"modified":"2014-02-09T15:48:05","modified_gmt":"2014-02-09T14:48:05","slug":"video-moze-sa-stat-dievca-s-cystickou-fibrozou-modelkou-2","status":"publish","type":"post","link":"https:\/\/slanedeti.sk\/cms\/video-moze-sa-stat-dievca-s-cystickou-fibrozou-modelkou-2\/872","title":{"rendered":"VIDEO: M\u00f4\u017ee sa sta\u0165 diev\u010da s cystickou fibr\u00f3zou modelkou?"},"content":{"rendered":"<p>Takmer denne sa presvied\u010dame, \u017ee sa\u00a0 \u013eudia\u00a0 akt\u00edvne zap\u00e1jaj\u00fa do \u017eivota aj napriek \u0165a\u017ek\u00fdm nevylie\u010dite\u013en\u00fdm diagn\u00f3zam. S\u00fa pre n\u00e1s pr\u00edkladom a vzpruhou ako sa popasova\u0165 so \u017eivotom.\u00a0 A pr\u00e1ve o tom je aj toto video. Krehk\u00e1 diev\u010dina s cystickou fibr\u00f3zou, ktor\u00e1 sa presadila ako modelka.<\/p>\n<p>&nbsp;<\/p>\n<p><iframe loading=\"lazy\" width=\"400\" height=\"225\" frameborder=\"0\" src=\"http:\/\/www.youtube.com\/embed\/O4tbbg8LXrA\"><\/iframe><\/p>\n<p><em>Titulky: Gallagher<\/em><\/p>\n<p>Ak sa titulky nezobrazuj\u00fa automaticky po spusten\u00ed videa, kliknite na <strong>CC<\/strong>.<\/p>\n<p><a href=\"http:\/\/www.youtube.com\/watch?feature=player_embedded&amp;v=O4tbbg8LXrA\">video na youtube.com<\/a><\/p>\n","protected":false},"excerpt":{"rendered":"<p>Takmer denne sa presvied&#269;ame, &#382;e sa&nbsp; &#318;udia&nbsp; akt&iacute;vne zap&aacute;jaj&uacute; do &#382;ivota aj napriek &#357;a&#382;k&yacute;m nevylie&#269;ite&#318;n&yacute;m diagn&oacute;zam. S&uacute; pre n&aacute;s pr&iacute;kladom a vzpruhou ako sa popasova&#357; so &#382;ivotom.&nbsp; A pr&aacute;ve o tom je aj toto video. Krehk&aacute; diev&#269;ina s cystickou fibr&oacute;zou, &hellip; <a href=\"https:\/\/slanedeti.sk\/cms\/video-moze-sa-stat-dievca-s-cystickou-fibrozou-modelkou-2\/872\">Continued<\/a><\/p>\n","protected":false},"author":3,"featured_media":1600,"comment_status":"closed","ping_status":"closed","sticky":false,"template":"","format":"standard","meta":{"kt_blocks_editor_width":"","footnotes":""},"categories":[250],"tags":[10,175],"class_list":["post-872","post","type-post","status-publish","format-standard","has-post-thumbnail","hentry","category-zivot-s-cystickou-fibrozou","tag-cysticka-fibroza","tag-modelka"],"yoast_head":"<!-- This site is optimized with the Yoast SEO plugin v27.5 - https:\/\/yoast.com\/product\/yoast-seo-wordpress\/ -->\n<title>VIDEO: M\u00f4\u017ee sa sta\u0165 diev\u010da s cystickou fibr\u00f3zou modelkou?  - Slan\u00e9 deti<\/title>\n<meta name=\"description\" content=\"Rozhovor s mladou \u017eenou, ktor\u00e1 sa nevzdala a napriek cystickej fibr\u00f3ze sa stala modelkou.\" \/>\n<meta name=\"robots\" content=\"index, follow, max-snippet:-1, max-image-preview:large, max-video-preview:-1\" \/>\n<link rel=\"canonical\" href=\"https:\/\/slanedeti.sk\/cms\/video-moze-sa-stat-dievca-s-cystickou-fibrozou-modelkou-2\/872\" \/>\n<meta property=\"og:locale\" content=\"sk_SK\" \/>\n<meta property=\"og:type\" content=\"article\" \/>\n<meta property=\"og:title\" content=\"VIDEO: M\u00f4\u017ee sa sta\u0165 diev\u010da s cystickou fibr\u00f3zou modelkou?  - Slan\u00e9 deti\" \/>\n<meta property=\"og:description\" content=\"Rozhovor s mladou \u017eenou, ktor\u00e1 sa nevzdala a napriek cystickej fibr\u00f3ze sa stala modelkou.\" \/>\n<meta property=\"og:url\" content=\"https:\/\/slanedeti.sk\/cms\/video-moze-sa-stat-dievca-s-cystickou-fibrozou-modelkou-2\/872\" \/>\n<meta property=\"og:site_name\" content=\"Slan\u00e9 deti\" \/>\n<meta property=\"article:publisher\" content=\"http:\/\/www.facebook.com\/slanedeti\" \/>\n<meta property=\"article:published_time\" content=\"2011-06-27T07:55:25+00:00\" \/>\n<meta property=\"article:modified_time\" content=\"2014-02-09T14:48:05+00:00\" \/>\n<meta property=\"og:image\" content=\"https:\/\/slanedeti.sk\/cms\/wp-content\/uploads\/2013\/07\/logo_CB-e1446396108362.png\" \/>\n\t<meta property=\"og:image:width\" content=\"350\" \/>\n\t<meta property=\"og:image:height\" content=\"350\" \/>\n\t<meta property=\"og:image:type\" content=\"image\/png\" \/>\n<meta name=\"author\" content=\"Kika\" \/>\n<meta name=\"twitter:label1\" content=\"Autor\" \/>\n\t<meta name=\"twitter:data1\" content=\"Kika\" \/>\n<script type=\"application\/ld+json\" class=\"yoast-schema-graph\">{\"@context\":\"https:\\\/\\\/schema.org\",\"@graph\":[{\"@type\":\"Article\",\"@id\":\"https:\\\/\\\/slanedeti.sk\\\/cms\\\/video-moze-sa-stat-dievca-s-cystickou-fibrozou-modelkou-2\\\/872#article\",\"isPartOf\":{\"@id\":\"https:\\\/\\\/slanedeti.sk\\\/cms\\\/video-moze-sa-stat-dievca-s-cystickou-fibrozou-modelkou-2\\\/872\"},\"author\":{\"name\":\"Kika\",\"@id\":\"https:\\\/\\\/slanedeti.sk\\\/cms\\\/#\\\/schema\\\/person\\\/8d4185e268823ccbc166a1895f1b7938\"},\"headline\":\"VIDEO: M\u00f4\u017ee sa sta\u0165 diev\u010da s cystickou fibr\u00f3zou modelkou?\",\"datePublished\":\"2011-06-27T07:55:25+00:00\",\"dateModified\":\"2014-02-09T14:48:05+00:00\",\"mainEntityOfPage\":{\"@id\":\"https:\\\/\\\/slanedeti.sk\\\/cms\\\/video-moze-sa-stat-dievca-s-cystickou-fibrozou-modelkou-2\\\/872\"},\"wordCount\":89,\"image\":{\"@id\":\"https:\\\/\\\/slanedeti.sk\\\/cms\\\/video-moze-sa-stat-dievca-s-cystickou-fibrozou-modelkou-2\\\/872#primaryimage\"},\"thumbnailUrl\":\"https:\\\/\\\/slanedeti.sk\\\/cms\\\/wp-content\\\/uploads\\\/2013\\\/07\\\/logo_CB-e1446396108362.png\",\"keywords\":[\"cystick\u00e1 fibr\u00f3za\",\"modelka\"],\"articleSection\":[\"\u017divot s cystickou fibr\u00f3zou\"],\"inLanguage\":\"sk-SK\"},{\"@type\":\"WebPage\",\"@id\":\"https:\\\/\\\/slanedeti.sk\\\/cms\\\/video-moze-sa-stat-dievca-s-cystickou-fibrozou-modelkou-2\\\/872\",\"url\":\"https:\\\/\\\/slanedeti.sk\\\/cms\\\/video-moze-sa-stat-dievca-s-cystickou-fibrozou-modelkou-2\\\/872\",\"name\":\"VIDEO: M\u00f4\u017ee sa sta\u0165 diev\u010da s cystickou fibr\u00f3zou modelkou? - Slan\u00e9 deti\",\"isPartOf\":{\"@id\":\"https:\\\/\\\/slanedeti.sk\\\/cms\\\/#website\"},\"primaryImageOfPage\":{\"@id\":\"https:\\\/\\\/slanedeti.sk\\\/cms\\\/video-moze-sa-stat-dievca-s-cystickou-fibrozou-modelkou-2\\\/872#primaryimage\"},\"image\":{\"@id\":\"https:\\\/\\\/slanedeti.sk\\\/cms\\\/video-moze-sa-stat-dievca-s-cystickou-fibrozou-modelkou-2\\\/872#primaryimage\"},\"thumbnailUrl\":\"https:\\\/\\\/slanedeti.sk\\\/cms\\\/wp-content\\\/uploads\\\/2013\\\/07\\\/logo_CB-e1446396108362.png\",\"datePublished\":\"2011-06-27T07:55:25+00:00\",\"dateModified\":\"2014-02-09T14:48:05+00:00\",\"author\":{\"@id\":\"https:\\\/\\\/slanedeti.sk\\\/cms\\\/#\\\/schema\\\/person\\\/8d4185e268823ccbc166a1895f1b7938\"},\"description\":\"Rozhovor s mladou \u017eenou, ktor\u00e1 sa nevzdala a napriek cystickej fibr\u00f3ze sa stala modelkou.\",\"inLanguage\":\"sk-SK\",\"potentialAction\":[{\"@type\":\"ReadAction\",\"target\":[\"https:\\\/\\\/slanedeti.sk\\\/cms\\\/video-moze-sa-stat-dievca-s-cystickou-fibrozou-modelkou-2\\\/872\"]}]},{\"@type\":\"ImageObject\",\"inLanguage\":\"sk-SK\",\"@id\":\"https:\\\/\\\/slanedeti.sk\\\/cms\\\/video-moze-sa-stat-dievca-s-cystickou-fibrozou-modelkou-2\\\/872#primaryimage\",\"url\":\"https:\\\/\\\/slanedeti.sk\\\/cms\\\/wp-content\\\/uploads\\\/2013\\\/07\\\/logo_CB-e1446396108362.png\",\"contentUrl\":\"https:\\\/\\\/slanedeti.sk\\\/cms\\\/wp-content\\\/uploads\\\/2013\\\/07\\\/logo_CB-e1446396108362.png\",\"width\":350,\"height\":350},{\"@type\":\"WebSite\",\"@id\":\"https:\\\/\\\/slanedeti.sk\\\/cms\\\/#website\",\"url\":\"https:\\\/\\\/slanedeti.sk\\\/cms\\\/\",\"name\":\"Slan\u00e9 deti\",\"description\":\"Inform\u00e1cie o cystickej fibr\u00f3ze\",\"potentialAction\":[{\"@type\":\"SearchAction\",\"target\":{\"@type\":\"EntryPoint\",\"urlTemplate\":\"https:\\\/\\\/slanedeti.sk\\\/cms\\\/?s={search_term_string}\"},\"query-input\":{\"@type\":\"PropertyValueSpecification\",\"valueRequired\":true,\"valueName\":\"search_term_string\"}}],\"inLanguage\":\"sk-SK\"},{\"@type\":\"Person\",\"@id\":\"https:\\\/\\\/slanedeti.sk\\\/cms\\\/#\\\/schema\\\/person\\\/8d4185e268823ccbc166a1895f1b7938\",\"name\":\"Kika\",\"url\":\"https:\\\/\\\/slanedeti.sk\\\/cms\\\/author\\\/kika\"}]}<\/script>\n<!-- \/ Yoast SEO plugin. -->","yoast_head_json":{"title":"VIDEO: M\u00f4\u017ee sa sta\u0165 diev\u010da s cystickou fibr\u00f3zou modelkou?  - Slan\u00e9 deti","description":"Rozhovor s mladou \u017eenou, ktor\u00e1 sa nevzdala a napriek cystickej fibr\u00f3ze sa stala modelkou.","robots":{"index":"index","follow":"follow","max-snippet":"max-snippet:-1","max-image-preview":"max-image-preview:large","max-video-preview":"max-video-preview:-1"},"canonical":"https:\/\/slanedeti.sk\/cms\/video-moze-sa-stat-dievca-s-cystickou-fibrozou-modelkou-2\/872","og_locale":"sk_SK","og_type":"article","og_title":"VIDEO: M\u00f4\u017ee sa sta\u0165 diev\u010da s cystickou fibr\u00f3zou modelkou?  - Slan\u00e9 deti","og_description":"Rozhovor s mladou \u017eenou, ktor\u00e1 sa nevzdala a napriek cystickej fibr\u00f3ze sa stala modelkou.","og_url":"https:\/\/slanedeti.sk\/cms\/video-moze-sa-stat-dievca-s-cystickou-fibrozou-modelkou-2\/872","og_site_name":"Slan\u00e9 deti","article_publisher":"http:\/\/www.facebook.com\/slanedeti","article_published_time":"2011-06-27T07:55:25+00:00","article_modified_time":"2014-02-09T14:48:05+00:00","og_image":[{"width":350,"height":350,"url":"https:\/\/slanedeti.sk\/cms\/wp-content\/uploads\/2013\/07\/logo_CB-e1446396108362.png","type":"image\/png"}],"author":"Kika","twitter_misc":{"Autor":"Kika"},"schema":{"@context":"https:\/\/schema.org","@graph":[{"@type":"Article","@id":"https:\/\/slanedeti.sk\/cms\/video-moze-sa-stat-dievca-s-cystickou-fibrozou-modelkou-2\/872#article","isPartOf":{"@id":"https:\/\/slanedeti.sk\/cms\/video-moze-sa-stat-dievca-s-cystickou-fibrozou-modelkou-2\/872"},"author":{"name":"Kika","@id":"https:\/\/slanedeti.sk\/cms\/#\/schema\/person\/8d4185e268823ccbc166a1895f1b7938"},"headline":"VIDEO: M\u00f4\u017ee sa sta\u0165 diev\u010da s cystickou fibr\u00f3zou modelkou?","datePublished":"2011-06-27T07:55:25+00:00","dateModified":"2014-02-09T14:48:05+00:00","mainEntityOfPage":{"@id":"https:\/\/slanedeti.sk\/cms\/video-moze-sa-stat-dievca-s-cystickou-fibrozou-modelkou-2\/872"},"wordCount":89,"image":{"@id":"https:\/\/slanedeti.sk\/cms\/video-moze-sa-stat-dievca-s-cystickou-fibrozou-modelkou-2\/872#primaryimage"},"thumbnailUrl":"https:\/\/slanedeti.sk\/cms\/wp-content\/uploads\/2013\/07\/logo_CB-e1446396108362.png","keywords":["cystick\u00e1 fibr\u00f3za","modelka"],"articleSection":["\u017divot s cystickou fibr\u00f3zou"],"inLanguage":"sk-SK"},{"@type":"WebPage","@id":"https:\/\/slanedeti.sk\/cms\/video-moze-sa-stat-dievca-s-cystickou-fibrozou-modelkou-2\/872","url":"https:\/\/slanedeti.sk\/cms\/video-moze-sa-stat-dievca-s-cystickou-fibrozou-modelkou-2\/872","name":"VIDEO: M\u00f4\u017ee sa sta\u0165 diev\u010da s cystickou fibr\u00f3zou modelkou? - Slan\u00e9 deti","isPartOf":{"@id":"https:\/\/slanedeti.sk\/cms\/#website"},"primaryImageOfPage":{"@id":"https:\/\/slanedeti.sk\/cms\/video-moze-sa-stat-dievca-s-cystickou-fibrozou-modelkou-2\/872#primaryimage"},"image":{"@id":"https:\/\/slanedeti.sk\/cms\/video-moze-sa-stat-dievca-s-cystickou-fibrozou-modelkou-2\/872#primaryimage"},"thumbnailUrl":"https:\/\/slanedeti.sk\/cms\/wp-content\/uploads\/2013\/07\/logo_CB-e1446396108362.png","datePublished":"2011-06-27T07:55:25+00:00","dateModified":"2014-02-09T14:48:05+00:00","author":{"@id":"https:\/\/slanedeti.sk\/cms\/#\/schema\/person\/8d4185e268823ccbc166a1895f1b7938"},"description":"Rozhovor s mladou \u017eenou, ktor\u00e1 sa nevzdala a napriek cystickej fibr\u00f3ze sa stala modelkou.","inLanguage":"sk-SK","potentialAction":[{"@type":"ReadAction","target":["https:\/\/slanedeti.sk\/cms\/video-moze-sa-stat-dievca-s-cystickou-fibrozou-modelkou-2\/872"]}]},{"@type":"ImageObject","inLanguage":"sk-SK","@id":"https:\/\/slanedeti.sk\/cms\/video-moze-sa-stat-dievca-s-cystickou-fibrozou-modelkou-2\/872#primaryimage","url":"https:\/\/slanedeti.sk\/cms\/wp-content\/uploads\/2013\/07\/logo_CB-e1446396108362.png","contentUrl":"https:\/\/slanedeti.sk\/cms\/wp-content\/uploads\/2013\/07\/logo_CB-e1446396108362.png","width":350,"height":350},{"@type":"WebSite","@id":"https:\/\/slanedeti.sk\/cms\/#website","url":"https:\/\/slanedeti.sk\/cms\/","name":"Slan\u00e9 deti","description":"Inform\u00e1cie o cystickej fibr\u00f3ze","potentialAction":[{"@type":"SearchAction","target":{"@type":"EntryPoint","urlTemplate":"https:\/\/slanedeti.sk\/cms\/?s={search_term_string}"},"query-input":{"@type":"PropertyValueSpecification","valueRequired":true,"valueName":"search_term_string"}}],"inLanguage":"sk-SK"},{"@type":"Person","@id":"https:\/\/slanedeti.sk\/cms\/#\/schema\/person\/8d4185e268823ccbc166a1895f1b7938","name":"Kika","url":"https:\/\/slanedeti.sk\/cms\/author\/kika"}]}},"_links":{"self":[{"href":"https:\/\/slanedeti.sk\/cms\/wp-json\/wp\/v2\/posts\/872","targetHints":{"allow":["GET"]}}],"collection":[{"href":"https:\/\/slanedeti.sk\/cms\/wp-json\/wp\/v2\/posts"}],"about":[{"href":"https:\/\/slanedeti.sk\/cms\/wp-json\/wp\/v2\/types\/post"}],"author":[{"embeddable":true,"href":"https:\/\/slanedeti.sk\/cms\/wp-json\/wp\/v2\/users\/3"}],"replies":[{"embeddable":true,"href":"https:\/\/slanedeti.sk\/cms\/wp-json\/wp\/v2\/comments?post=872"}],"version-history":[{"count":0,"href":"https:\/\/slanedeti.sk\/cms\/wp-json\/wp\/v2\/posts\/872\/revisions"}],"wp:featuredmedia":[{"embeddable":true,"href":"https:\/\/slanedeti.sk\/cms\/wp-json\/wp\/v2\/media\/1600"}],"wp:attachment":[{"href":"https:\/\/slanedeti.sk\/cms\/wp-json\/wp\/v2\/media?parent=872"}],"wp:term":[{"taxonomy":"category","embeddable":true,"href":"https:\/\/slanedeti.sk\/cms\/wp-json\/wp\/v2\/categories?post=872"},{"taxonomy":"post_tag","embeddable":true,"href":"https:\/\/slanedeti.sk\/cms\/wp-json\/wp\/v2\/tags?post=872"}],"curies":[{"name":"wp","href":"https:\/\/api.w.org\/{rel}","templated":true}]}}