{"id":796,"date":"2008-01-21T13:27:59","date_gmt":"2008-01-21T11:27:59","guid":{"rendered":"http:\/\/slanedeti.sk\/cms\/financna-pomoc-v-roku-2008-2\/200801"},"modified":"2017-09-03T13:29:32","modified_gmt":"2017-09-03T12:29:32","slug":"financna-pomoc-v-roku-2008-2","status":"publish","type":"post","link":"https:\/\/slanedeti.sk\/cms\/financna-pomoc-v-roku-2008-2\/796","title":{"rendered":"Finan\u010dn\u00e1 pomoc v roku 2008"},"content":{"rendered":"<p>Mil\u00ed rodi\u010dia a dospel\u00ed pacienti,<\/p>\n<p>aj v novom kalend\u00e1rnom roku 2008\u00a0 m\u00f4\u017eete po\u017eiada\u0165 o finan\u010dn\u00fd pr\u00edspevok na zak\u00fapenie inhala\u010dnej alebo rehabilita\u010dnej pom\u00f4cky a to najm\u00e4 v\u010faka \u0161tedr\u00fdm darcom, ktor\u00ed n\u00e1s v minulom roku podporili.<\/p>\n<p>Na\u010falej poskytujeme aj finan\u010dn\u00fd pr\u00edspevok 5.000,- Sk v\u0161etk\u00fdm, ktor\u00ed o to po\u017eiadaj\u00fa p\u00edsomnou formou. Podmienkou pre poskytnutie finan\u010dnej pomoci je prilo\u017eenie dokladov napr. doklady z lek\u00e1rne, doklad o zak\u00fapen\u00ed zdravotnej pom\u00f4cky, rekrea\u010dn\u00fd pobyt a pod.<\/p>\n<p>Potrebn\u00e9 tla\u010div\u00e1 n\u00e1jdete u svojho lek\u00e1ra alebo v \u010dasti <a title=\"Na stiahnutie\" href=\"https:\/\/slanedeti.sk\/cms\/na-stiahnutie\">Na stiahnutie<\/a>.<br \/>\nTla\u010divo m\u00f4\u017eete posla\u0165 po\u0161tou na adresu zdru\u017eenia alebo e-mailom ktor\u00e9muko\u013evek \u010dlenovi Spr\u00e1vnej rady.<\/p>\n<p>Spr\u00e1vna rada<\/p>\n","protected":false},"excerpt":{"rendered":"<p>Mil&iacute; rodi&#269;ia a dospel&iacute; pacienti, aj v novom kalend&aacute;rnom roku 2008&nbsp; m&ocirc;&#382;ete po&#382;iada&#357; o finan&#269;n&yacute; pr&iacute;spevok na zak&uacute;penie inhala&#269;nej alebo rehabilita&#269;nej pom&ocirc;cky a to najm&auml; v&#271;aka &scaron;tedr&yacute;m darcom, ktor&iacute; n&aacute;s v minulom roku podporili. Na&#271;alej poskytujeme aj finan&#269;n&yacute; pr&iacute;spevok 5.000,- &hellip; <a href=\"https:\/\/slanedeti.sk\/cms\/financna-pomoc-v-roku-2008-2\/796\">Continued<\/a><\/p>\n","protected":false},"author":3,"featured_media":1600,"comment_status":"closed","ping_status":"closed","sticky":false,"template":"","format":"standard","meta":{"kt_blocks_editor_width":"","footnotes":""},"categories":[264],"tags":[],"class_list":["post-796","post","type-post","status-publish","format-standard","has-post-thumbnail","hentry","category-priatelia-slanych-deti"],"yoast_head":"<!-- This site is optimized with the Yoast SEO plugin v27.5 - https:\/\/yoast.com\/product\/yoast-seo-wordpress\/ -->\n<title>Finan\u010dn\u00e1 pomoc v roku 2008 - Slan\u00e9 deti<\/title>\n<meta name=\"description\" content=\"V kalend\u00e1rnom roku 2008 m\u00f4\u017eete op\u00e4\u0165 po\u017eiada\u0165 o finan\u010dn\u00fd pr\u00edspevok na zak\u00fapenie inhala\u010dnej alebo rehabilita\u010dnej pom\u00f4cky a to najm\u00e4 v\u010faka \u0161tedr\u00fdm darcom, ktor\u00ed n\u00e1s v minulom roku podporili.\" \/>\n<meta name=\"robots\" content=\"index, follow, max-snippet:-1, max-image-preview:large, max-video-preview:-1\" \/>\n<link rel=\"canonical\" href=\"https:\/\/slanedeti.sk\/cms\/financna-pomoc-v-roku-2008-2\/796\" \/>\n<meta property=\"og:locale\" content=\"sk_SK\" \/>\n<meta property=\"og:type\" content=\"article\" \/>\n<meta property=\"og:title\" content=\"Finan\u010dn\u00e1 pomoc v roku 2008 - Slan\u00e9 deti\" \/>\n<meta property=\"og:description\" content=\"V kalend\u00e1rnom roku 2008 m\u00f4\u017eete op\u00e4\u0165 po\u017eiada\u0165 o finan\u010dn\u00fd pr\u00edspevok na zak\u00fapenie inhala\u010dnej alebo rehabilita\u010dnej pom\u00f4cky a to najm\u00e4 v\u010faka \u0161tedr\u00fdm darcom, ktor\u00ed n\u00e1s v minulom roku podporili.\" \/>\n<meta property=\"og:url\" content=\"https:\/\/slanedeti.sk\/cms\/financna-pomoc-v-roku-2008-2\/796\" \/>\n<meta property=\"og:site_name\" content=\"Slan\u00e9 deti\" \/>\n<meta property=\"article:publisher\" content=\"http:\/\/www.facebook.com\/slanedeti\" \/>\n<meta property=\"article:published_time\" content=\"2008-01-21T11:27:59+00:00\" \/>\n<meta property=\"article:modified_time\" content=\"2017-09-03T12:29:32+00:00\" \/>\n<meta property=\"og:image\" content=\"https:\/\/slanedeti.sk\/cms\/wp-content\/uploads\/2013\/07\/logo_CB-e1446396108362.png\" \/>\n\t<meta property=\"og:image:width\" content=\"350\" \/>\n\t<meta property=\"og:image:height\" content=\"350\" \/>\n\t<meta property=\"og:image:type\" content=\"image\/png\" \/>\n<meta name=\"author\" content=\"Kika\" \/>\n<meta name=\"twitter:label1\" content=\"Autor\" \/>\n\t<meta name=\"twitter:data1\" content=\"Kika\" \/>\n\t<meta name=\"twitter:label2\" content=\"Predpokladan\u00fd \u010das \u010d\u00edtania\" \/>\n\t<meta name=\"twitter:data2\" content=\"1 min\u00fata\" \/>\n<script type=\"application\/ld+json\" class=\"yoast-schema-graph\">{\"@context\":\"https:\\\/\\\/schema.org\",\"@graph\":[{\"@type\":\"Article\",\"@id\":\"https:\\\/\\\/slanedeti.sk\\\/cms\\\/financna-pomoc-v-roku-2008-2\\\/796#article\",\"isPartOf\":{\"@id\":\"https:\\\/\\\/slanedeti.sk\\\/cms\\\/financna-pomoc-v-roku-2008-2\\\/796\"},\"author\":{\"name\":\"Kika\",\"@id\":\"https:\\\/\\\/slanedeti.sk\\\/cms\\\/#\\\/schema\\\/person\\\/8d4185e268823ccbc166a1895f1b7938\"},\"headline\":\"Finan\u010dn\u00e1 pomoc v roku 2008\",\"datePublished\":\"2008-01-21T11:27:59+00:00\",\"dateModified\":\"2017-09-03T12:29:32+00:00\",\"mainEntityOfPage\":{\"@id\":\"https:\\\/\\\/slanedeti.sk\\\/cms\\\/financna-pomoc-v-roku-2008-2\\\/796\"},\"wordCount\":136,\"image\":{\"@id\":\"https:\\\/\\\/slanedeti.sk\\\/cms\\\/financna-pomoc-v-roku-2008-2\\\/796#primaryimage\"},\"thumbnailUrl\":\"https:\\\/\\\/slanedeti.sk\\\/cms\\\/wp-content\\\/uploads\\\/2013\\\/07\\\/logo_CB-e1446396108362.png\",\"articleSection\":[\"Priatelia slan\u00fdch det\u00ed\"],\"inLanguage\":\"sk-SK\"},{\"@type\":\"WebPage\",\"@id\":\"https:\\\/\\\/slanedeti.sk\\\/cms\\\/financna-pomoc-v-roku-2008-2\\\/796\",\"url\":\"https:\\\/\\\/slanedeti.sk\\\/cms\\\/financna-pomoc-v-roku-2008-2\\\/796\",\"name\":\"Finan\u010dn\u00e1 pomoc v roku 2008 - Slan\u00e9 deti\",\"isPartOf\":{\"@id\":\"https:\\\/\\\/slanedeti.sk\\\/cms\\\/#website\"},\"primaryImageOfPage\":{\"@id\":\"https:\\\/\\\/slanedeti.sk\\\/cms\\\/financna-pomoc-v-roku-2008-2\\\/796#primaryimage\"},\"image\":{\"@id\":\"https:\\\/\\\/slanedeti.sk\\\/cms\\\/financna-pomoc-v-roku-2008-2\\\/796#primaryimage\"},\"thumbnailUrl\":\"https:\\\/\\\/slanedeti.sk\\\/cms\\\/wp-content\\\/uploads\\\/2013\\\/07\\\/logo_CB-e1446396108362.png\",\"datePublished\":\"2008-01-21T11:27:59+00:00\",\"dateModified\":\"2017-09-03T12:29:32+00:00\",\"author\":{\"@id\":\"https:\\\/\\\/slanedeti.sk\\\/cms\\\/#\\\/schema\\\/person\\\/8d4185e268823ccbc166a1895f1b7938\"},\"description\":\"V kalend\u00e1rnom roku 2008 m\u00f4\u017eete op\u00e4\u0165 po\u017eiada\u0165 o finan\u010dn\u00fd pr\u00edspevok na zak\u00fapenie inhala\u010dnej alebo rehabilita\u010dnej pom\u00f4cky a to najm\u00e4 v\u010faka \u0161tedr\u00fdm darcom, ktor\u00ed n\u00e1s v minulom roku podporili.\",\"inLanguage\":\"sk-SK\",\"potentialAction\":[{\"@type\":\"ReadAction\",\"target\":[\"https:\\\/\\\/slanedeti.sk\\\/cms\\\/financna-pomoc-v-roku-2008-2\\\/796\"]}]},{\"@type\":\"ImageObject\",\"inLanguage\":\"sk-SK\",\"@id\":\"https:\\\/\\\/slanedeti.sk\\\/cms\\\/financna-pomoc-v-roku-2008-2\\\/796#primaryimage\",\"url\":\"https:\\\/\\\/slanedeti.sk\\\/cms\\\/wp-content\\\/uploads\\\/2013\\\/07\\\/logo_CB-e1446396108362.png\",\"contentUrl\":\"https:\\\/\\\/slanedeti.sk\\\/cms\\\/wp-content\\\/uploads\\\/2013\\\/07\\\/logo_CB-e1446396108362.png\",\"width\":350,\"height\":350},{\"@type\":\"WebSite\",\"@id\":\"https:\\\/\\\/slanedeti.sk\\\/cms\\\/#website\",\"url\":\"https:\\\/\\\/slanedeti.sk\\\/cms\\\/\",\"name\":\"Slan\u00e9 deti\",\"description\":\"Inform\u00e1cie o cystickej fibr\u00f3ze\",\"potentialAction\":[{\"@type\":\"SearchAction\",\"target\":{\"@type\":\"EntryPoint\",\"urlTemplate\":\"https:\\\/\\\/slanedeti.sk\\\/cms\\\/?s={search_term_string}\"},\"query-input\":{\"@type\":\"PropertyValueSpecification\",\"valueRequired\":true,\"valueName\":\"search_term_string\"}}],\"inLanguage\":\"sk-SK\"},{\"@type\":\"Person\",\"@id\":\"https:\\\/\\\/slanedeti.sk\\\/cms\\\/#\\\/schema\\\/person\\\/8d4185e268823ccbc166a1895f1b7938\",\"name\":\"Kika\",\"url\":\"https:\\\/\\\/slanedeti.sk\\\/cms\\\/author\\\/kika\"}]}<\/script>\n<!-- \/ Yoast SEO plugin. -->","yoast_head_json":{"title":"Finan\u010dn\u00e1 pomoc v roku 2008 - Slan\u00e9 deti","description":"V kalend\u00e1rnom roku 2008 m\u00f4\u017eete op\u00e4\u0165 po\u017eiada\u0165 o finan\u010dn\u00fd pr\u00edspevok na zak\u00fapenie inhala\u010dnej alebo rehabilita\u010dnej pom\u00f4cky a to najm\u00e4 v\u010faka \u0161tedr\u00fdm darcom, ktor\u00ed n\u00e1s v minulom roku podporili.","robots":{"index":"index","follow":"follow","max-snippet":"max-snippet:-1","max-image-preview":"max-image-preview:large","max-video-preview":"max-video-preview:-1"},"canonical":"https:\/\/slanedeti.sk\/cms\/financna-pomoc-v-roku-2008-2\/796","og_locale":"sk_SK","og_type":"article","og_title":"Finan\u010dn\u00e1 pomoc v roku 2008 - Slan\u00e9 deti","og_description":"V kalend\u00e1rnom roku 2008 m\u00f4\u017eete op\u00e4\u0165 po\u017eiada\u0165 o finan\u010dn\u00fd pr\u00edspevok na zak\u00fapenie inhala\u010dnej alebo rehabilita\u010dnej pom\u00f4cky a to najm\u00e4 v\u010faka \u0161tedr\u00fdm darcom, ktor\u00ed n\u00e1s v minulom roku podporili.","og_url":"https:\/\/slanedeti.sk\/cms\/financna-pomoc-v-roku-2008-2\/796","og_site_name":"Slan\u00e9 deti","article_publisher":"http:\/\/www.facebook.com\/slanedeti","article_published_time":"2008-01-21T11:27:59+00:00","article_modified_time":"2017-09-03T12:29:32+00:00","og_image":[{"width":350,"height":350,"url":"https:\/\/slanedeti.sk\/cms\/wp-content\/uploads\/2013\/07\/logo_CB-e1446396108362.png","type":"image\/png"}],"author":"Kika","twitter_misc":{"Autor":"Kika","Predpokladan\u00fd \u010das \u010d\u00edtania":"1 min\u00fata"},"schema":{"@context":"https:\/\/schema.org","@graph":[{"@type":"Article","@id":"https:\/\/slanedeti.sk\/cms\/financna-pomoc-v-roku-2008-2\/796#article","isPartOf":{"@id":"https:\/\/slanedeti.sk\/cms\/financna-pomoc-v-roku-2008-2\/796"},"author":{"name":"Kika","@id":"https:\/\/slanedeti.sk\/cms\/#\/schema\/person\/8d4185e268823ccbc166a1895f1b7938"},"headline":"Finan\u010dn\u00e1 pomoc v roku 2008","datePublished":"2008-01-21T11:27:59+00:00","dateModified":"2017-09-03T12:29:32+00:00","mainEntityOfPage":{"@id":"https:\/\/slanedeti.sk\/cms\/financna-pomoc-v-roku-2008-2\/796"},"wordCount":136,"image":{"@id":"https:\/\/slanedeti.sk\/cms\/financna-pomoc-v-roku-2008-2\/796#primaryimage"},"thumbnailUrl":"https:\/\/slanedeti.sk\/cms\/wp-content\/uploads\/2013\/07\/logo_CB-e1446396108362.png","articleSection":["Priatelia slan\u00fdch det\u00ed"],"inLanguage":"sk-SK"},{"@type":"WebPage","@id":"https:\/\/slanedeti.sk\/cms\/financna-pomoc-v-roku-2008-2\/796","url":"https:\/\/slanedeti.sk\/cms\/financna-pomoc-v-roku-2008-2\/796","name":"Finan\u010dn\u00e1 pomoc v roku 2008 - Slan\u00e9 deti","isPartOf":{"@id":"https:\/\/slanedeti.sk\/cms\/#website"},"primaryImageOfPage":{"@id":"https:\/\/slanedeti.sk\/cms\/financna-pomoc-v-roku-2008-2\/796#primaryimage"},"image":{"@id":"https:\/\/slanedeti.sk\/cms\/financna-pomoc-v-roku-2008-2\/796#primaryimage"},"thumbnailUrl":"https:\/\/slanedeti.sk\/cms\/wp-content\/uploads\/2013\/07\/logo_CB-e1446396108362.png","datePublished":"2008-01-21T11:27:59+00:00","dateModified":"2017-09-03T12:29:32+00:00","author":{"@id":"https:\/\/slanedeti.sk\/cms\/#\/schema\/person\/8d4185e268823ccbc166a1895f1b7938"},"description":"V kalend\u00e1rnom roku 2008 m\u00f4\u017eete op\u00e4\u0165 po\u017eiada\u0165 o finan\u010dn\u00fd pr\u00edspevok na zak\u00fapenie inhala\u010dnej alebo rehabilita\u010dnej pom\u00f4cky a to najm\u00e4 v\u010faka \u0161tedr\u00fdm darcom, ktor\u00ed n\u00e1s v minulom roku podporili.","inLanguage":"sk-SK","potentialAction":[{"@type":"ReadAction","target":["https:\/\/slanedeti.sk\/cms\/financna-pomoc-v-roku-2008-2\/796"]}]},{"@type":"ImageObject","inLanguage":"sk-SK","@id":"https:\/\/slanedeti.sk\/cms\/financna-pomoc-v-roku-2008-2\/796#primaryimage","url":"https:\/\/slanedeti.sk\/cms\/wp-content\/uploads\/2013\/07\/logo_CB-e1446396108362.png","contentUrl":"https:\/\/slanedeti.sk\/cms\/wp-content\/uploads\/2013\/07\/logo_CB-e1446396108362.png","width":350,"height":350},{"@type":"WebSite","@id":"https:\/\/slanedeti.sk\/cms\/#website","url":"https:\/\/slanedeti.sk\/cms\/","name":"Slan\u00e9 deti","description":"Inform\u00e1cie o cystickej fibr\u00f3ze","potentialAction":[{"@type":"SearchAction","target":{"@type":"EntryPoint","urlTemplate":"https:\/\/slanedeti.sk\/cms\/?s={search_term_string}"},"query-input":{"@type":"PropertyValueSpecification","valueRequired":true,"valueName":"search_term_string"}}],"inLanguage":"sk-SK"},{"@type":"Person","@id":"https:\/\/slanedeti.sk\/cms\/#\/schema\/person\/8d4185e268823ccbc166a1895f1b7938","name":"Kika","url":"https:\/\/slanedeti.sk\/cms\/author\/kika"}]}},"_links":{"self":[{"href":"https:\/\/slanedeti.sk\/cms\/wp-json\/wp\/v2\/posts\/796","targetHints":{"allow":["GET"]}}],"collection":[{"href":"https:\/\/slanedeti.sk\/cms\/wp-json\/wp\/v2\/posts"}],"about":[{"href":"https:\/\/slanedeti.sk\/cms\/wp-json\/wp\/v2\/types\/post"}],"author":[{"embeddable":true,"href":"https:\/\/slanedeti.sk\/cms\/wp-json\/wp\/v2\/users\/3"}],"replies":[{"embeddable":true,"href":"https:\/\/slanedeti.sk\/cms\/wp-json\/wp\/v2\/comments?post=796"}],"version-history":[{"count":0,"href":"https:\/\/slanedeti.sk\/cms\/wp-json\/wp\/v2\/posts\/796\/revisions"}],"wp:featuredmedia":[{"embeddable":true,"href":"https:\/\/slanedeti.sk\/cms\/wp-json\/wp\/v2\/media\/1600"}],"wp:attachment":[{"href":"https:\/\/slanedeti.sk\/cms\/wp-json\/wp\/v2\/media?parent=796"}],"wp:term":[{"taxonomy":"category","embeddable":true,"href":"https:\/\/slanedeti.sk\/cms\/wp-json\/wp\/v2\/categories?post=796"},{"taxonomy":"post_tag","embeddable":true,"href":"https:\/\/slanedeti.sk\/cms\/wp-json\/wp\/v2\/tags?post=796"}],"curies":[{"name":"wp","href":"https:\/\/api.w.org\/{rel}","templated":true}]}}