{"id":794,"date":"2007-11-02T08:26:23","date_gmt":"2007-11-02T06:26:23","guid":{"rendered":"http:\/\/slanedeti.sk\/cms\/tak-sme-to-teda-zahajili-2\/200711"},"modified":"2017-09-03T13:30:16","modified_gmt":"2017-09-03T12:30:16","slug":"tak-sme-to-teda-zahajili-2","status":"publish","type":"post","link":"https:\/\/slanedeti.sk\/cms\/tak-sme-to-teda-zahajili-2\/794","title":{"rendered":"Tak sme to teda zah\u00e1jili &#8211; Slan\u00e9 mosty 2007"},"content":{"rendered":"<p>V tomto roku sme premenovali benefi\u010dn\u00fd koncert D\u00fahov\u00fd most na Slan\u00e9 mosty. Koncert sa konal ako aj minul\u00fd rok v Liptovskom Mikul\u00e1\u0161i v Dome kult\u00fary, kde n\u00e1s u\u017e dobre poznaj\u00fa. Koncert sa za\u010d\u00ednal v nede\u013eu 14. okt\u00f3bra o 17. hodine.<\/p>\n<p>Zah\u00e1jila ho skupina <strong>Off the point!?!<\/strong>. Nasledovala <strong>Helena Ze\u0165ov\u00e1<\/strong>, ktor\u00e1 to odp\u00e1lila cover verziami star\u00fdch hitov. Skvel\u00fa z\u00e1bavu navodil <strong>Josef Laufer<\/strong>, ktor\u00fd nezaprel svoj zmysel pre humor.<\/p>\n<p style=\"text-align: center;\"><img loading=\"lazy\" decoding=\"async\" class=\"aligncenter\" style=\"border: 0px; margin-top: 20px; margin-bottom: 20px;\" title=\"200711020826_sm2007_laufer\" alt=\"200711020826_sm2007_laufer\" src=\"https:\/\/slanedeti.sk\/cms\/picture_migration\/200711020826_sm2007_laufer.jpg\" width=\"400\" height=\"300\" border=\"0\" hspace=\"5\" vspace=\"5\" \/><\/p>\n<p>Nasledovala skupina <strong>Ne\u0159e\u017e<\/strong>, ktor\u00e1 podporuje predajom svojho CD \u013eud\u00ed s cystickou fibr\u00f3zou v \u010ceskej republike. Dvomi pies\u0148ami sa n\u00e1m predstavila <strong>Tina<\/strong> a <strong>Honza Ponocn\u00fd <\/strong>so svoj\u00edm Circusom Ponorka.<br \/>\nAko sme sa dozvedeli je to dvorn\u00fd hudobn\u00edk Mekkyho \u017dbirku a vyk\u00fazlil n\u00e1m skladbu na po\u010dkanie, hoci z h\u013eadiska sme videli len jedn\u00e9ho gitaristu, ktor\u00fd ovl\u00e1dal tak\u00e9 mal\u00e9 zvl\u00e1\u0161tne krabi\u010dky nohami. Teda bol to naozaj umeleck\u00fd z\u00e1\u017eitok.<\/p>\n<p>Posledn\u00fdm \u00fa\u010dinkuj\u00facim bol <strong>Roman Dragoun a His Angels<\/strong>, ktor\u00fd hral aj pre p\u00e1pe\u017ea J\u00e1na Pavla II.<\/p>\n<p>Podujat\u00edm n\u00e1s u\u017e tradi\u010dne sprev\u00e1dzal <strong>Janko Dubni\u010dka<\/strong>.<br \/>\nCel\u00fd koncert spestrovali \u017eiaci <strong>ZU\u0160 J.B. Bellu<\/strong> svoj\u00edm sc\u00e9nick\u00fdm tancom.<\/p>\n<p><img loading=\"lazy\" decoding=\"async\" class=\"right aligncenter\" style=\"border: 0px; margin-top: 20px; margin-bottom: 20px;\" title=\"200711020825_sm2007_ponocny\" alt=\"200711020825_sm2007_ponocny\" src=\"https:\/\/slanedeti.sk\/cms\/picture_migration\/200711020825_sm2007_ponocny.jpg\" width=\"300\" height=\"400\" border=\"0\" \/><br \/>\n\u010co k tomu doda\u0165?<\/p>\n<p>H\u00e1dam si popria\u0165, aby sa n\u00e1m na\u010falej darilo organizova\u0165 tak\u00e9to skvel\u00e9 podujatie, zapl\u0148a\u0165 s\u00e1ly, bavi\u0165 \u013eud\u00ed a nezab\u00fada\u0165 pritom na \u013eud\u00ed pre ktor\u00fdch to rob\u00edme.<\/p>\n<p>V\u00fd\u0165a\u017eok je venovan\u00fd pacientom s cystickou fibr\u00f3zou.<br \/>\nSlan\u00e9 deti V\u00e1m \u010fakuj\u00fa<\/p>\n<p><strong><a href=\"http:\/\/slanedeti.sk\/phprs\/album\/dm2007\/\">\u010eal\u0161ie fotografie z koncertu<\/a><\/strong><\/p>\n","protected":false},"excerpt":{"rendered":"<p>V tomto roku sme premenovali benefi&#269;n&yacute; koncert D&uacute;hov&yacute; most na Slan&eacute; mosty. Koncert sa konal ako aj minul&yacute; rok v Liptovskom Mikul&aacute;&scaron;i v Dome kult&uacute;ry, kde n&aacute;s u&#382; dobre poznaj&uacute;. Koncert sa za&#269;&iacute;nal v nede&#318;u 14. okt&oacute;bra o 17. hodine. &hellip; <a href=\"https:\/\/slanedeti.sk\/cms\/tak-sme-to-teda-zahajili-2\/794\">Continued<\/a><\/p>\n","protected":false},"author":3,"featured_media":1431,"comment_status":"closed","ping_status":"closed","sticky":false,"template":"","format":"standard","meta":{"kt_blocks_editor_width":"","footnotes":""},"categories":[264],"tags":[],"class_list":["post-794","post","type-post","status-publish","format-standard","has-post-thumbnail","hentry","category-priatelia-slanych-deti"],"yoast_head":"<!-- This site is optimized with the Yoast SEO plugin v27.5 - https:\/\/yoast.com\/product\/yoast-seo-wordpress\/ -->\n<title>Tak sme to teda zah\u00e1jili - Slan\u00e9 mosty 2007 - Slan\u00e9 deti<\/title>\n<meta name=\"description\" content=\"V tomto roku sme premenovali benefi\u010dn\u00fd koncert D\u00fahov\u00fd most na SLAN\u00c9 MOSTY. Koncert sa konal 14.10. 2007 v Dome kult\u00fary Liptovsk\u00fd Mikul\u00e1\u0161.\" \/>\n<meta name=\"robots\" content=\"index, follow, max-snippet:-1, max-image-preview:large, max-video-preview:-1\" \/>\n<link rel=\"canonical\" href=\"https:\/\/slanedeti.sk\/cms\/tak-sme-to-teda-zahajili-2\/794\" \/>\n<meta property=\"og:locale\" content=\"sk_SK\" \/>\n<meta property=\"og:type\" content=\"article\" \/>\n<meta property=\"og:title\" content=\"Tak sme to teda zah\u00e1jili - Slan\u00e9 mosty 2007 - Slan\u00e9 deti\" \/>\n<meta property=\"og:description\" content=\"V tomto roku sme premenovali benefi\u010dn\u00fd koncert D\u00fahov\u00fd most na SLAN\u00c9 MOSTY. Koncert sa konal 14.10. 2007 v Dome kult\u00fary Liptovsk\u00fd Mikul\u00e1\u0161.\" \/>\n<meta property=\"og:url\" content=\"https:\/\/slanedeti.sk\/cms\/tak-sme-to-teda-zahajili-2\/794\" \/>\n<meta property=\"og:site_name\" content=\"Slan\u00e9 deti\" \/>\n<meta property=\"article:publisher\" content=\"http:\/\/www.facebook.com\/slanedeti\" \/>\n<meta property=\"article:published_time\" content=\"2007-11-02T06:26:23+00:00\" \/>\n<meta property=\"article:modified_time\" content=\"2017-09-03T12:30:16+00:00\" \/>\n<meta property=\"og:image\" content=\"https:\/\/slanedeti.sk\/cms\/wp-content\/uploads\/2007\/11\/sm2007_laufer.jpg\" \/>\n\t<meta property=\"og:image:width\" content=\"400\" \/>\n\t<meta property=\"og:image:height\" content=\"300\" \/>\n\t<meta property=\"og:image:type\" content=\"image\/jpeg\" \/>\n<meta name=\"author\" content=\"Kika\" \/>\n<meta name=\"twitter:label1\" content=\"Autor\" \/>\n\t<meta name=\"twitter:data1\" content=\"Kika\" \/>\n\t<meta name=\"twitter:label2\" content=\"Predpokladan\u00fd \u010das \u010d\u00edtania\" \/>\n\t<meta name=\"twitter:data2\" content=\"1 min\u00fata\" \/>\n<script type=\"application\/ld+json\" class=\"yoast-schema-graph\">{\"@context\":\"https:\\\/\\\/schema.org\",\"@graph\":[{\"@type\":\"Article\",\"@id\":\"https:\\\/\\\/slanedeti.sk\\\/cms\\\/tak-sme-to-teda-zahajili-2\\\/794#article\",\"isPartOf\":{\"@id\":\"https:\\\/\\\/slanedeti.sk\\\/cms\\\/tak-sme-to-teda-zahajili-2\\\/794\"},\"author\":{\"name\":\"Kika\",\"@id\":\"https:\\\/\\\/slanedeti.sk\\\/cms\\\/#\\\/schema\\\/person\\\/8d4185e268823ccbc166a1895f1b7938\"},\"headline\":\"Tak sme to teda zah\u00e1jili &#8211; Slan\u00e9 mosty 2007\",\"datePublished\":\"2007-11-02T06:26:23+00:00\",\"dateModified\":\"2017-09-03T12:30:16+00:00\",\"mainEntityOfPage\":{\"@id\":\"https:\\\/\\\/slanedeti.sk\\\/cms\\\/tak-sme-to-teda-zahajili-2\\\/794\"},\"wordCount\":272,\"image\":{\"@id\":\"https:\\\/\\\/slanedeti.sk\\\/cms\\\/tak-sme-to-teda-zahajili-2\\\/794#primaryimage\"},\"thumbnailUrl\":\"https:\\\/\\\/slanedeti.sk\\\/cms\\\/wp-content\\\/uploads\\\/2007\\\/11\\\/sm2007_laufer.jpg\",\"articleSection\":[\"Priatelia slan\u00fdch det\u00ed\"],\"inLanguage\":\"sk-SK\"},{\"@type\":\"WebPage\",\"@id\":\"https:\\\/\\\/slanedeti.sk\\\/cms\\\/tak-sme-to-teda-zahajili-2\\\/794\",\"url\":\"https:\\\/\\\/slanedeti.sk\\\/cms\\\/tak-sme-to-teda-zahajili-2\\\/794\",\"name\":\"Tak sme to teda zah\u00e1jili - Slan\u00e9 mosty 2007 - Slan\u00e9 deti\",\"isPartOf\":{\"@id\":\"https:\\\/\\\/slanedeti.sk\\\/cms\\\/#website\"},\"primaryImageOfPage\":{\"@id\":\"https:\\\/\\\/slanedeti.sk\\\/cms\\\/tak-sme-to-teda-zahajili-2\\\/794#primaryimage\"},\"image\":{\"@id\":\"https:\\\/\\\/slanedeti.sk\\\/cms\\\/tak-sme-to-teda-zahajili-2\\\/794#primaryimage\"},\"thumbnailUrl\":\"https:\\\/\\\/slanedeti.sk\\\/cms\\\/wp-content\\\/uploads\\\/2007\\\/11\\\/sm2007_laufer.jpg\",\"datePublished\":\"2007-11-02T06:26:23+00:00\",\"dateModified\":\"2017-09-03T12:30:16+00:00\",\"author\":{\"@id\":\"https:\\\/\\\/slanedeti.sk\\\/cms\\\/#\\\/schema\\\/person\\\/8d4185e268823ccbc166a1895f1b7938\"},\"description\":\"V tomto roku sme premenovali benefi\u010dn\u00fd koncert D\u00fahov\u00fd most na SLAN\u00c9 MOSTY. Koncert sa konal 14.10. 2007 v Dome kult\u00fary Liptovsk\u00fd Mikul\u00e1\u0161.\",\"inLanguage\":\"sk-SK\",\"potentialAction\":[{\"@type\":\"ReadAction\",\"target\":[\"https:\\\/\\\/slanedeti.sk\\\/cms\\\/tak-sme-to-teda-zahajili-2\\\/794\"]}]},{\"@type\":\"ImageObject\",\"inLanguage\":\"sk-SK\",\"@id\":\"https:\\\/\\\/slanedeti.sk\\\/cms\\\/tak-sme-to-teda-zahajili-2\\\/794#primaryimage\",\"url\":\"https:\\\/\\\/slanedeti.sk\\\/cms\\\/wp-content\\\/uploads\\\/2007\\\/11\\\/sm2007_laufer.jpg\",\"contentUrl\":\"https:\\\/\\\/slanedeti.sk\\\/cms\\\/wp-content\\\/uploads\\\/2007\\\/11\\\/sm2007_laufer.jpg\",\"width\":400,\"height\":300,\"caption\":\"sm2007_laufer\"},{\"@type\":\"WebSite\",\"@id\":\"https:\\\/\\\/slanedeti.sk\\\/cms\\\/#website\",\"url\":\"https:\\\/\\\/slanedeti.sk\\\/cms\\\/\",\"name\":\"Slan\u00e9 deti\",\"description\":\"Inform\u00e1cie o cystickej fibr\u00f3ze\",\"potentialAction\":[{\"@type\":\"SearchAction\",\"target\":{\"@type\":\"EntryPoint\",\"urlTemplate\":\"https:\\\/\\\/slanedeti.sk\\\/cms\\\/?s={search_term_string}\"},\"query-input\":{\"@type\":\"PropertyValueSpecification\",\"valueRequired\":true,\"valueName\":\"search_term_string\"}}],\"inLanguage\":\"sk-SK\"},{\"@type\":\"Person\",\"@id\":\"https:\\\/\\\/slanedeti.sk\\\/cms\\\/#\\\/schema\\\/person\\\/8d4185e268823ccbc166a1895f1b7938\",\"name\":\"Kika\",\"url\":\"https:\\\/\\\/slanedeti.sk\\\/cms\\\/author\\\/kika\"}]}<\/script>\n<!-- \/ Yoast SEO plugin. -->","yoast_head_json":{"title":"Tak sme to teda zah\u00e1jili - Slan\u00e9 mosty 2007 - Slan\u00e9 deti","description":"V tomto roku sme premenovali benefi\u010dn\u00fd koncert D\u00fahov\u00fd most na SLAN\u00c9 MOSTY. Koncert sa konal 14.10. 2007 v Dome kult\u00fary Liptovsk\u00fd Mikul\u00e1\u0161.","robots":{"index":"index","follow":"follow","max-snippet":"max-snippet:-1","max-image-preview":"max-image-preview:large","max-video-preview":"max-video-preview:-1"},"canonical":"https:\/\/slanedeti.sk\/cms\/tak-sme-to-teda-zahajili-2\/794","og_locale":"sk_SK","og_type":"article","og_title":"Tak sme to teda zah\u00e1jili - Slan\u00e9 mosty 2007 - Slan\u00e9 deti","og_description":"V tomto roku sme premenovali benefi\u010dn\u00fd koncert D\u00fahov\u00fd most na SLAN\u00c9 MOSTY. Koncert sa konal 14.10. 2007 v Dome kult\u00fary Liptovsk\u00fd Mikul\u00e1\u0161.","og_url":"https:\/\/slanedeti.sk\/cms\/tak-sme-to-teda-zahajili-2\/794","og_site_name":"Slan\u00e9 deti","article_publisher":"http:\/\/www.facebook.com\/slanedeti","article_published_time":"2007-11-02T06:26:23+00:00","article_modified_time":"2017-09-03T12:30:16+00:00","og_image":[{"width":400,"height":300,"url":"https:\/\/slanedeti.sk\/cms\/wp-content\/uploads\/2007\/11\/sm2007_laufer.jpg","type":"image\/jpeg"}],"author":"Kika","twitter_misc":{"Autor":"Kika","Predpokladan\u00fd \u010das \u010d\u00edtania":"1 min\u00fata"},"schema":{"@context":"https:\/\/schema.org","@graph":[{"@type":"Article","@id":"https:\/\/slanedeti.sk\/cms\/tak-sme-to-teda-zahajili-2\/794#article","isPartOf":{"@id":"https:\/\/slanedeti.sk\/cms\/tak-sme-to-teda-zahajili-2\/794"},"author":{"name":"Kika","@id":"https:\/\/slanedeti.sk\/cms\/#\/schema\/person\/8d4185e268823ccbc166a1895f1b7938"},"headline":"Tak sme to teda zah\u00e1jili &#8211; Slan\u00e9 mosty 2007","datePublished":"2007-11-02T06:26:23+00:00","dateModified":"2017-09-03T12:30:16+00:00","mainEntityOfPage":{"@id":"https:\/\/slanedeti.sk\/cms\/tak-sme-to-teda-zahajili-2\/794"},"wordCount":272,"image":{"@id":"https:\/\/slanedeti.sk\/cms\/tak-sme-to-teda-zahajili-2\/794#primaryimage"},"thumbnailUrl":"https:\/\/slanedeti.sk\/cms\/wp-content\/uploads\/2007\/11\/sm2007_laufer.jpg","articleSection":["Priatelia slan\u00fdch det\u00ed"],"inLanguage":"sk-SK"},{"@type":"WebPage","@id":"https:\/\/slanedeti.sk\/cms\/tak-sme-to-teda-zahajili-2\/794","url":"https:\/\/slanedeti.sk\/cms\/tak-sme-to-teda-zahajili-2\/794","name":"Tak sme to teda zah\u00e1jili - Slan\u00e9 mosty 2007 - Slan\u00e9 deti","isPartOf":{"@id":"https:\/\/slanedeti.sk\/cms\/#website"},"primaryImageOfPage":{"@id":"https:\/\/slanedeti.sk\/cms\/tak-sme-to-teda-zahajili-2\/794#primaryimage"},"image":{"@id":"https:\/\/slanedeti.sk\/cms\/tak-sme-to-teda-zahajili-2\/794#primaryimage"},"thumbnailUrl":"https:\/\/slanedeti.sk\/cms\/wp-content\/uploads\/2007\/11\/sm2007_laufer.jpg","datePublished":"2007-11-02T06:26:23+00:00","dateModified":"2017-09-03T12:30:16+00:00","author":{"@id":"https:\/\/slanedeti.sk\/cms\/#\/schema\/person\/8d4185e268823ccbc166a1895f1b7938"},"description":"V tomto roku sme premenovali benefi\u010dn\u00fd koncert D\u00fahov\u00fd most na SLAN\u00c9 MOSTY. Koncert sa konal 14.10. 2007 v Dome kult\u00fary Liptovsk\u00fd Mikul\u00e1\u0161.","inLanguage":"sk-SK","potentialAction":[{"@type":"ReadAction","target":["https:\/\/slanedeti.sk\/cms\/tak-sme-to-teda-zahajili-2\/794"]}]},{"@type":"ImageObject","inLanguage":"sk-SK","@id":"https:\/\/slanedeti.sk\/cms\/tak-sme-to-teda-zahajili-2\/794#primaryimage","url":"https:\/\/slanedeti.sk\/cms\/wp-content\/uploads\/2007\/11\/sm2007_laufer.jpg","contentUrl":"https:\/\/slanedeti.sk\/cms\/wp-content\/uploads\/2007\/11\/sm2007_laufer.jpg","width":400,"height":300,"caption":"sm2007_laufer"},{"@type":"WebSite","@id":"https:\/\/slanedeti.sk\/cms\/#website","url":"https:\/\/slanedeti.sk\/cms\/","name":"Slan\u00e9 deti","description":"Inform\u00e1cie o cystickej fibr\u00f3ze","potentialAction":[{"@type":"SearchAction","target":{"@type":"EntryPoint","urlTemplate":"https:\/\/slanedeti.sk\/cms\/?s={search_term_string}"},"query-input":{"@type":"PropertyValueSpecification","valueRequired":true,"valueName":"search_term_string"}}],"inLanguage":"sk-SK"},{"@type":"Person","@id":"https:\/\/slanedeti.sk\/cms\/#\/schema\/person\/8d4185e268823ccbc166a1895f1b7938","name":"Kika","url":"https:\/\/slanedeti.sk\/cms\/author\/kika"}]}},"_links":{"self":[{"href":"https:\/\/slanedeti.sk\/cms\/wp-json\/wp\/v2\/posts\/794","targetHints":{"allow":["GET"]}}],"collection":[{"href":"https:\/\/slanedeti.sk\/cms\/wp-json\/wp\/v2\/posts"}],"about":[{"href":"https:\/\/slanedeti.sk\/cms\/wp-json\/wp\/v2\/types\/post"}],"author":[{"embeddable":true,"href":"https:\/\/slanedeti.sk\/cms\/wp-json\/wp\/v2\/users\/3"}],"replies":[{"embeddable":true,"href":"https:\/\/slanedeti.sk\/cms\/wp-json\/wp\/v2\/comments?post=794"}],"version-history":[{"count":0,"href":"https:\/\/slanedeti.sk\/cms\/wp-json\/wp\/v2\/posts\/794\/revisions"}],"wp:featuredmedia":[{"embeddable":true,"href":"https:\/\/slanedeti.sk\/cms\/wp-json\/wp\/v2\/media\/1431"}],"wp:attachment":[{"href":"https:\/\/slanedeti.sk\/cms\/wp-json\/wp\/v2\/media?parent=794"}],"wp:term":[{"taxonomy":"category","embeddable":true,"href":"https:\/\/slanedeti.sk\/cms\/wp-json\/wp\/v2\/categories?post=794"},{"taxonomy":"post_tag","embeddable":true,"href":"https:\/\/slanedeti.sk\/cms\/wp-json\/wp\/v2\/tags?post=794"}],"curies":[{"name":"wp","href":"https:\/\/api.w.org\/{rel}","templated":true}]}}