{"id":786,"date":"2007-09-27T08:15:15","date_gmt":"2007-09-27T06:15:15","guid":{"rendered":"http:\/\/slanedeti.sk\/cms\/formy-socialnej-pomoci-viete-naco-mate-narok-2\/200709"},"modified":"2017-03-07T10:26:48","modified_gmt":"2017-03-07T09:26:48","slug":"formy-socialnej-pomoci-viete-naco-mate-narok-2","status":"publish","type":"post","link":"https:\/\/slanedeti.sk\/cms\/formy-socialnej-pomoci-viete-naco-mate-narok-2\/786","title":{"rendered":"Formy soci\u00e1lnej pomoci &#8211; viete na\u010do m\u00e1te n\u00e1rok?"},"content":{"rendered":"<p>Viete na\u010do m\u00e1te n\u00e1rok z r\u00f4znorod\u00fdch <strong>soci\u00e1lnych d\u00e1vok<\/strong>, ak m\u00e1 Va\u0161e die\u0165a alebo Vy cystick\u00fa fibr\u00f3zu? \u010cl\u00e1nok obsahuje podorobn\u00fd popis podmienok, za ktor\u00fdch m\u00e1te n\u00e1rok na rodi\u010dovsk\u00fd pr\u00edspevok, pe\u0148a\u017en\u00fd pr\u00edspevok za opatrovanie, pe\u0148a\u017en\u00fd pr\u00edspevok na kompenz\u00e1ciu zv\u00fd\u0161en\u00fdch v\u00fddavkov a pe\u0148a\u017en\u00fd pr\u00edspevok na k\u00fapu osobn\u00e9ho motorov\u00e9ho vozidla spolu s vysvetlen\u00edm pojmov.<\/p>\n<div align=\"left\">\n<h4><strong><strong>Rodi\u010dovsk\u00fd pr\u00edspevok<\/strong><\/strong><\/h4>\n<\/div>\n<p>Je \u0161t\u00e1tna soci\u00e1lna d\u00e1vka, ktorou \u0161t\u00e1t prispieva rodi\u010dovi na zabezpe\u010denie riadnej starostlivosti o die\u0165a do troch rokov veku die\u0165a, s dlhodob\u00fdm nepriazniv\u00fdm zdravotn\u00fdm stavom do \u0161iestich rokov veku die\u0165a\u0165a alebo do \u0161iestich rokov veku die\u0165a\u0165a, ktor\u00e9 je zveren\u00e9 do starostlivosti nahr\u00e1dzaj\u00facej starostlivos\u0165 rodi\u010dov, najdlh\u0161ie tri roky od pr\u00e1voplatnosti rozhodnutia s\u00fadu o zveren\u00ed die\u0165a\u0165a do tejto starostlivosti. O rodi\u010dovsk\u00fd pr\u00edspevok \u017eiada opr\u00e1vnen\u00e1 osoba ktorou je:<\/p>\n<ul>\n<li>rodi\u010d die\u0165a\u0165a<\/li>\n<li>osoba, ktorej je die\u0165a zveren\u00e9 do starostlivosti nahr\u00e1dzaj\u00facej starostlivos\u0165 rodi\u010dov.<\/li>\n<\/ul>\n<p><em>V\u00fd\u0161ka rodi\u010dovsk\u00e9ho pr\u00edspevku<br \/>\n<\/em>je 4400 Sk za kalend\u00e1rny mesiac a od 1. septembra 2007 je v\u00fd\u0161ka pr\u00edspevku 4560 Sk a poukazuje sa opr\u00e1vnenej osobe na jej \u017eiados\u0165 na \u00fa\u010det v banke alebo v pobo\u010dke zahrani\u010dnej banky na \u00fazem\u00ed SR alebo v hotovosti ( po\u0161tov\u00fdm okruhom). Pr\u00edspevok sa vypl\u00e1ca mesa\u010dne pozadu a vypl\u00e1ca ho \u00darad pr\u00e1ce, soci\u00e1lnych vec\u00ed a rodiny pod\u013ea miesta trval\u00e9ho bydliska alebo prechodn\u00e9ho pobytu opr\u00e1vnenej osoby.<\/p>\n<p><em>Podmienky n\u00e1roku:<br \/>\n<\/em><\/p>\n<ul>\n<li>opr\u00e1vnen\u00e1 osoba (rodi\u010d) poskytuje riadnu starostlivos\u0165 aspo\u0148 jedn\u00e9mu die\u0165a\u0165u do troch rokov veku die\u0165a\u0165a alebo do \u0161iestich rokov veku die\u0165a\u0165a s dlhodob\u00fdm nepriazniv\u00fdm zdravotn\u00fdm stavom alebo do \u0161iestich rokov veku die\u0165a\u0165a, ktor\u00e9 je zveren\u00e9 do starostlivosti nahr\u00e1dzaj\u00facej starostlivos\u0165 rodi\u010dov, najdlh\u0161ie tri roky od pr\u00e1voplatnosti rozhodnutia s\u00fadu o zveren\u00ed die\u0165a\u0165a do tejto starostlivosti<\/li>\n<li>opr\u00e1vnen\u00e1 osoba m\u00e1 trval\u00fd alebo prechodn\u00fd pobyt (t\u00fdka sa len cudzincov) na \u00fazem\u00ed Slovenskej republiky<\/li>\n<li>trval\u00fd alebo prechodn\u00fd pobyt (t\u00fdka sa len cudzincov)die\u0165a\u0165a na \u00fazem\u00ed Slovenskej republiky<\/li>\n<\/ul>\n<p><em>Podmienka riadnej starostlivosti je splnen\u00e1 ak rodi\u010d:<\/em><\/p>\n<p>1. zabezpe\u010duje riadnu starostlivos\u0165 o die\u0165a osobne, to plat\u00ed aj vtedy, ak<\/p>\n<ul>\n<li>die\u0165a je zo zdravotn\u00fdch d\u00f4vodov v \u00fastavnej starostlivosti najviac 90 dn\u00ed po sebe nasleduj\u00facich,<\/li>\n<li>die\u0165a s dlhodob\u00fdm nepriazniv\u00fdm zdravotn\u00fdm stavom nav\u0161tevuje najviac 4 hodiny denne matersk\u00fa \u0161kolu, zariadenie soci\u00e1lnych slu\u017eieb alebo in\u00e9 obdobn\u00e9 zariadenie<\/li>\n<li>die\u0165a nav\u0161tevuje najviac 4 hodiny denne matersk\u00fa \u0161kolu alebo in\u00e9 obdobn\u00e9 zariadenie, ak jeho rodi\u010dia alebo osamel\u00fd rodi\u010d, ktor\u00fd je slobodn\u00fd, rozveden\u00fd, ovdoven\u00fd s\u00fa ob\u010dania s \u0165a\u017ek\u00fdm zdravotn\u00fdm postihnut\u00edm.<\/li>\n<\/ul>\n<p>2. po\u010das v\u00fdkonu z\u00e1robkovej \u010dinnosti (to plat\u00ed aj pri poskytovan\u00ed starostlivosti die\u0165a\u0165u s dlhodobo nepriazniv\u00fdm stavom do 6 rokov jeho veku), \u0161t\u00fadia na strednej \u0161kole alebo vysokej \u0161kole alebo po\u010das vzdel\u00e1vania a pr\u00edpravy na vstup na trh pr\u00e1ce zabezpe\u010d\u00ed riadnu starostlivos\u0165 o die\u0165a plnoletou fyzickou alebo pr\u00e1vnickou osobou.<\/p>\n<p><em>Kde z\u00edskate \u017eiados\u0165<br \/>\n<\/em>Tla\u010divo \u017eiadosti o rodi\u010dovsk\u00fd pr\u00edspevok m\u00f4\u017eete z\u00edska\u0165 na \u00daPSVaR alebo na internetovej str\u00e1nke Ministerstva pr\u00e1ce, soci\u00e1lnych vec\u00ed a rodiny SR v polo\u017eke D\u00e1vkov\u00fd informa\u010dn\u00fd servis \u2013 DIS www.emloyment.gov.sk<br \/>\n\u017diados\u0165 mo\u017eno vyplni\u0165 aj elektronicky na str\u00e1nke: www.e-slu\u017eby.gov.sk\/isop\/app. Takto vyplnen\u00fa a odoslan\u00fa \u017eiados\u0165 je potrebn\u00e9 predlo\u017ei\u0165 platite\u013eovi spolu s origin\u00e1lmi dokladov, na porovnanie \u00fadajov v \u017eiadosti.<\/p>\n<p>Pe\u0148a\u017en\u00e9 pr\u00edspevky, ktor\u00e9 m\u00f4\u017ee pobera\u0165 rodi\u010d poskytuj\u00faci starostlivos\u0165 svojmu chor\u00e9mu die\u0165a\u0165u upravuje Z\u00e1kon o soci\u00e1lnej pomoci \u010d.195\/1998 Z.z.<\/p>\n<h4><strong>Pe\u0148a\u017en\u00fd pr\u00edspevok za opatrovanie<br \/>\n<\/strong><\/h4>\n<p>Pr\u00edspevok za opatrovanie sa poskytuje za \u00fa\u010delom zabezpe\u010di\u0165 pomoc ob\u010danovi s \u0165a\u017ek\u00fdm zdravotn\u00fdm postihnut\u00edm odk\u00e1zan\u00e9mu na celodenn\u00e9 osobn\u00e9 a riadne opatrovanie pri nevyhnutn\u00fdch \u017eivotn\u00fdch \u00fakonoch uveden\u00fdch v pr\u00edlohe \u010d. 1 z\u00e1kona o soci\u00e1lnej pomoci a za \u00fa\u010delom zabezpe\u010denia pr\u00edjmu pre opatrovate\u013ea.<\/p>\n<p><em>Podmienky n\u00e1roku<br \/>\n<\/em><\/p>\n<ul>\n<li>miera funk\u010dnej poruchy ob\u010dana odk\u00e1zan\u00e9ho na opatrovanie je najmenej 50%, &#8211; osoba ktorej sa poskytuje opatrovanie je odk\u00e1zan\u00e1 na celodenn\u00e9, osobn\u00e9 a riadne opatrovanie<\/li>\n<li>pr\u00e1voplatn\u00e9 rozhodnutie pr\u00edslu\u0161n\u00e9ho org\u00e1nu, t. j. \u00faradu pr\u00e1ce, soci\u00e1lnych vec\u00ed a rodiny pod\u013ea trval\u00e9ho pobytu ob\u010dana.<\/li>\n<\/ul>\n<p><em>Kto je opr\u00e1vnen\u00e1 osoba<\/em><br \/>\nOpr\u00e1vnenou osobou na pe\u0148a\u017en\u00fd pr\u00edspevok za opatrovanie je fyzick\u00e1 osoba, ktor\u00e1 opatruje ob\u010dana s \u0165a\u017ek\u00fdm zdravotn\u00fdm postihnut\u00edm ( man\u017eelka, man\u017eel, rodi\u010dia, n\u00e1hradn\u00ed rodi\u010dia alebo s\u00fadom ustanoven\u00fd opatrovn\u00edk, deti, star\u00ed rodi\u010dia, vnuci, s\u00farodenci, nevesta, za\u0165, svokor, svokra, ovdoven\u00e1 nevesta a za\u0165).<br \/>\nFyzick\u00e1 osoba, ktor\u00e1 vykon\u00e1va opatrovanie, mus\u00ed ma\u0165 18 rokov veku, sp\u00f4sobilos\u0165 na pr\u00e1vne \u00fakony a p\u00edsomn\u00fd s\u00fahlas ob\u010dana s \u0165a\u017ek\u00fdm zdravotn\u00fdm postihnut\u00edm (to neplat\u00ed ak je ob\u010danom s \u0164ZP odk\u00e1zan\u00fdm na celodenn\u00e9 opatrovanie malolet\u00e9 die\u0165a).<\/p>\n<p>Fyzick\u00e1 osoba, ktor\u00e1 opatruje ob\u010dana s \u0165a\u017ek\u00fdm zdravotn\u00fdm postihnut\u00edm m\u00f4\u017ee ma\u0165 mesa\u010dn\u00fd pr\u00edjem zo z\u00e1robkovej \u010dinnosti maxim\u00e1lne vo v\u00fd\u0161ke 2 n\u00e1sobku sumy \u017eivotn\u00e9ho minima, t.j. v s\u00fa\u010dasnosti 10 260 Sk<\/p>\n<p><strong><em>POZOR!!!<\/em><\/strong> <em>Opatrovate\u013e m\u00f4\u017ee pracova\u0165, ale nie na pln\u00fd pracovn\u00fd \u00fav\u00e4zok a len v \u010dase , v ktorom je \u0164ZP die\u0165a v \u0161kole a len v pr\u00edpade, \u017ee die\u0165a nav\u0161tevuje \u0161kolu v rozsahu viac ako 20 hod\u00edn t\u00fd\u017edenne- v\u00fd\u0161ka pr\u00edspevku za opatrovanie je v tomto pr\u00edpade 5 300 Sk.<br \/>\n<\/em><br \/>\nPe\u0148a\u017en\u00fd pr\u00edspevok za opatrovanie sa nepova\u017euje za pr\u00edjem na \u00fa\u010dely pe\u0148a\u017en\u00e9ho pr\u00edspevku za opatrovanie.<\/p>\n<p>Od 1.8.2006 plat\u00ed za t\u00fato osobu poistn\u00e9 na d\u00f4chodkov\u00e9 poistenie \u0161t\u00e1t. Pe\u0148a\u017en\u00fd pr\u00edspevok nepodlieha dani z pr\u00edjmu fyzick\u00fdch os\u00f4b.<br \/>\nPe\u0148a\u017en\u00fd pr\u00edspevok mo\u017eno poskytova\u0165 za opatrovanie ob\u010dana s \u0165a\u017ek\u00fdm zdravotn\u00fdm postihnut\u00edm star\u0161ieho ako 6 rokov.<\/p>\n<p><em>V\u00fd\u0161ka pr\u00edspevku<br \/>\n<\/em><\/p>\n<ul>\n<li>z\u00e1kladn\u00e1 v\u00fd\u0161ka pe\u0148a\u017en\u00e9ho pr\u00edspevku za opatrovanie je 6000 Sk mesa\u010dne, ak fyzick\u00e1 osoba opatruje jedn\u00e9ho ob\u010dana s \u0165a\u017ek\u00fdm zdravotn\u00fdm postihnut\u00edm a 8000 Sk mesa\u010dne pri opatrovan\u00ed dvoch, pr\u00edpadne viacer\u00fdch ob\u010danov s \u0165a\u017ek\u00fdm zdravotn\u00fdm postihnut\u00edm<\/li>\n<li>z\u00e1kladn\u00e1 v\u00fd\u0161ka pe\u0148a\u017en\u00e9ho pr\u00edspevku za opatrovanie sa zvy\u0161uje o 1500 Sk mesa\u010dne, ak je ob\u010danom s \u0164ZP jedno alebo viacero nezaopatren\u00fdch det\u00ed a fyzick\u00e1 osoba &#8211; opatrovate\u013e nem\u00e1 v \u010dase opatrovania pr\u00edjem alebo nepober\u00e1 d\u00f4chodkov\u00e9 d\u00e1vky.<\/li>\n<li>z\u00e1kladn\u00e1 v\u00fd\u0161ka pe\u0148a\u017en\u00e9ho pr\u00edspevku sa zni\u017euje o sumu, ktor\u00e1 presahuje 1,2 n\u00e1sobok sumy \u017eivotn\u00e9ho minima pr\u00edjmu ob\u010dana s \u0164ZP alebo sa zni\u017euje o sumu, ktorou pr\u00edjem nezaopatren\u00e9ho die\u0165a\u0165a presahuje 3 n\u00e1sobok sumy \u017eivotn\u00e9ho minima(3x 5.130Sk=15.390Sk).<\/li>\n<li>z\u00e1kladn\u00e1 v\u00fd\u0161ka pe\u0148a\u017en\u00e9ho pr\u00edspevku sa zni\u017euje o 50% d\u00f4chodkovej d\u00e1vky, ak ob\u010dana s \u0164ZP opatruje fyzick\u00e1 osoba, ktor\u00e1 je poberate\u013eom takejto d\u00e1vky.<\/li>\n<li>v\u00fd\u0161ka pe\u0148a\u017en\u00e9ho pr\u00edspevku sa kr\u00e1ti, ak ob\u010dan s \u0164ZP nav\u0161tevuje r\u00f4zne zariadenia, napr. \u0161kola, zariadenie soci\u00e1lnych slu\u017eieb s denn\u00fdm pobytom v rozsahu viac ako 20 hod\u00edn t\u00fd\u017edenne.<\/li>\n<li>v\u00fd\u0161ka pe\u0148a\u017en\u00e9ho pr\u00edspevku sa kr\u00e1ti o sumu zv\u00fd\u0161enia d\u00f4chodku pre bezvl\u00e1dnos\u0165.<\/li>\n<\/ul>\n<p><em>Uplatnenie n\u00e1roku na pr\u00edspevok<br \/>\n<\/em><\/p>\n<ul>\n<li>uplatni\u0165 n\u00e1rok na pr\u00edspevok si m\u00f4\u017ee opr\u00e1vnen\u00e1 osoba (napr. rodi\u010d die\u0165a\u0165a s CF)\u00a0 a to podan\u00edm p\u00edsomnej \u017eiadosti na \u00farade pr\u00e1ce, soci\u00e1lnych vec\u00ed a rodiny pr\u00edslu\u0161nom pod\u013ea miesta jej trval\u00e9ho pobytu.<\/li>\n<li>p\u00edsomn\u00fa \u017eiados\u0165 o pe\u0148a\u017en\u00fd pr\u00edspevok za opatrovanie si nepod\u00e1va opatrovan\u00fd ob\u010dan s \u0165a\u017ek\u00fdm zdravotn\u00fdm postihnut\u00edm.<\/li>\n<\/ul>\n<p>K \u017eiadosti je fyzick\u00e1 osoba &#8211; opatrovate\u013e povinn\u00fd predlo\u017ei\u0165<\/p>\n<ul>\n<li>p\u00edsomn\u00fd s\u00fahlas ob\u010dana s \u0164ZP (z v\u00fdnimkou malolet\u00fdch det\u00ed a ob\u010danov pozbaven\u00fdch sp\u00f4sobilosti na pr\u00e1vne \u00fakony)<\/li>\n<li>potvrdenie o pr\u00edjme ob\u010dana s \u0164ZP za predch\u00e1dzaj\u00faci kalend\u00e1rny rok pred podan\u00edm \u017eiadosti, ak fyzick\u00e1 osoby nepober\u00e1 d\u00f4chodkov\u00fa d\u00e1vku,<\/li>\n<li>potvrdenie o majetkov\u00fdch pomeroch ob\u010dana s \u0164ZP,<\/li>\n<li>in\u00e9 doklady pod\u013ea z\u00e1kona o soci\u00e1lnej pomoci, ktor\u00e9 s\u00fa podkladom pre rozhodnutie. (spr\u00e1vu o zdravotnom stave die\u0165a\u0165a, lek\u00e1rsky n\u00e1lez na \u00fa\u010dely z\u00e1k. o soc. pomoci, ktor\u00fd vystav\u00ed o\u0161etruj\u00faci lek\u00e1r (lek\u00e1r z centra na lie\u010dbu CF) die\u0165a\u0165a. )<\/li>\n<\/ul>\n<p>P\u00edsomn\u00e9 rozhodnutie v konan\u00ed o pr\u00edspevku na kompenz\u00e1ciu je \u00farad pr\u00e1ce, soci\u00e1lnych vec\u00ed a rodiny povinn\u00fd vyda\u0165 v pr\u00edpade<\/p>\n<ul>\n<li>priznania pr\u00edspevku za opatrovanie,<\/li>\n<li>zamietnutia \u017eiadosti o pr\u00edspevok za opatrovanie,<\/li>\n<li>zn\u00ed\u017eenia alebo zv\u00fd\u0161enia pr\u00edspevku za opatrovanie,<\/li>\n<li>od\u0148atia a zastavenia alebo povinnosti vr\u00e1ti\u0165 pr\u00edspevok za opatrovanie.<\/li>\n<\/ul>\n<p>Pe\u0148a\u017en\u00fd pr\u00edspevok za opatrovanie sa prizn\u00e1 a vypl\u00e1ca od za\u010diatku mesiaca, v ktorom sa za\u010dalo konanie o poskytnutie pe\u0148a\u017en\u00e9ho pr\u00edspevku za opatrovanie, t. j. odo d\u0148a podania p\u00edsomnej \u017eiadosti.<\/p>\n<p>Opr\u00e1vnen\u00e1 osoba, ktorej sa poskytuje pe\u0148a\u017en\u00fd pr\u00edspevok za opatrovanie je povinn\u00e1<\/p>\n<ul>\n<li>do 8 dn\u00ed p\u00edsomne ozn\u00e1mi\u0165 zmeny v skuto\u010dnostiach rozhoduj\u00facich na trvanie n\u00e1roku na pe\u0148a\u017en\u00fd pr\u00edspevok za opatrovanie, na jeho v\u00fd\u0161ku a v\u00fdplatu alebo poskytovanie, lehota 8 dn\u00ed za\u010d\u00edna plyn\u00fa\u0165 prv\u00fdm d\u0148om nasleduj\u00facom po dni, kedy nastala zmena.<\/li>\n<\/ul>\n<h4><strong>Pe\u0148a\u017en\u00e9 pr\u00edspevky na kompenz\u00e1ciu zv\u00fd\u0161en\u00fdch v\u00fddavkov<\/strong><\/h4>\n<p>Kompenza\u010dn\u00e9 pr\u00edspevky s\u00fa finan\u010dn\u00e9 pr\u00edspevky, ktor\u00fdmi \u0161t\u00e1t uhr\u00e1dza ob\u010danom s \u0165a\u017ek\u00fdm zdravotn\u00fdm postihnut\u00edm (\u0164ZP) ich zv\u00fd\u0161en\u00e9 v\u00fddavky ,ktor\u00e9 maj\u00fa v porovnan\u00ed so zdrav\u00fdmi ob\u010danmi v oblasti hygieny, di\u00e9tneho stravovania a prev\u00e1dzky osobn\u00e9ho motorov\u00e9ho vozidla<\/p>\n<p><em>V\u0161eobecn\u00e9 podmienky n\u00e1roku na kompenz\u00e1cie zv\u00fd\u0161en\u00fdch v\u00fddavkov s\u00fa:<br \/>\n<\/em><\/p>\n<ul>\n<li>miera funk\u010dnej poruchy ob\u010dana je najmenej 50%,<\/li>\n<li>odk\u00e1zanos\u0165 na jednotliv\u00e9 kompenza\u010dn\u00e9 pe\u0148a\u017en\u00e9 pr\u00edspevky<\/li>\n<li>pr\u00e1voplatn\u00e9 rozhodnutie \u00faradu pr\u00e1ce, soc. vec\u00ed a rodiny pr\u00edslu\u0161n\u00e9ho pod\u013ea miesta trval\u00e9ho pobytu ob\u010dana s \u0164ZP o priznan\u00ed konkr\u00e9tneho kompenza\u010dn\u00e9ho pr\u00edspevku<\/li>\n<\/ul>\n<p><strong>A)<\/strong> Pe\u0148a\u017en\u00fd pr\u00edspevok na kompenz\u00e1ciu zv\u00fd\u0161en\u00fdch v\u00fddavkov na di\u00e9tne stravovanie<\/p>\n<p><em>N\u00e1rok na pr\u00edspevok<br \/>\n<\/em><\/p>\n<ul>\n<li>n\u00e1rok na pr\u00edspevok m\u00e1 ob\u010dan s \u0164ZP sp\u013a\u0148aj\u00faci v\u0161eobecn\u00e9 podmienky a odk\u00e1zan\u00fd na kompenz\u00e1ciu zv\u00fd\u0161en\u00fdch v\u00fddavkov na di\u00e9tne stravovanie<\/li>\n<\/ul>\n<p><em> <\/em> Pe\u0148a\u017en\u00fd pr\u00edspevok na kompenz\u00e1ciu zv\u00fd\u0161en\u00fdch v\u00fddavkov na di\u00e9tne stravovanie sa poskytuje mesa\u010dne vo v\u00fd\u0161ke:<br \/>\n1000 Sk pre I. skupinu chor\u00f4b a por\u00fach pod\u013ea pr\u00edlohy \u010d. 13 ( cystick\u00e1 fibr\u00f3za s pankreatickou insuficienciou)<br \/>\n500 Sk pre II. skupinu chor\u00f4b a por\u00fach pod\u013ea pr\u00edlohy \u010d. 13<br \/>\n300 Sk pre III. skupinu chor\u00f4b a por\u00fach pod\u013ea pr\u00edlohy \u010d. 13<\/p>\n<p><strong>B)<\/strong> Pe\u0148a\u017en\u00fd pr\u00edspevok na kompenz\u00e1ciu zv\u00fd\u0161en\u00fdch v\u00fddavkov na hygienu a o\u0161atenie<\/p>\n<ul>\n<li>n\u00e1rok na pr\u00edspevok m\u00e1 ob\u010dan s \u0164ZP sp\u013a\u0148aj\u00faci v\u0161eobecn\u00e9 podmienky a odk\u00e1zan\u00fd na kompenz\u00e1ciu zv\u00fd\u0161en\u00fdch v\u00fddavkov s\u00favisiacich s hygienou alebo opotrebovan\u00edm \u0161atstva<\/li>\n<li>v\u00fddavky na hygienu s\u00fa v\u00fddavky s\u00favisiace so zabezpe\u010dovan\u00edm be\u017enej osobnej hygieny a hygieny dom\u00e1cnosti v d\u00f4sledku \u0165a\u017ek\u00e9ho zdravotn\u00e9ho postihnutia ob\u010dana.<\/li>\n<li>v\u00fddavky s opotrebovan\u00edm \u0161atstva, bielizne, obuvi a bytov\u00e9ho zariadenia s\u00fa v\u00fddavky spojen\u00e9 s obnovou a s n\u00e1kupom predmetov be\u017enej osobnej spotreby a bytovej spotreby, ktor\u00e9 sa nadmerne opotreb\u00favaj\u00fa v d\u00f4sledku chronick\u00fdch stavov a pou\u017e\u00edvania technicky n\u00e1ro\u010dn\u00fdch pom\u00f4cok<\/li>\n<\/ul>\n<p>Pri ochoren\u00ed CF s\u00fa pr\u00ed\u010dinou zv\u00fd\u0161en\u00fdch v\u00fddavkov v\u00fddavky na dezinfek\u010dn\u00e9 prostriedky (dezinfekcia inhal\u00e1tora, WC), pracie prostriedky(na bielize\u0148 &#8211; pot deti s CF je 5-6x slan\u0161\u00ed ako u be\u017enej popul\u00e1cie), na hygienick\u00e9 vreckovky (potrebn\u00e9 pri odhlie\u0148ovan\u00ed), opotrebovanie \u0161atstva pri \u010dastom pran\u00ed z d\u00f4vodu slan\u00e9ho potu.<\/p>\n<ul>\n<li>V\u00fd\u0161ka pe\u0148a\u017en\u00e9ho pr\u00edspevku je 500 Sk mesa\u010dne<\/li>\n<\/ul>\n<p><strong>C)<\/strong> Pe\u0148. pr\u00edspevok na kompenz\u00e1ciu zv\u00fd\u0161en\u00fdch v\u00fddavkou s\u00favisiaci s prev\u00e1dzkou OMV<\/p>\n<p>Pe\u0148a\u017en\u00fd pr\u00edspevok s\u00favisiaci s prev\u00e1dzkou osobn\u00e9ho motorov\u00e9ho vozidla (OMV) \u2013 benz\u00edn m\u00f4\u017ee\u00a0 pobera\u0165 ob\u010dan s \u0164ZP, ktor\u00fd:<\/p>\n<ul>\n<li>sp\u013a\u0148a v\u0161eobecn\u00e9 podmienky<\/li>\n<li>je odk\u00e1zan\u00fd na individu\u00e1lnu prepravu osobn\u00fdm motorov\u00fdm vozidlom a<\/li>\n<li>je vlastn\u00edkom alebo dr\u017eite\u013eom osobn\u00e9ho motorov\u00e9ho vozidla, alebo<\/li>\n<li>nie je vlastn\u00edkom alebo dr\u017eite\u013eom osobn\u00e9ho motorov\u00e9ho vozidla, ale jeho prepravu zabezpe\u010duje fyzick\u00e1 osoba, ktor\u00e1 nem\u00e1 opr\u00e1vnenie na vykon\u00e1vanie prepravy (napr. rodinn\u00ed pr\u00edslu\u0161n\u00edci, priate\u013e, sused).<\/li>\n<li>V\u00fd\u0161ka pe\u0148a\u017en\u00e9ho pr\u00edspevku je\u00a0 900 Sk mesa\u010dne<\/li>\n<\/ul>\n<h4><strong>Pe\u0148a\u017en\u00fd pr\u00edspevok na k\u00fapu osobn\u00e9ho motorov\u00e9ho vozidla<br \/>\n<\/strong><\/h4>\n<p>Podmienky n\u00e1roku na pr\u00edspevok na k\u00fapu osobn\u00e9ho motorov\u00e9ho vozidla (OMV) s\u00fa:<\/p>\n<ul>\n<li>miera funk\u010dnej poruchy ob\u010dana je najmenej 50%,<\/li>\n<li>odk\u00e1zanos\u0165 na individu\u00e1lnu prepravu osobn\u00fdm motorov\u00fdm vozidlom,<\/li>\n<li>osobn\u00e9 motorov\u00e9 vozidlo mus\u00ed by\u0165 vyu\u017e\u00edvan\u00e9 na prepravu do zamestnania, \u0161kolsk\u00e9ho zariadenia alebo zariadenia soci\u00e1lnych slu\u017eieb najmenej 2 x do t\u00fd\u017ed\u0148a,<\/li>\n<li>miera funk\u010dnej poruchy ob\u010dana je najmenej 50%,<\/li>\n<li>pr\u00e1voplatn\u00e9 rozhodnutie \u00faradu pr\u00e1ce, soc. vec\u00ed a rodiny pr\u00edslu\u0161n\u00e9ho pod\u013ea miesta trval\u00e9ho pobytu ob\u010dana s \u0164ZP o priznan\u00ed pr\u00edspevku na k\u00fapu OMV<\/li>\n<\/ul>\n<p><strong>A)<\/strong> Pe\u0148a\u017en\u00fd pr\u00edspevok na kompenz\u00e1ciu zv\u00fd\u0161en\u00fdch v\u00fddavkov na di\u00e9tne stravovanie<\/p>\n<p>Za ob\u010dana, ktor\u00fd je odk\u00e1zan\u00fd na individu\u00e1lnu prepravu osobn\u00fdm motorov\u00fdm vozidlom sa pova\u017euje ob\u010dan, ktor\u00fd nie je schopn\u00fd:<\/p>\n<ul>\n<li>premiestni\u0165 sa k vozidlu verejnej hromadnej dopravy os\u00f4b a k prostriedku \u017eelezni\u010dnej dopravy a sp\u00e4\u0165 rovnak\u00fdm sp\u00f4sobom ako zdrav\u00fd ob\u010dan,<\/li>\n<li>nastupova\u0165 do vozidla verejnej hromadnej dopravy os\u00f4b, udr\u017ea\u0165 sa v \u0148om po\u010das jazdy a vystupova\u0165 z neho ako zdrav\u00fd ob\u010dan,<\/li>\n<li>zvl\u00e1dnu\u0165 z d\u00f4vodu \u0165a\u017ek\u00e9ho zdravotn\u00e9ho postihnutia in\u00fa situ\u00e1ciu vo vozidle verejnej hromadnej dopravy os\u00f4b a v prostriedku \u017eelezni\u010dnej dopravy.<\/li>\n<li>V\u00fd\u0161ka pe\u0148a\u017en\u00e9ho pr\u00edspevku sa ur\u010duje percentu\u00e1lnou sadzbou v z\u00e1vislosti od ceny osobn\u00e9ho motorov\u00e9ho vozidla a pr\u00edjmu ob\u010dana s \u0165a\u017ek\u00fdm zdravotn\u00fdm postihnut\u00edm, maxim\u00e1lne vo v\u00fd\u0161ke 200 000 Sk a pri automobile s automatickou prevodovkou 250 000,- Sk<\/li>\n<\/ul>\n<p>V pr\u00edpade schv\u00e1lenia pe\u0148a\u017en\u00e9ho pr\u00edspevku nesmie by\u0165 OMV star\u0161ie ako 5 rokov pod\u013ea technick\u00e9ho preukazu vozidla.<\/p>\n<p>Pozn\u00e1mka: V\u0161etky \u017eiadosti o pr\u00edspevky sa pod\u00e1vaj\u00fa p\u00edsomnou formou. P\u00edsomn\u00fa \u017eiados\u0165 pod\u00e1va z\u00e1konn\u00fd z\u00e1stupca die\u0165a\u0165a- rodi\u010d alebo u\u017e dospel\u00fd pacient s CF na miestne pr\u00edslu\u0161n\u00e9ho \u00daPSVR pod\u013ea miesta svojho trval\u00e9ho bydliska. K \u017eiadosti prikladaj\u00fa potrebn\u00e9 potvrdenia a doklady ( v\u00fd\u0161ka pr\u00edjmu, lek\u00e1rske n\u00e1lezy a pod.)<\/p>\n<p>N\u00e1rok na pr\u00edspevky vznik\u00e1 vydan\u00edm pr\u00e1voplatn\u00e9ho rozhodnutia \u00daPSVR o priznan\u00ed jednotliv\u00fdch pr\u00edspevkov.<\/p>\n","protected":false},"excerpt":{"rendered":"<p>Viete na&#269;o m&aacute;te n&aacute;rok z r&ocirc;znorod&yacute;ch soci&aacute;lnych d&aacute;vok, ak m&aacute; Va&scaron;e die&#357;a alebo Vy cystick&uacute; fibr&oacute;zu? &#268;l&aacute;nok obsahuje podorobn&yacute; popis podmienok, za ktor&yacute;ch m&aacute;te n&aacute;rok na rodi&#269;ovsk&yacute; pr&iacute;spevok, pe&#328;a&#382;n&yacute; pr&iacute;spevok za opatrovanie, pe&#328;a&#382;n&yacute; pr&iacute;spevok na kompenz&aacute;ciu zv&yacute;&scaron;en&yacute;ch v&yacute;davkov a pe&#328;a&#382;n&yacute; &hellip; <a href=\"https:\/\/slanedeti.sk\/cms\/formy-socialnej-pomoci-viete-naco-mate-narok-2\/786\">Continued<\/a><\/p>\n","protected":false},"author":12,"featured_media":1600,"comment_status":"closed","ping_status":"closed","sticky":false,"template":"","format":"standard","meta":{"kt_blocks_editor_width":"","footnotes":""},"categories":[251],"tags":[],"class_list":["post-786","post","type-post","status-publish","format-standard","has-post-thumbnail","hentry","category-socialna-oblast"],"yoast_head":"<!-- This site is optimized with the Yoast SEO plugin v27.5 - https:\/\/yoast.com\/product\/yoast-seo-wordpress\/ -->\n<title>Formy soci\u00e1lnej pomoci - viete na\u010do m\u00e1te n\u00e1rok? - Slan\u00e9 deti<\/title>\n<meta name=\"description\" content=\"Viete na\u010do m\u00e1te n\u00e1rok z r\u00f4znorod\u00fdch soci\u00e1lnych d\u00e1vok, ak m\u00e1 Va\u0161e die\u0165a alebo Vy cystick\u00fa fibr\u00f3zu?\" \/>\n<meta name=\"robots\" content=\"index, follow, max-snippet:-1, max-image-preview:large, max-video-preview:-1\" \/>\n<link rel=\"canonical\" href=\"https:\/\/slanedeti.sk\/cms\/formy-socialnej-pomoci-viete-naco-mate-narok-2\/786\" \/>\n<meta property=\"og:locale\" content=\"sk_SK\" \/>\n<meta property=\"og:type\" content=\"article\" \/>\n<meta property=\"og:title\" content=\"Formy soci\u00e1lnej pomoci - viete na\u010do m\u00e1te n\u00e1rok? - Slan\u00e9 deti\" \/>\n<meta property=\"og:description\" content=\"Viete na\u010do m\u00e1te n\u00e1rok z r\u00f4znorod\u00fdch soci\u00e1lnych d\u00e1vok, ak m\u00e1 Va\u0161e die\u0165a alebo Vy cystick\u00fa fibr\u00f3zu?\" \/>\n<meta property=\"og:url\" content=\"https:\/\/slanedeti.sk\/cms\/formy-socialnej-pomoci-viete-naco-mate-narok-2\/786\" \/>\n<meta property=\"og:site_name\" content=\"Slan\u00e9 deti\" \/>\n<meta property=\"article:publisher\" content=\"http:\/\/www.facebook.com\/slanedeti\" \/>\n<meta property=\"article:published_time\" content=\"2007-09-27T06:15:15+00:00\" \/>\n<meta property=\"article:modified_time\" content=\"2017-03-07T09:26:48+00:00\" \/>\n<meta property=\"og:image\" content=\"https:\/\/slanedeti.sk\/cms\/wp-content\/uploads\/2013\/07\/logo_CB-e1446396108362.png\" \/>\n\t<meta property=\"og:image:width\" content=\"350\" \/>\n\t<meta property=\"og:image:height\" content=\"350\" \/>\n\t<meta property=\"og:image:type\" content=\"image\/png\" \/>\n<meta name=\"author\" content=\"So\u0148a\" \/>\n<meta name=\"twitter:label1\" content=\"Autor\" \/>\n\t<meta name=\"twitter:data1\" content=\"So\u0148a\" \/>\n\t<meta name=\"twitter:label2\" content=\"Predpokladan\u00fd \u010das \u010d\u00edtania\" \/>\n\t<meta name=\"twitter:data2\" content=\"13 min\u00fat\" \/>\n<script type=\"application\/ld+json\" class=\"yoast-schema-graph\">{\"@context\":\"https:\\\/\\\/schema.org\",\"@graph\":[{\"@type\":\"Article\",\"@id\":\"https:\\\/\\\/slanedeti.sk\\\/cms\\\/formy-socialnej-pomoci-viete-naco-mate-narok-2\\\/786#article\",\"isPartOf\":{\"@id\":\"https:\\\/\\\/slanedeti.sk\\\/cms\\\/formy-socialnej-pomoci-viete-naco-mate-narok-2\\\/786\"},\"author\":{\"name\":\"So\u0148a\",\"@id\":\"https:\\\/\\\/slanedeti.sk\\\/cms\\\/#\\\/schema\\\/person\\\/34c9819a5d92e0954cb15dcc2f8ebf6b\"},\"headline\":\"Formy soci\u00e1lnej pomoci &#8211; viete na\u010do m\u00e1te n\u00e1rok?\",\"datePublished\":\"2007-09-27T06:15:15+00:00\",\"dateModified\":\"2017-03-07T09:26:48+00:00\",\"mainEntityOfPage\":{\"@id\":\"https:\\\/\\\/slanedeti.sk\\\/cms\\\/formy-socialnej-pomoci-viete-naco-mate-narok-2\\\/786\"},\"wordCount\":2661,\"image\":{\"@id\":\"https:\\\/\\\/slanedeti.sk\\\/cms\\\/formy-socialnej-pomoci-viete-naco-mate-narok-2\\\/786#primaryimage\"},\"thumbnailUrl\":\"https:\\\/\\\/slanedeti.sk\\\/cms\\\/wp-content\\\/uploads\\\/2013\\\/07\\\/logo_CB-e1446396108362.png\",\"articleSection\":[\"Soci\u00e1lna oblas\u0165\"],\"inLanguage\":\"sk-SK\"},{\"@type\":\"WebPage\",\"@id\":\"https:\\\/\\\/slanedeti.sk\\\/cms\\\/formy-socialnej-pomoci-viete-naco-mate-narok-2\\\/786\",\"url\":\"https:\\\/\\\/slanedeti.sk\\\/cms\\\/formy-socialnej-pomoci-viete-naco-mate-narok-2\\\/786\",\"name\":\"Formy soci\u00e1lnej pomoci - viete na\u010do m\u00e1te n\u00e1rok? - Slan\u00e9 deti\",\"isPartOf\":{\"@id\":\"https:\\\/\\\/slanedeti.sk\\\/cms\\\/#website\"},\"primaryImageOfPage\":{\"@id\":\"https:\\\/\\\/slanedeti.sk\\\/cms\\\/formy-socialnej-pomoci-viete-naco-mate-narok-2\\\/786#primaryimage\"},\"image\":{\"@id\":\"https:\\\/\\\/slanedeti.sk\\\/cms\\\/formy-socialnej-pomoci-viete-naco-mate-narok-2\\\/786#primaryimage\"},\"thumbnailUrl\":\"https:\\\/\\\/slanedeti.sk\\\/cms\\\/wp-content\\\/uploads\\\/2013\\\/07\\\/logo_CB-e1446396108362.png\",\"datePublished\":\"2007-09-27T06:15:15+00:00\",\"dateModified\":\"2017-03-07T09:26:48+00:00\",\"author\":{\"@id\":\"https:\\\/\\\/slanedeti.sk\\\/cms\\\/#\\\/schema\\\/person\\\/34c9819a5d92e0954cb15dcc2f8ebf6b\"},\"description\":\"Viete na\u010do m\u00e1te n\u00e1rok z r\u00f4znorod\u00fdch soci\u00e1lnych d\u00e1vok, ak m\u00e1 Va\u0161e die\u0165a alebo Vy cystick\u00fa fibr\u00f3zu?\",\"inLanguage\":\"sk-SK\",\"potentialAction\":[{\"@type\":\"ReadAction\",\"target\":[\"https:\\\/\\\/slanedeti.sk\\\/cms\\\/formy-socialnej-pomoci-viete-naco-mate-narok-2\\\/786\"]}]},{\"@type\":\"ImageObject\",\"inLanguage\":\"sk-SK\",\"@id\":\"https:\\\/\\\/slanedeti.sk\\\/cms\\\/formy-socialnej-pomoci-viete-naco-mate-narok-2\\\/786#primaryimage\",\"url\":\"https:\\\/\\\/slanedeti.sk\\\/cms\\\/wp-content\\\/uploads\\\/2013\\\/07\\\/logo_CB-e1446396108362.png\",\"contentUrl\":\"https:\\\/\\\/slanedeti.sk\\\/cms\\\/wp-content\\\/uploads\\\/2013\\\/07\\\/logo_CB-e1446396108362.png\",\"width\":350,\"height\":350},{\"@type\":\"WebSite\",\"@id\":\"https:\\\/\\\/slanedeti.sk\\\/cms\\\/#website\",\"url\":\"https:\\\/\\\/slanedeti.sk\\\/cms\\\/\",\"name\":\"Slan\u00e9 deti\",\"description\":\"Inform\u00e1cie o cystickej fibr\u00f3ze\",\"potentialAction\":[{\"@type\":\"SearchAction\",\"target\":{\"@type\":\"EntryPoint\",\"urlTemplate\":\"https:\\\/\\\/slanedeti.sk\\\/cms\\\/?s={search_term_string}\"},\"query-input\":{\"@type\":\"PropertyValueSpecification\",\"valueRequired\":true,\"valueName\":\"search_term_string\"}}],\"inLanguage\":\"sk-SK\"},{\"@type\":\"Person\",\"@id\":\"https:\\\/\\\/slanedeti.sk\\\/cms\\\/#\\\/schema\\\/person\\\/34c9819a5d92e0954cb15dcc2f8ebf6b\",\"name\":\"So\u0148a\",\"url\":\"https:\\\/\\\/slanedeti.sk\\\/cms\\\/author\\\/sona\"}]}<\/script>\n<!-- \/ Yoast SEO plugin. -->","yoast_head_json":{"title":"Formy soci\u00e1lnej pomoci - viete na\u010do m\u00e1te n\u00e1rok? - Slan\u00e9 deti","description":"Viete na\u010do m\u00e1te n\u00e1rok z r\u00f4znorod\u00fdch soci\u00e1lnych d\u00e1vok, ak m\u00e1 Va\u0161e die\u0165a alebo Vy cystick\u00fa fibr\u00f3zu?","robots":{"index":"index","follow":"follow","max-snippet":"max-snippet:-1","max-image-preview":"max-image-preview:large","max-video-preview":"max-video-preview:-1"},"canonical":"https:\/\/slanedeti.sk\/cms\/formy-socialnej-pomoci-viete-naco-mate-narok-2\/786","og_locale":"sk_SK","og_type":"article","og_title":"Formy soci\u00e1lnej pomoci - viete na\u010do m\u00e1te n\u00e1rok? - Slan\u00e9 deti","og_description":"Viete na\u010do m\u00e1te n\u00e1rok z r\u00f4znorod\u00fdch soci\u00e1lnych d\u00e1vok, ak m\u00e1 Va\u0161e die\u0165a alebo Vy cystick\u00fa fibr\u00f3zu?","og_url":"https:\/\/slanedeti.sk\/cms\/formy-socialnej-pomoci-viete-naco-mate-narok-2\/786","og_site_name":"Slan\u00e9 deti","article_publisher":"http:\/\/www.facebook.com\/slanedeti","article_published_time":"2007-09-27T06:15:15+00:00","article_modified_time":"2017-03-07T09:26:48+00:00","og_image":[{"width":350,"height":350,"url":"https:\/\/slanedeti.sk\/cms\/wp-content\/uploads\/2013\/07\/logo_CB-e1446396108362.png","type":"image\/png"}],"author":"So\u0148a","twitter_misc":{"Autor":"So\u0148a","Predpokladan\u00fd \u010das \u010d\u00edtania":"13 min\u00fat"},"schema":{"@context":"https:\/\/schema.org","@graph":[{"@type":"Article","@id":"https:\/\/slanedeti.sk\/cms\/formy-socialnej-pomoci-viete-naco-mate-narok-2\/786#article","isPartOf":{"@id":"https:\/\/slanedeti.sk\/cms\/formy-socialnej-pomoci-viete-naco-mate-narok-2\/786"},"author":{"name":"So\u0148a","@id":"https:\/\/slanedeti.sk\/cms\/#\/schema\/person\/34c9819a5d92e0954cb15dcc2f8ebf6b"},"headline":"Formy soci\u00e1lnej pomoci &#8211; viete na\u010do m\u00e1te n\u00e1rok?","datePublished":"2007-09-27T06:15:15+00:00","dateModified":"2017-03-07T09:26:48+00:00","mainEntityOfPage":{"@id":"https:\/\/slanedeti.sk\/cms\/formy-socialnej-pomoci-viete-naco-mate-narok-2\/786"},"wordCount":2661,"image":{"@id":"https:\/\/slanedeti.sk\/cms\/formy-socialnej-pomoci-viete-naco-mate-narok-2\/786#primaryimage"},"thumbnailUrl":"https:\/\/slanedeti.sk\/cms\/wp-content\/uploads\/2013\/07\/logo_CB-e1446396108362.png","articleSection":["Soci\u00e1lna oblas\u0165"],"inLanguage":"sk-SK"},{"@type":"WebPage","@id":"https:\/\/slanedeti.sk\/cms\/formy-socialnej-pomoci-viete-naco-mate-narok-2\/786","url":"https:\/\/slanedeti.sk\/cms\/formy-socialnej-pomoci-viete-naco-mate-narok-2\/786","name":"Formy soci\u00e1lnej pomoci - viete na\u010do m\u00e1te n\u00e1rok? - Slan\u00e9 deti","isPartOf":{"@id":"https:\/\/slanedeti.sk\/cms\/#website"},"primaryImageOfPage":{"@id":"https:\/\/slanedeti.sk\/cms\/formy-socialnej-pomoci-viete-naco-mate-narok-2\/786#primaryimage"},"image":{"@id":"https:\/\/slanedeti.sk\/cms\/formy-socialnej-pomoci-viete-naco-mate-narok-2\/786#primaryimage"},"thumbnailUrl":"https:\/\/slanedeti.sk\/cms\/wp-content\/uploads\/2013\/07\/logo_CB-e1446396108362.png","datePublished":"2007-09-27T06:15:15+00:00","dateModified":"2017-03-07T09:26:48+00:00","author":{"@id":"https:\/\/slanedeti.sk\/cms\/#\/schema\/person\/34c9819a5d92e0954cb15dcc2f8ebf6b"},"description":"Viete na\u010do m\u00e1te n\u00e1rok z r\u00f4znorod\u00fdch soci\u00e1lnych d\u00e1vok, ak m\u00e1 Va\u0161e die\u0165a alebo Vy cystick\u00fa fibr\u00f3zu?","inLanguage":"sk-SK","potentialAction":[{"@type":"ReadAction","target":["https:\/\/slanedeti.sk\/cms\/formy-socialnej-pomoci-viete-naco-mate-narok-2\/786"]}]},{"@type":"ImageObject","inLanguage":"sk-SK","@id":"https:\/\/slanedeti.sk\/cms\/formy-socialnej-pomoci-viete-naco-mate-narok-2\/786#primaryimage","url":"https:\/\/slanedeti.sk\/cms\/wp-content\/uploads\/2013\/07\/logo_CB-e1446396108362.png","contentUrl":"https:\/\/slanedeti.sk\/cms\/wp-content\/uploads\/2013\/07\/logo_CB-e1446396108362.png","width":350,"height":350},{"@type":"WebSite","@id":"https:\/\/slanedeti.sk\/cms\/#website","url":"https:\/\/slanedeti.sk\/cms\/","name":"Slan\u00e9 deti","description":"Inform\u00e1cie o cystickej fibr\u00f3ze","potentialAction":[{"@type":"SearchAction","target":{"@type":"EntryPoint","urlTemplate":"https:\/\/slanedeti.sk\/cms\/?s={search_term_string}"},"query-input":{"@type":"PropertyValueSpecification","valueRequired":true,"valueName":"search_term_string"}}],"inLanguage":"sk-SK"},{"@type":"Person","@id":"https:\/\/slanedeti.sk\/cms\/#\/schema\/person\/34c9819a5d92e0954cb15dcc2f8ebf6b","name":"So\u0148a","url":"https:\/\/slanedeti.sk\/cms\/author\/sona"}]}},"_links":{"self":[{"href":"https:\/\/slanedeti.sk\/cms\/wp-json\/wp\/v2\/posts\/786","targetHints":{"allow":["GET"]}}],"collection":[{"href":"https:\/\/slanedeti.sk\/cms\/wp-json\/wp\/v2\/posts"}],"about":[{"href":"https:\/\/slanedeti.sk\/cms\/wp-json\/wp\/v2\/types\/post"}],"author":[{"embeddable":true,"href":"https:\/\/slanedeti.sk\/cms\/wp-json\/wp\/v2\/users\/12"}],"replies":[{"embeddable":true,"href":"https:\/\/slanedeti.sk\/cms\/wp-json\/wp\/v2\/comments?post=786"}],"version-history":[{"count":0,"href":"https:\/\/slanedeti.sk\/cms\/wp-json\/wp\/v2\/posts\/786\/revisions"}],"wp:featuredmedia":[{"embeddable":true,"href":"https:\/\/slanedeti.sk\/cms\/wp-json\/wp\/v2\/media\/1600"}],"wp:attachment":[{"href":"https:\/\/slanedeti.sk\/cms\/wp-json\/wp\/v2\/media?parent=786"}],"wp:term":[{"taxonomy":"category","embeddable":true,"href":"https:\/\/slanedeti.sk\/cms\/wp-json\/wp\/v2\/categories?post=786"},{"taxonomy":"post_tag","embeddable":true,"href":"https:\/\/slanedeti.sk\/cms\/wp-json\/wp\/v2\/tags?post=786"}],"curies":[{"name":"wp","href":"https:\/\/api.w.org\/{rel}","templated":true}]}}