{"id":763,"date":"2006-12-18T16:48:24","date_gmt":"2006-12-18T14:48:24","guid":{"rendered":"http:\/\/slanedeti.sk\/cms\/jubilejny-duhovy-most-pre-slane-deti-2\/200612"},"modified":"2017-09-03T13:30:17","modified_gmt":"2017-09-03T12:30:17","slug":"jubilejny-duhovy-most-pre-slane-deti-2","status":"publish","type":"post","link":"https:\/\/slanedeti.sk\/cms\/jubilejny-duhovy-most-pre-slane-deti-2\/763","title":{"rendered":"Jubilejn\u00fd D\u00fahov\u00fd most pre \u201eslan\u00e9\u201c deti"},"content":{"rendered":"<p>\u201eMrz\u00ed ma, \u017ee sa nem\u00f4\u017eem spolu s vami te\u0161i\u0165 z pekn\u00e9ho ve\u010dera. \u017del\u00e1m v\u00e1m, nech m\u00e1te st\u00e1le slnko v o\u010diach.\u201c Takto sa tretiu okt\u00f3brov\u00fa nede\u013eu prihovorila prostredn\u00edctvom videoprojekcie n\u00e1v\u0161tevn\u00edkom u\u017e desiateho ro\u010dn\u00edka D\u00fahov\u00e9ho mosta Iva Bittov\u00e1. Pr\u00e1ve pod z\u00e1\u0161titou tejto \u010deskej huslistky a spev\u00e1\u010dky sa v liptovskomikul\u00e1\u0161skom Dome kult\u00fary uskuto\u010dnila benef\u00edcia pre \u201eslan\u00e9\u201c deti, ktor\u00e9 bojuj\u00fa s ne\u013eahkou cystickou fibr\u00f3zou.<\/p>\n<p>Po\u0161kodzuje najm\u00e4 d\u00fdchaciu s\u00fastavu a tr\u00e1venie, a postupne zasiahne cel\u00fd organizmus okrem intelektu. Kedysi sa \u017eiadne z det\u00ed, trpiace touto diagn\u00f3zou, nedo\u017eilo dospelosti. Dnes to u\u017e tak, na\u0161\u0165astie, nie je&#8230;<br \/>\n\u201eAni sa mi nechce veri\u0165, \u017ee D\u00fahov\u00e9 mosty staviame u\u017e po desiatykr\u00e1t. Ve\u013emi \u017eivo si pam\u00e4t\u00e1m, ako sme usporiadali prv\u00fd ro\u010dn\u00edk v drevenom kostol\u00edku vo Sv\u00e4tom Kr\u00ed\u017ei. Do na\u0161ich s\u0155dc sa zap\u00edsal neskuto\u010dnou atmosf\u00e9rou. Pr\u00e1ve vydaren\u00e1 premi\u00e9ra n\u00e1s na\u0161tartovala do \u010fal\u0161\u00edch ro\u010dn\u00edkov, ve\u010f vo Sv. Kr\u00ed\u017ei sa tiesnilo viac ako dvetis\u00edc \u013eud\u00ed. A dnes sa stret\u00e1vame u\u017e na desiatych D\u00fahov\u00fdch mostoch,\u201c vyznala sa zo svojich pocitov Jana \u0160ipekov\u00e1, inici\u00e1torka a organiz\u00e1torka D\u00fahov\u00fdch mostov a z\u00e1rove\u0148 predsedn\u00ed\u010dka ob\u010dianskeho zdru\u017eenia Priatelia slan\u00fdch det\u00ed. Na podujat\u00ed sa z\u00fa\u010dastnil aj minister zdravotn\u00edctva Ivan Valentovi\u010d, predseda \u017dilinsk\u00e9ho samospr\u00e1vneho kraja Juraj Blan\u00e1r, prim\u00e1tor L. Mikul\u00e1\u0161a Alexander Slafkovsk\u00fd a kandid\u00e1t na prim\u00e1tora a podporovate\u013e D\u00fahov\u00fdch mostov J\u00e1n Blch\u00e1\u010d.<br \/>\nD\u00fahov\u00e9 mosty sa po\u010das svojej existencie vryli do pam\u00e4ti bohatou paletou z\u00fa\u010dastnen\u00fdch osobnost\u00ed, ktor\u00e9 vystupovali bez n\u00e1roku na honor\u00e1r. Za v\u0161etky spome\u0148me Janu Kirschner, ktor\u00e1 je aj patr\u00f3nkou slan\u00fdch det\u00ed, Richarda M\u0171llera, Jo\u017ea Pro\u010dka, Miroslava \u017dbirku, Zuzanu Smatanov\u00fa \u010di Ibrahima Maigu. Kvalitou rozhodne nesklamal ani desiaty ro\u010dn\u00edk. Do posledn\u00e9ho mieste\u010dka zaplnen\u00fd dom kult\u00fary priv\u00edtala skupina Venusta hymnou slan\u00fdch det\u00ed, ktor\u00fa zaspievala jedna z nich &#8211; Michaela \u0160ipekov\u00e1. V programe vyst\u00fapil Peter Lipa, Peter Cmorik, Robo Opatovsk\u00fd, sestersk\u00e9 duo Tweens, Hork\u00fd\u017ee sl\u00ed\u017ee, Close Harmony Friends, \u017eiaci dom\u00e1cej Z\u00e1kladnej umeleckej \u0161koly J\u00e1na Levoslava Bellu a hudobn\u00e1 skupina Venusta.<br \/>\nKuko, l\u00edder skupiny Hork\u00fd\u017ee sl\u00ed\u017ee, po vydarenej akcii priznal, \u017ee s kapelou na podobn\u00fdch podujatiach \u010dasto nehraj\u00fa. \u201eV dne\u0161nej dobe m\u00e1 ve\u013ea umelcov nabit\u00fd program, ktor\u00fd sa pripravuje aj rok dopredu. N\u00e1js\u0165 vo\u013en\u00fd term\u00edn, najm\u00e4 po\u010das v\u00edkendov, je \u010dasto nad\u013eudsk\u00fd v\u00fdkon. Som r\u00e1d, \u017ee sme mohli aspo\u0148 tak\u00fdmto sp\u00f4sobom pom\u00f4c\u0165 chor\u00fdm de\u0165om.\u201c<br \/>\nRoman Jura\u0161ko, zn\u00e1ma tv\u00e1r Teler\u00e1na z obrazoviek Mark\u00edzy, moderoval D\u00fahov\u00e9 mosty s Martinou Hlavatou. Netajil, \u017ee tak\u00e9to ve\u013ek\u00e9 podujatie mal pod taktovkou prv\u00fd raz. \u201eSom ve\u013emi pote\u0161en\u00fd z vydarenej akcie. Je spr\u00e1vne, ke\u010f sa aj tak\u00fdmto sp\u00f4sobom pom\u00e1ha \u013eu\u010fom, ktor\u00ed to najviac potrebuj\u00fa.\u201c<br \/>\nV\u00fd\u0165a\u017eok benefi\u010dn\u00e9ho koncertu a zbierky pre \u201eslan\u00e9\u201c deti je pribli\u017ene 300-tis\u00edc kor\u00fan. A to ner\u00e1tame pris\u013e\u00faben\u00fd dar ministra zdravotn\u00edcta Ivana Valentovi\u010da \u2013 dva inhala\u010dn\u00e9 pr\u00edstroje, ka\u017ed\u00fd v hodnote tridsa\u0165tis\u00edc kor\u00fan.<\/p>\n<p>-mi\u0161-<br \/>\nMY noviny<\/p>\n<p>Zdroj: http:\/\/www.mynoviny.sk\/c\/2964056\/Jubilejny-Duhovy-most-pre-slane-deti.html<\/p>\n","protected":false},"excerpt":{"rendered":"<p>&bdquo;Mrz&iacute; ma, &#382;e sa nem&ocirc;&#382;em spolu s vami te&scaron;i&#357; z pekn&eacute;ho ve&#269;era. &#381;el&aacute;m v&aacute;m, nech m&aacute;te st&aacute;le slnko v o&#269;iach.&ldquo; Takto sa tretiu okt&oacute;brov&uacute; nede&#318;u prihovorila prostredn&iacute;ctvom videoprojekcie n&aacute;v&scaron;tevn&iacute;kom u&#382; desiateho ro&#269;n&iacute;ka D&uacute;hov&eacute;ho mosta Iva Bittov&aacute;. Pr&aacute;ve pod z&aacute;&scaron;titou tejto &hellip; <a href=\"https:\/\/slanedeti.sk\/cms\/jubilejny-duhovy-most-pre-slane-deti-2\/763\">Continued<\/a><\/p>\n","protected":false},"author":3,"featured_media":1600,"comment_status":"closed","ping_status":"closed","sticky":false,"template":"","format":"standard","meta":{"kt_blocks_editor_width":"","footnotes":""},"categories":[264],"tags":[8,7,10,6,9],"class_list":["post-763","post","type-post","status-publish","format-standard","has-post-thumbnail","hentry","category-priatelia-slanych-deti","tag-beneficia","tag-beneficny-koncert","tag-cysticka-fibroza","tag-duhovy-most","tag-slane-deti"],"yoast_head":"<!-- This site is optimized with the Yoast SEO plugin v27.5 - https:\/\/yoast.com\/product\/yoast-seo-wordpress\/ -->\n<title>Jubilejn\u00fd D\u00fahov\u00fd most pre \u201eslan\u00e9\u201c deti - Slan\u00e9 deti<\/title>\n<meta name=\"description\" content=\"\u201eMrz\u00ed ma, \u017ee sa nem\u00f4\u017eem spolu s vami te\u0161i\u0165 z pekn\u00e9ho ve\u010dera. \u017del\u00e1m v\u00e1m, nech m\u00e1te st\u00e1le slnko v o\u010diach.\u201c Takto sa tretiu okt\u00f3brov\u00fa nede\u013eu prihovorila prostredn\u00edctvom videoprojekcie n\u00e1v\u0161tevn\u00edkom u\u017e desiateho ro\u010dn\u00edka D\u00fahov\u00e9ho mosta Iva Bittov\u00e1.\" \/>\n<meta name=\"robots\" content=\"index, follow, max-snippet:-1, max-image-preview:large, max-video-preview:-1\" \/>\n<link rel=\"canonical\" href=\"https:\/\/slanedeti.sk\/cms\/jubilejny-duhovy-most-pre-slane-deti-2\/763\" \/>\n<meta property=\"og:locale\" content=\"sk_SK\" \/>\n<meta property=\"og:type\" content=\"article\" \/>\n<meta property=\"og:title\" content=\"Jubilejn\u00fd D\u00fahov\u00fd most pre \u201eslan\u00e9\u201c deti - Slan\u00e9 deti\" \/>\n<meta property=\"og:description\" content=\"\u201eMrz\u00ed ma, \u017ee sa nem\u00f4\u017eem spolu s vami te\u0161i\u0165 z pekn\u00e9ho ve\u010dera. \u017del\u00e1m v\u00e1m, nech m\u00e1te st\u00e1le slnko v o\u010diach.\u201c Takto sa tretiu okt\u00f3brov\u00fa nede\u013eu prihovorila prostredn\u00edctvom videoprojekcie n\u00e1v\u0161tevn\u00edkom u\u017e desiateho ro\u010dn\u00edka D\u00fahov\u00e9ho mosta Iva Bittov\u00e1.\" \/>\n<meta property=\"og:url\" content=\"https:\/\/slanedeti.sk\/cms\/jubilejny-duhovy-most-pre-slane-deti-2\/763\" \/>\n<meta property=\"og:site_name\" content=\"Slan\u00e9 deti\" \/>\n<meta property=\"article:publisher\" content=\"http:\/\/www.facebook.com\/slanedeti\" \/>\n<meta property=\"article:published_time\" content=\"2006-12-18T14:48:24+00:00\" \/>\n<meta property=\"article:modified_time\" content=\"2017-09-03T12:30:17+00:00\" \/>\n<meta property=\"og:image\" content=\"https:\/\/slanedeti.sk\/cms\/wp-content\/uploads\/2013\/07\/logo_CB-e1446396108362.png\" \/>\n\t<meta property=\"og:image:width\" content=\"350\" \/>\n\t<meta property=\"og:image:height\" content=\"350\" \/>\n\t<meta property=\"og:image:type\" content=\"image\/png\" \/>\n<meta name=\"author\" content=\"Kika\" \/>\n<meta name=\"twitter:label1\" content=\"Autor\" \/>\n\t<meta name=\"twitter:data1\" content=\"Kika\" \/>\n\t<meta name=\"twitter:label2\" content=\"Predpokladan\u00fd \u010das \u010d\u00edtania\" \/>\n\t<meta name=\"twitter:data2\" content=\"3 min\u00faty\" \/>\n<script type=\"application\/ld+json\" class=\"yoast-schema-graph\">{\"@context\":\"https:\\\/\\\/schema.org\",\"@graph\":[{\"@type\":\"Article\",\"@id\":\"https:\\\/\\\/slanedeti.sk\\\/cms\\\/jubilejny-duhovy-most-pre-slane-deti-2\\\/763#article\",\"isPartOf\":{\"@id\":\"https:\\\/\\\/slanedeti.sk\\\/cms\\\/jubilejny-duhovy-most-pre-slane-deti-2\\\/763\"},\"author\":{\"name\":\"Kika\",\"@id\":\"https:\\\/\\\/slanedeti.sk\\\/cms\\\/#\\\/schema\\\/person\\\/8d4185e268823ccbc166a1895f1b7938\"},\"headline\":\"Jubilejn\u00fd D\u00fahov\u00fd most pre \u201eslan\u00e9\u201c deti\",\"datePublished\":\"2006-12-18T14:48:24+00:00\",\"dateModified\":\"2017-09-03T12:30:17+00:00\",\"mainEntityOfPage\":{\"@id\":\"https:\\\/\\\/slanedeti.sk\\\/cms\\\/jubilejny-duhovy-most-pre-slane-deti-2\\\/763\"},\"wordCount\":601,\"image\":{\"@id\":\"https:\\\/\\\/slanedeti.sk\\\/cms\\\/jubilejny-duhovy-most-pre-slane-deti-2\\\/763#primaryimage\"},\"thumbnailUrl\":\"https:\\\/\\\/slanedeti.sk\\\/cms\\\/wp-content\\\/uploads\\\/2013\\\/07\\\/logo_CB-e1446396108362.png\",\"keywords\":[\"benef\u00edcia\",\"benefi\u010dn\u00fd koncert\",\"cystick\u00e1 fibr\u00f3za\",\"D\u00fahov\u00fd most\",\"slan\u00e9 deti\"],\"articleSection\":[\"Priatelia slan\u00fdch det\u00ed\"],\"inLanguage\":\"sk-SK\"},{\"@type\":\"WebPage\",\"@id\":\"https:\\\/\\\/slanedeti.sk\\\/cms\\\/jubilejny-duhovy-most-pre-slane-deti-2\\\/763\",\"url\":\"https:\\\/\\\/slanedeti.sk\\\/cms\\\/jubilejny-duhovy-most-pre-slane-deti-2\\\/763\",\"name\":\"Jubilejn\u00fd D\u00fahov\u00fd most pre \u201eslan\u00e9\u201c deti - Slan\u00e9 deti\",\"isPartOf\":{\"@id\":\"https:\\\/\\\/slanedeti.sk\\\/cms\\\/#website\"},\"primaryImageOfPage\":{\"@id\":\"https:\\\/\\\/slanedeti.sk\\\/cms\\\/jubilejny-duhovy-most-pre-slane-deti-2\\\/763#primaryimage\"},\"image\":{\"@id\":\"https:\\\/\\\/slanedeti.sk\\\/cms\\\/jubilejny-duhovy-most-pre-slane-deti-2\\\/763#primaryimage\"},\"thumbnailUrl\":\"https:\\\/\\\/slanedeti.sk\\\/cms\\\/wp-content\\\/uploads\\\/2013\\\/07\\\/logo_CB-e1446396108362.png\",\"datePublished\":\"2006-12-18T14:48:24+00:00\",\"dateModified\":\"2017-09-03T12:30:17+00:00\",\"author\":{\"@id\":\"https:\\\/\\\/slanedeti.sk\\\/cms\\\/#\\\/schema\\\/person\\\/8d4185e268823ccbc166a1895f1b7938\"},\"description\":\"\u201eMrz\u00ed ma, \u017ee sa nem\u00f4\u017eem spolu s vami te\u0161i\u0165 z pekn\u00e9ho ve\u010dera. \u017del\u00e1m v\u00e1m, nech m\u00e1te st\u00e1le slnko v o\u010diach.\u201c Takto sa tretiu okt\u00f3brov\u00fa nede\u013eu prihovorila prostredn\u00edctvom videoprojekcie n\u00e1v\u0161tevn\u00edkom u\u017e desiateho ro\u010dn\u00edka D\u00fahov\u00e9ho mosta Iva Bittov\u00e1.\",\"inLanguage\":\"sk-SK\",\"potentialAction\":[{\"@type\":\"ReadAction\",\"target\":[\"https:\\\/\\\/slanedeti.sk\\\/cms\\\/jubilejny-duhovy-most-pre-slane-deti-2\\\/763\"]}]},{\"@type\":\"ImageObject\",\"inLanguage\":\"sk-SK\",\"@id\":\"https:\\\/\\\/slanedeti.sk\\\/cms\\\/jubilejny-duhovy-most-pre-slane-deti-2\\\/763#primaryimage\",\"url\":\"https:\\\/\\\/slanedeti.sk\\\/cms\\\/wp-content\\\/uploads\\\/2013\\\/07\\\/logo_CB-e1446396108362.png\",\"contentUrl\":\"https:\\\/\\\/slanedeti.sk\\\/cms\\\/wp-content\\\/uploads\\\/2013\\\/07\\\/logo_CB-e1446396108362.png\",\"width\":350,\"height\":350},{\"@type\":\"WebSite\",\"@id\":\"https:\\\/\\\/slanedeti.sk\\\/cms\\\/#website\",\"url\":\"https:\\\/\\\/slanedeti.sk\\\/cms\\\/\",\"name\":\"Slan\u00e9 deti\",\"description\":\"Inform\u00e1cie o cystickej fibr\u00f3ze\",\"potentialAction\":[{\"@type\":\"SearchAction\",\"target\":{\"@type\":\"EntryPoint\",\"urlTemplate\":\"https:\\\/\\\/slanedeti.sk\\\/cms\\\/?s={search_term_string}\"},\"query-input\":{\"@type\":\"PropertyValueSpecification\",\"valueRequired\":true,\"valueName\":\"search_term_string\"}}],\"inLanguage\":\"sk-SK\"},{\"@type\":\"Person\",\"@id\":\"https:\\\/\\\/slanedeti.sk\\\/cms\\\/#\\\/schema\\\/person\\\/8d4185e268823ccbc166a1895f1b7938\",\"name\":\"Kika\",\"url\":\"https:\\\/\\\/slanedeti.sk\\\/cms\\\/author\\\/kika\"}]}<\/script>\n<!-- \/ Yoast SEO plugin. -->","yoast_head_json":{"title":"Jubilejn\u00fd D\u00fahov\u00fd most pre \u201eslan\u00e9\u201c deti - Slan\u00e9 deti","description":"\u201eMrz\u00ed ma, \u017ee sa nem\u00f4\u017eem spolu s vami te\u0161i\u0165 z pekn\u00e9ho ve\u010dera. \u017del\u00e1m v\u00e1m, nech m\u00e1te st\u00e1le slnko v o\u010diach.\u201c Takto sa tretiu okt\u00f3brov\u00fa nede\u013eu prihovorila prostredn\u00edctvom videoprojekcie n\u00e1v\u0161tevn\u00edkom u\u017e desiateho ro\u010dn\u00edka D\u00fahov\u00e9ho mosta Iva Bittov\u00e1.","robots":{"index":"index","follow":"follow","max-snippet":"max-snippet:-1","max-image-preview":"max-image-preview:large","max-video-preview":"max-video-preview:-1"},"canonical":"https:\/\/slanedeti.sk\/cms\/jubilejny-duhovy-most-pre-slane-deti-2\/763","og_locale":"sk_SK","og_type":"article","og_title":"Jubilejn\u00fd D\u00fahov\u00fd most pre \u201eslan\u00e9\u201c deti - Slan\u00e9 deti","og_description":"\u201eMrz\u00ed ma, \u017ee sa nem\u00f4\u017eem spolu s vami te\u0161i\u0165 z pekn\u00e9ho ve\u010dera. \u017del\u00e1m v\u00e1m, nech m\u00e1te st\u00e1le slnko v o\u010diach.\u201c Takto sa tretiu okt\u00f3brov\u00fa nede\u013eu prihovorila prostredn\u00edctvom videoprojekcie n\u00e1v\u0161tevn\u00edkom u\u017e desiateho ro\u010dn\u00edka D\u00fahov\u00e9ho mosta Iva Bittov\u00e1.","og_url":"https:\/\/slanedeti.sk\/cms\/jubilejny-duhovy-most-pre-slane-deti-2\/763","og_site_name":"Slan\u00e9 deti","article_publisher":"http:\/\/www.facebook.com\/slanedeti","article_published_time":"2006-12-18T14:48:24+00:00","article_modified_time":"2017-09-03T12:30:17+00:00","og_image":[{"width":350,"height":350,"url":"https:\/\/slanedeti.sk\/cms\/wp-content\/uploads\/2013\/07\/logo_CB-e1446396108362.png","type":"image\/png"}],"author":"Kika","twitter_misc":{"Autor":"Kika","Predpokladan\u00fd \u010das \u010d\u00edtania":"3 min\u00faty"},"schema":{"@context":"https:\/\/schema.org","@graph":[{"@type":"Article","@id":"https:\/\/slanedeti.sk\/cms\/jubilejny-duhovy-most-pre-slane-deti-2\/763#article","isPartOf":{"@id":"https:\/\/slanedeti.sk\/cms\/jubilejny-duhovy-most-pre-slane-deti-2\/763"},"author":{"name":"Kika","@id":"https:\/\/slanedeti.sk\/cms\/#\/schema\/person\/8d4185e268823ccbc166a1895f1b7938"},"headline":"Jubilejn\u00fd D\u00fahov\u00fd most pre \u201eslan\u00e9\u201c deti","datePublished":"2006-12-18T14:48:24+00:00","dateModified":"2017-09-03T12:30:17+00:00","mainEntityOfPage":{"@id":"https:\/\/slanedeti.sk\/cms\/jubilejny-duhovy-most-pre-slane-deti-2\/763"},"wordCount":601,"image":{"@id":"https:\/\/slanedeti.sk\/cms\/jubilejny-duhovy-most-pre-slane-deti-2\/763#primaryimage"},"thumbnailUrl":"https:\/\/slanedeti.sk\/cms\/wp-content\/uploads\/2013\/07\/logo_CB-e1446396108362.png","keywords":["benef\u00edcia","benefi\u010dn\u00fd koncert","cystick\u00e1 fibr\u00f3za","D\u00fahov\u00fd most","slan\u00e9 deti"],"articleSection":["Priatelia slan\u00fdch det\u00ed"],"inLanguage":"sk-SK"},{"@type":"WebPage","@id":"https:\/\/slanedeti.sk\/cms\/jubilejny-duhovy-most-pre-slane-deti-2\/763","url":"https:\/\/slanedeti.sk\/cms\/jubilejny-duhovy-most-pre-slane-deti-2\/763","name":"Jubilejn\u00fd D\u00fahov\u00fd most pre \u201eslan\u00e9\u201c deti - Slan\u00e9 deti","isPartOf":{"@id":"https:\/\/slanedeti.sk\/cms\/#website"},"primaryImageOfPage":{"@id":"https:\/\/slanedeti.sk\/cms\/jubilejny-duhovy-most-pre-slane-deti-2\/763#primaryimage"},"image":{"@id":"https:\/\/slanedeti.sk\/cms\/jubilejny-duhovy-most-pre-slane-deti-2\/763#primaryimage"},"thumbnailUrl":"https:\/\/slanedeti.sk\/cms\/wp-content\/uploads\/2013\/07\/logo_CB-e1446396108362.png","datePublished":"2006-12-18T14:48:24+00:00","dateModified":"2017-09-03T12:30:17+00:00","author":{"@id":"https:\/\/slanedeti.sk\/cms\/#\/schema\/person\/8d4185e268823ccbc166a1895f1b7938"},"description":"\u201eMrz\u00ed ma, \u017ee sa nem\u00f4\u017eem spolu s vami te\u0161i\u0165 z pekn\u00e9ho ve\u010dera. \u017del\u00e1m v\u00e1m, nech m\u00e1te st\u00e1le slnko v o\u010diach.\u201c Takto sa tretiu okt\u00f3brov\u00fa nede\u013eu prihovorila prostredn\u00edctvom videoprojekcie n\u00e1v\u0161tevn\u00edkom u\u017e desiateho ro\u010dn\u00edka D\u00fahov\u00e9ho mosta Iva Bittov\u00e1.","inLanguage":"sk-SK","potentialAction":[{"@type":"ReadAction","target":["https:\/\/slanedeti.sk\/cms\/jubilejny-duhovy-most-pre-slane-deti-2\/763"]}]},{"@type":"ImageObject","inLanguage":"sk-SK","@id":"https:\/\/slanedeti.sk\/cms\/jubilejny-duhovy-most-pre-slane-deti-2\/763#primaryimage","url":"https:\/\/slanedeti.sk\/cms\/wp-content\/uploads\/2013\/07\/logo_CB-e1446396108362.png","contentUrl":"https:\/\/slanedeti.sk\/cms\/wp-content\/uploads\/2013\/07\/logo_CB-e1446396108362.png","width":350,"height":350},{"@type":"WebSite","@id":"https:\/\/slanedeti.sk\/cms\/#website","url":"https:\/\/slanedeti.sk\/cms\/","name":"Slan\u00e9 deti","description":"Inform\u00e1cie o cystickej fibr\u00f3ze","potentialAction":[{"@type":"SearchAction","target":{"@type":"EntryPoint","urlTemplate":"https:\/\/slanedeti.sk\/cms\/?s={search_term_string}"},"query-input":{"@type":"PropertyValueSpecification","valueRequired":true,"valueName":"search_term_string"}}],"inLanguage":"sk-SK"},{"@type":"Person","@id":"https:\/\/slanedeti.sk\/cms\/#\/schema\/person\/8d4185e268823ccbc166a1895f1b7938","name":"Kika","url":"https:\/\/slanedeti.sk\/cms\/author\/kika"}]}},"_links":{"self":[{"href":"https:\/\/slanedeti.sk\/cms\/wp-json\/wp\/v2\/posts\/763","targetHints":{"allow":["GET"]}}],"collection":[{"href":"https:\/\/slanedeti.sk\/cms\/wp-json\/wp\/v2\/posts"}],"about":[{"href":"https:\/\/slanedeti.sk\/cms\/wp-json\/wp\/v2\/types\/post"}],"author":[{"embeddable":true,"href":"https:\/\/slanedeti.sk\/cms\/wp-json\/wp\/v2\/users\/3"}],"replies":[{"embeddable":true,"href":"https:\/\/slanedeti.sk\/cms\/wp-json\/wp\/v2\/comments?post=763"}],"version-history":[{"count":0,"href":"https:\/\/slanedeti.sk\/cms\/wp-json\/wp\/v2\/posts\/763\/revisions"}],"wp:featuredmedia":[{"embeddable":true,"href":"https:\/\/slanedeti.sk\/cms\/wp-json\/wp\/v2\/media\/1600"}],"wp:attachment":[{"href":"https:\/\/slanedeti.sk\/cms\/wp-json\/wp\/v2\/media?parent=763"}],"wp:term":[{"taxonomy":"category","embeddable":true,"href":"https:\/\/slanedeti.sk\/cms\/wp-json\/wp\/v2\/categories?post=763"},{"taxonomy":"post_tag","embeddable":true,"href":"https:\/\/slanedeti.sk\/cms\/wp-json\/wp\/v2\/tags?post=763"}],"curies":[{"name":"wp","href":"https:\/\/api.w.org\/{rel}","templated":true}]}}