{"id":2147,"date":"2021-02-06T21:55:08","date_gmt":"2021-02-06T20:55:08","guid":{"rendered":"http:\/\/slanedeti.sk\/cms\/?p=2147"},"modified":"2021-02-06T21:56:17","modified_gmt":"2021-02-06T20:56:17","slug":"koronavirus-covid-19-ockovanie-2","status":"publish","type":"post","link":"https:\/\/slanedeti.sk\/cms\/koronavirus-covid-19-ockovanie-2\/2147","title":{"rendered":"Koronav\u00edrus COVID-19 o\u010dkovanie"},"content":{"rendered":"\n<p><strong>V\u00fdvoj Covid-19 vakc\u00edn<\/strong><\/p>\n\n\n\n<p>11. janu\u00e1ra 2020 zverejnil Wuhansk\u00fd virologick\u00fd \u00fastav gen\u00f3m nov\u00e9ho koronav\u00edrusu (nesk\u00f4r pomenovan\u00e9ho SARS-CoV-2) a niektor\u00e9 biotechnologick\u00e9 firmy za\u010dali v\u010faka t\u00fdmto \u00fadajom pracova\u0165 na v\u00fdvoji vakc\u00edny e\u0161te v ten ist\u00fd de\u0148. Boli medzi nimi aj americk\u00e1 spolo\u010dnos\u0165 Moderna a nemeck\u00fd BioNTech (ktor\u00fd vo v\u00fdvoji vakc\u00edny nesk\u00f4r nadviazal spolupr\u00e1cu so spolo\u010dnos\u0165ou Pfizer). Je ale potrebn\u00e9 poveda\u0165, \u017ee r\u00fdchly v\u00fdvoj vakc\u00edny bol mo\u017en\u00fd aj v\u010faka mno\u017estvu predch\u00e1dzaj\u00faceho v\u00fdskumu pr\u00edbuzn\u00fdch koronav\u00edrusov sp\u00f4sobuj\u00facich ochorenia SARS (Severe Acute Respiratory Syndrome) a MERS (Middle East Respiratory Syndrome). Kv\u00f4li r\u00fdchlemu \u0161\u00edreniu epid\u00e9mie bolo u\u017e v marci 2020 zrejm\u00e9, \u017ee najpotrebnej\u0161ia vec na svete je vakc\u00edna proti Covid-19. Firmy, ktor\u00e9 ju u\u017e vyv\u00edjali, z\u00edskali ve\u013ek\u00fd objem rizikov\u00e9ho kapit\u00e1lu, ako aj \u010fal\u0161iu finan\u010dn\u00fa podporu. Napr\u00edklad 18 mili\u00e1rd dol\u00e1rov od americkej vl\u00e1dy v r\u00e1mci programu \u201eOperation Warp Speed&#8220; a v men\u0161ej miere aj od Eur\u00f3pskej komisie. To malo samozrejme ve\u013ek\u00fd v\u00fdznam, preto\u017ee v\u010faka dostatku financi\u00ed mohol v\u00fdskum napredova\u0165 r\u00fdchlym tempom. Moderna aj BioNTech (ako aj niektor\u00e9 \u010fal\u0161ie farmaceutick\u00e9 firmy) u\u017e predt\u00fdm dlh\u0161\u00ed \u010das vyv\u00edjali nov\u00fa <a href=\"https:\/\/qz.com\/1947436\/how-moderna-and-biontech-are-writing-the-future-of-pharma\">technol\u00f3giu zalo\u017een\u00fa na mRNA<\/a>, ktorej jednou z v\u00fdhod je r\u00fdchlos\u0165 n\u00e1vrhu novej vakc\u00edny. Dovtedy nebola schv\u00e1len\u00e1, uveden\u00e1 na trh \u017eiadna vakc\u00edna ani in\u00e9 lie\u010divo, zalo\u017een\u00e9 na mRNA technol\u00f3gi\u00ed. S mRNA lie\u010divami sa dovtedy uskuto\u010dnilo viacero klinick\u00fdch sk\u00fa\u0161an\u00ed, ale s technol\u00f3giou boli aj probl\u00e9my. Vy\u017eadovala si in\u00e9 v\u00fdrobn\u00e9 postupy, ktor\u00e9 farmaceutick\u00e9 firmy nemali motiv\u00e1ciu zav\u00e1dza\u0165 a najm\u00e4 jej stabilita resp. po\u017eiadavky na skladovanie pri extr\u00e9mne n\u00edzkych teplot\u00e1ch. Moderna bola prv\u00e1 spolo\u010dnos\u0165, ktor\u00e1 za\u010dala v marci 2020 s klinick\u00fdm sk\u00fa\u0161an\u00edm vakc\u00edny proti Covid-19.<\/p>\n\n\n\n<figure class=\"wp-block-image size-large\"><a href=\"https:\/\/slanedeti.sk\/cms\/wp-content\/uploads\/2021\/02\/covid-ockovanie-2.jpg\"><img loading=\"lazy\" decoding=\"async\" width=\"960\" height=\"679\" src=\"https:\/\/slanedeti.sk\/cms\/wp-content\/uploads\/2021\/02\/covid-ockovanie-2.jpg\" alt=\"COVID-19\" class=\"wp-image-2136\" srcset=\"https:\/\/slanedeti.sk\/cms\/wp-content\/uploads\/2021\/02\/covid-ockovanie-2.jpg 960w, https:\/\/slanedeti.sk\/cms\/wp-content\/uploads\/2021\/02\/covid-ockovanie-2-300x212.jpg 300w, https:\/\/slanedeti.sk\/cms\/wp-content\/uploads\/2021\/02\/covid-ockovanie-2-768x543.jpg 768w\" sizes=\"auto, (max-width: 960px) 100vw, 960px\" \/><\/a><\/figure>\n\n\n\n<p>Do v\u00fdvoja vakc\u00edny sa samozrejme zapojilo aj ve\u013ea \u010fal\u0161\u00edch firiem a mnoh\u00e9 i\u0161li cestou zau\u017e\u00edvan\u00fdch postupov. Okrem mRNA viacer\u00ed v\u00fdrobcovia vyvinuli vakc\u00edny s rekombinantn\u00fdm adenov\u00edrusom (AstraZeneca, Johnson&amp;Johnson). Prv\u00e9 o\u010dkovania \u0161ir\u0161ej popul\u00e1cie mimo klinick\u00fdch \u0161t\u00fadi\u00ed za\u010dali koncom leta 2020 v \u010c\u00edne a v Rusku. \u010c\u00ednska a rusk\u00e1 vakc\u00edna sa za\u010dali pou\u017e\u00edva\u0165 e\u0161te pred ukon\u010den\u00edm tretej f\u00e1zy klinick\u00e9ho sk\u00fa\u0161ania, \u010do bol ne\u0161tandardn\u00fd, aj ke\u010f v podmienkach pand\u00e9mie mo\u017eno prijate\u013en\u00fd postup (bezpe\u010dnos\u0165 lie\u010diva sa d\u00e1 jednozna\u010dne preuk\u00e1za\u0165 a\u017e na z\u00e1klade v\u00fdsledkov tretej f\u00e1zy klinick\u00e9ho sk\u00fa\u0161ania).<\/p>\n\n\n\n<p>V novembri 2020 boli zverejnen\u00e9 prv\u00e9 v\u00fdsledky tretej f\u00e1zy klinick\u00fdch \u0161t\u00fadi\u00ed a v pr\u00edpade mRNA vakc\u00edn prekonali o\u010dak\u00e1vania expertov, ke\u010f\u017ee ich \u00fa\u010dinnos\u0165 je okolo 95&nbsp;%. Naopak \u00fa\u010dinnos\u0165 vakc\u00edny spolo\u010dnosti AstraZeneca bola \u010diasto\u010dn\u00fdm sklaman\u00edm. Tak mRNA vakc\u00edny, ako aj vakc\u00edna od AstraZeneca preuk\u00e1zali na z\u00e1klade klinick\u00fdch sk\u00fa\u0161ok vysok\u00fa bezpe\u010dnos\u0165 a z\u00edskali povolenie pre uvedenie na trh vo viacer\u00fdch krajin\u00e1ch. Prvou vakc\u00ednou schv\u00e1lenou Eur\u00f3pskou liekovou agent\u00farou pre pou\u017eitie v EU bola v decembri 2020 vakc\u00edna Pfizer\/BioNTech a n\u00e1sledne druhou vakc\u00edna od Moderny. V s\u00fa\u010dasnosti je viacero v\u00fdrobcov, ktor\u00fdch vakc\u00edny s\u00fa v \u0161t\u00e1diu klinick\u00e9ho sk\u00fa\u0161ania a&nbsp; po\u010das tohto roka bud\u00fa niektor\u00e9 z nich schv\u00e1len\u00e9 a uveden\u00e9 na trh. V EU schv\u00e1len\u00e9 vakc\u00edny s\u00fa ur\u010den\u00e9 iba pre osoby nad 18 rokov, nako\u013eko e\u0161te neprebehli klinick\u00e9 \u0161t\u00fadie u det\u00ed. Spolo\u010dnos\u0165 Moderna, ktor\u00e1 za\u010dala <a href=\"https:\/\/www.webmd.com\/vaccines\/covid-19-vaccine\/news\/20210114\/moderna_needs_more_kids_for_covid_vaccine_trials\">pediatrick\u00fa \u0161t\u00fadiu<\/a> u det\u00ed nad 11 rokov predpoklad\u00e1, \u017ee v\u00fdsledky \u0161t\u00fadie bud\u00fa zn\u00e1me zrejme a\u017e v roku 2022. Za\u010diatkom febru\u00e1ra 2021 bolo proti Covid-19 vo svete zao\u010dkovan\u00fdch takmer 100 mili\u00f3nov \u013eud\u00ed, aktu\u00e1lne \u0161tatistiky k o\u010dkovaniu m\u00f4\u017eete n\u00e1js\u0165 na <a href=\"https:\/\/www.bloomberg.com\/graphics\/covid-vaccine-tracker-global-distribution\/\">Bloomberg Vaccine Tracker<\/a> alebo na str\u00e1nke <a href=\"https:\/\/ourworldindata.org\/covid-vaccinations\">Our World in Data<\/a>.<\/p>\n\n\n\n<p><strong>SARS-CoV-2 imunita a o\u010dkovanie<\/strong><\/p>\n\n\n\n<p>SARS-CoV-2 je nov\u00fd patog\u00e9n, s ktor\u00fdm sa \u013eudia v minulosti nestretli a preto nemaj\u00fa vo\u010di nemu vytvoren\u00fa \u0161pecifick\u00fa imunitu \u2013 teda nemaj\u00fa protil\u00e1tky, ktor\u00e9 by mohli v\u00edrus neutralizova\u0165 ani T-lymfocyty, ktor\u00e9 chr\u00e1nia organizmus na bunkovej \u00farovni. Z toho vypl\u00fdva ve\u013ek\u00fd probl\u00e9m, ktor\u00fd prin\u00e1\u0161aj\u00fa pand\u00e9mie \u2013 zo za\u010diatku, pokia\u013e \u010das\u0165 popul\u00e1cie nez\u00edska imunitu sa ka\u017ed\u00fd jedinec m\u00f4\u017ee nakazi\u0165, infekcia sa m\u00f4\u017ee \u0161\u00edri\u0165 ve\u013emi r\u00fdchlo a zahlti\u0165 nemocnice. Inak povedan\u00e9 pandemick\u00e9 kmene maj\u00fa tendenciu napadn\u00fa\u0165 cel\u00fa popul\u00e1ciu. S\u00fa zn\u00e1me pr\u00edpady, ke\u010f pri vhodn\u00fdch podmienkach pre \u0161\u00edrenie v\u00edrusu ako napr. na p\u00e1rty, kde v uzavret\u00fdch priestoroch interaguje mno\u017estvo \u013eud\u00ed, jedna osoba nakazila viac ako 100 \u010fal\u0161\u00edch. V pr\u00edpade be\u017en\u00fdch respira\u010dn\u00fdch ochoren\u00ed ako napr. chr\u00edpka k ni\u010domu podobn\u00e9mu ned\u00f4jde, ke\u010f\u017ee v\u00e4\u010d\u0161ina \u013eud\u00ed m\u00e1 protil\u00e1tky z&nbsp;\u010dasu, ke\u010f naposledy na chr\u00edpku ochoreli.<\/p>\n\n\n\n<p>\u0160pecifick\u00fa imunitu je mo\u017en\u00e9 z\u00edska\u0165 bu\u010f prekonan\u00edm ochorenia, alebo o\u010dkovan\u00edm. To, \u017ee SARS-CoV-2 je nov\u00fd v\u00edrus samozrejme tie\u017e znamen\u00e1, \u017ee poznatky o imunite vo\u010di tomuto v\u00edrusu zatia\u013e nie s\u00fa \u00fapln\u00e9. Po infekcii organizmus za\u010dne r\u00fdchlo produkova\u0165 najprv IgM a kr\u00e1tko na to aj IgG protil\u00e1tky, s\u00e9rologick\u00fdm testom je ich mo\u017en\u00e9 dok\u00e1za\u0165 pribli\u017ene od 10. d\u0148a od nakazenia. Hladina protil\u00e1tok je ale ve\u013emi variabiln\u00e1, u malej \u010dasti \u013eud\u00ed dokonca tak\u00e1 n\u00edzka, \u017ee ju po prekonan\u00ed ochorenia nie je mo\u017en\u00e9 detegova\u0165. Infekcia vedie aj k bunkovej odpovedi prostredn\u00edctvom T-lymfocytov, aj ke\u010f bunkov\u00fa imunitu nie je mo\u017en\u00e9 sk\u00fama\u0165 tak jednoducho ako protil\u00e1tkov\u00fa. Doteraj\u0161\u00ed <a href=\"https:\/\/www.theguardian.com\/society\/2021\/jan\/14\/recovering-from-covid-gives-similar-level-of-protection-to-vaccine\">v\u00fdskum<\/a> nazna\u010duje, \u017ee imunita z\u00edskan\u00e1 prekonan\u00edm ochorenia prin\u00e1\u0161a ochranu pred reinfekciou pre 83% \u013eud\u00ed minim\u00e1lne na 5 mesiacov (d\u013a\u017eka trvania \u0161t\u00fadie). Reinfekcie teda nie s\u00fa v kr\u00e1tkom \u010dase be\u017en\u00e9, ale ani nie \u00faplne v\u00fdnimo\u010dn\u00e9. D\u00f4le\u017eitou ot\u00e1zkou je tie\u017e d\u013a\u017eka trvania imunity, v\u00e4\u010d\u0161ina os\u00f4b je <a href=\"https:\/\/www.the-scientist.com\/news-opinion\/immunity-to-sars-cov-2-lasts-at-least-six-months-data-show-68179\">6 mesiacov<\/a> po prekonan\u00ed covidu st\u00e1le im\u00fanna, ale potrebujeme dlh\u0161\u00ed \u010das, aby sme vedeli poveda\u0165 kedy sa imunita skon\u010d\u00ed.<\/p>\n\n\n\n<p>Podstatou reakcie imunitn\u00e9ho syst\u00e9mu je proces, ke\u010f imunitn\u00e9 bunky rozlo\u017eia cudzorod\u00fd patog\u00e9n a identifikuj\u00fa molekuly (antig\u00e9ny) vo\u010di ktor\u00fdm je mo\u017en\u00e9 vytvori\u0165 protil\u00e1tky, resp. receptory pre T-lymfocyty. \u013dudsk\u00fd organizmus vytv\u00e1ra pri SARS-CoV-2 infekcii protil\u00e1tky vo\u010di spike (hrotov\u00e9mu) prote\u00ednu koronav\u00edrusu, ktor\u00fdm sa v\u00edrus prichyt\u00e1va na bunkov\u00e9 membr\u00e1ny a v men\u0161ej miere aj vo\u010di nukleokapsidov\u00e9mu prote\u00ednu. Podstatou o\u010dkovania je potom dodanie tohto antig\u00e9nu do organizmu, ktor\u00fd vo\u010di nemu vytvor\u00ed imunitn\u00fa odozvu bez toho, aby bol po\u0161koden\u00fd v\u00edrusovou infekciou. Vakc\u00edny sa preto zameriavaj\u00fa na spike prote\u00edn, ktor\u00fd je pre SARS-CoV-2 imunitu k\u013e\u00fa\u010dov\u00fd. Vakc\u00edna r\u00f4znym sp\u00f4sobom <a href=\"https:\/\/dennikn.sk\/blog\/2205850\/ako-funguje-zdrojovy-kod-vakciny-sars-cov-2\">in\u0161truuje<\/a> imunitn\u00e9 bunky, aby vytvorili protil\u00e1tky a receptory vo\u010di spike prote\u00ednu.<\/p>\n\n\n\n<p>Od za\u010diatku roku 2021 vyvolali zna\u010dn\u00fd rozruch nov\u00e9 mut\u00e1cie koronav\u00edrusu, nako\u013eko sa zistilo, \u017ee s\u00fa infek\u010dnej\u0161ie a v pr\u00edpade juhoafrickej (B.1.351) a braz\u00edlskej (B.1.1.248) mut\u00e1cie tie\u017e schopn\u00e9 \u013eah\u0161ie infikova\u0165 osoby s protil\u00e1tkami po prekonan\u00ed p\u00f4vodn\u00fdch variantov SARS-CoV-2. Vakc\u00edny Pfizer\/BioNTech aj Moderny s\u00fa pod\u013ea vyhl\u00e1sen\u00ed v\u00fdrobcov nateraz \u00fa\u010dinn\u00e9 aj vo\u010di nov\u00fdm variantom. Tento v\u00fdvoj je ale nepriazniv\u00fd. V\u00fdrobcovia sa musia pripravi\u0165 na mo\u017enos\u0165, \u017ee bud\u00fa potrebn\u00e9 \u00fapravy vo vakc\u00ednach, napr. tak, aby zah\u0155\u0148ali viac kme\u0148ov. Z\u00e1rove\u0148 \u013eudia musia r\u00e1ta\u0165 s pr\u00edpadn\u00fdm preo\u010dkovan\u00edm.<\/p>\n\n\n\n<p>Mnoho \u013eud\u00ed nem\u00e1 o \u013eudskom imunitnom syst\u00e9me dostatok poznatkov a v neodborn\u00fdch kruhoch (na pochybn\u00fdch internetov\u00fdch str\u00e1nkach) je mo\u017en\u00e9 stretn\u00fa\u0165 sa s n\u00e1zormi, ktor\u00e9 vych\u00e1dzaj\u00fa z nepochopenia z\u00e1kladov biol\u00f3gie a medic\u00edny. Z obozretnosti niektor\u00e9 z t\u00fdchto tvrden\u00ed uvedieme na spr\u00e1vnu mieru.<\/p>\n\n\n\n<p>Niektor\u00e9 vitam\u00edny, najm\u00e4 C a D ako aj stopov\u00fd prvok zinok maj\u00fa v\u00fdznam pri spr\u00e1vnom fungovan\u00ed imunitn\u00e9ho syst\u00e9mu. U\u017e\u00edvanie vitam\u00ednov v odpor\u00fa\u010dan\u00fdch d\u00e1vkach m\u00e1 samozrejme prospe\u0161n\u00e9 \u00fa\u010dinky pre imunitn\u00fd syst\u00e9m, ako aj cel\u00fd organizmus. Rovnako je d\u00f4le\u017eit\u00e1 fyzick\u00e1 aktivita a pod\u013ea mo\u017enost\u00ed \u0161port. Probl\u00e9mom s\u00fa zav\u00e1dzaj\u00face a nebezpe\u010dn\u00e9 tvrdenia, ktor\u00e9 nazna\u010duj\u00fa, \u017ee \u010dlovek sa m\u00f4\u017ee vyhn\u00fa\u0165 infekcii samotn\u00fdm zdrav\u00fdm \u017eivotn\u00fdm \u0161t\u00fdlom, alebo u\u017e\u00edvan\u00edm vitam\u00ednov, \u010di in\u00fdch v\u00fd\u017eivov\u00fdch doplnkov, aj bez in\u00fdch prevent\u00edvnych opatren\u00ed. Ako je vysvetlen\u00e9 vy\u0161\u0161ie, ka\u017ed\u00fd je n\u00e1chyln\u00fd na infekciu pokia\u013e nem\u00e1 vytvoren\u00e9 protil\u00e1tky a bunkov\u00fa imunitu. Dobre funguj\u00faci imunitn\u00fd syst\u00e9m m\u00f4\u017ee napom\u00f4c\u0165 infekciu lep\u0161ie zvl\u00e1dnu\u0165, ale d\u00f4le\u017eit\u00e9 s\u00fa tie\u017e vek, celkov\u00fd zdravotn\u00fd stav a <a href=\"https:\/\/www.nature.com\/articles\/s41586-020-03065-y\">genetick\u00e9 faktory<\/a>.<\/p>\n\n\n\n<p>Podobne sa objavili spr\u00e1vy o \u201ez\u00e1zra\u010dn\u00fdch\u201c liekoch, ako napr\u00edklad imunitu stimuluj\u00faci Isoprinosine, ktor\u00e9ho \u00fa\u010dinok proti SASR-CoV-2 nebol overen\u00fd v \u017eiadnej sol\u00eddnej klinickej \u0161t\u00fadi\u00ed. Tento liek je viazan\u00fd na recept a jeho pr\u00edpadn\u00e9 pou\u017eitie mus\u00ed z\u00e1visie\u0165 od rozhodnutia lek\u00e1ra. Len pripom\u00edname, \u017ee tak ako m\u00f4\u017ee by\u0165 probl\u00e9mom \u201eslab\u00e1 imunita\u201c, rovnako je pri covide probl\u00e9mom ak\u00fatny z\u00e1pal a cytok\u00ednov\u00e1 b\u00farka, ktor\u00e9 s\u00fa vyvolan\u00e9 prehnan\u00fdmi imunitn\u00fdmi reakciami. Preto sa aj pou\u017e\u00edva napr\u00edklad dexametaz\u00f3n, ktor\u00fd m\u00e1 na imunitu tlmiace \u00fa\u010dinky \u2013 laik nie je schopn\u00fd pos\u00fadi\u0165, od ktor\u00e9ho bodu v priebehu ochorenia je vhodn\u00e9 imunitu tlmi\u0165.<\/p>\n\n\n\n<p>\u010eal\u0161ou kateg\u00f3riou s\u00fa \u00fapln\u00e9 nepravdy a v\u00fdmysly (hoaxy), ktor\u00e9 s\u00fa v s\u00favislosti s o\u010dkovan\u00edm pomerne roz\u0161\u00edren\u00e9. Vo v\u0161eobecnosti vakc\u00edny patria medzi ve\u013emi bezpe\u010dn\u00e9 lie\u010div\u00e1, ktor\u00e9 podliehaj\u00fa pr\u00edsnemu schva\u013eovaciemu procesu, aj ke\u010f samozrejme maj\u00fa aj zn\u00e1me ne\u017eiad\u00face \u00fa\u010dinky. Komentova\u0165 na tomto mieste vymyslen\u00e9 spr\u00e1vy o \u00fadajnej \u0161kodlivosti vakc\u00edn by bolo ned\u00f4stojn\u00e9, je to sk\u00f4r z\u00e1le\u017eitos\u0165 pre <a href=\"https:\/\/www.facebook.com\/hoaxPZ\">pol\u00edciu<\/a>, na ktor\u00fa sa m\u00f4\u017eete obr\u00e1ti\u0165, v&nbsp;pr\u00edpade, \u017ee sa stretnete s klamliv\u00fdmi, neodborn\u00fdmi medic\u00ednskymi tvrdeniami.<\/p>\n\n\n\n<p><strong>Covid 19 vakc\u00edny<\/strong><\/p>\n\n\n\n<p>V tejto \u010dasti ozrejm\u00edme niektor\u00e9 z\u00e1kladn\u00e9 pojmy, koncepty s\u00favisiace s o\u010dkovan\u00edm a n\u00e1sledne stru\u010dne predstav\u00edme najd\u00f4le\u017eitej\u0161ie vakc\u00edny na Covid-19.<\/p>\n\n\n\n<p>Pod \u00fa\u010dinnos\u0165ou sa spravidla rozumie ak\u00fa \u010das\u0165 o\u010dkovan\u00fdch vakc\u00edna ochr\u00e1ni pred prejavmi ochorenia \u2013 symptomatickou infekciou. Ak m\u00e1 vakc\u00edna \u00fa\u010dinnos\u0165 napr. 85% neznamen\u00e1 to, \u017ee 15% o\u010dkovan\u00fdch nem\u00e1 z o\u010dkovania \u017eiaden pr\u00ednos. Organizmus si vytvor\u00ed protil\u00e1tky, ktor\u00e9 s\u00edce nie s\u00fa dostato\u010dn\u00e9 na zabr\u00e1nenie prepuknutia ochorenia, ale zabezpe\u010dia miernej\u0161\u00ed priebeh. V s\u00fa\u010dasnosti e\u0161te nie je dostatok poznatkov, do akej miery vakc\u00edny chr\u00e1nia pred asymptomatickou (bezpr\u00edznakovou) infekciou a mo\u017en\u00fdm asymptomatick\u00fdm \u0161\u00edren\u00edm v\u00edrusu, predpoklad\u00e1 sa ale sol\u00eddna \u00farove\u0148 ochrany. Taktie\u017e e\u0161te nie je zn\u00e1ma d\u013a\u017eka trvania ochrany po vakcin\u00e1cii, Moderna <a href=\"https:\/\/www.reuters.com\/article\/health-coronavirus-jpm-moderna\/moderna-says-covid-19-vaccine-immunity-to-stay-at-least-a-year-idUSL4N2JM3RG\">predpoklad\u00e1<\/a> \u00fa\u010dinnos\u0165 jej vakc\u00edny minim\u00e1lne jeden rok. Samozrejme, ako je uveden\u00e9 vy\u0161\u0161ie, situ\u00e1ciu komplikuje v\u00fdskyt nov\u00fdch mut\u00e1cii, kv\u00f4li ktor\u00fdm bude mo\u017eno potrebn\u00e9 podanie \u010fal\u0161ej d\u00e1vky.<\/p>\n\n\n\n<p>Protil\u00e1tky sa po o\u010dkovan\u00ed vytvoria a\u017e behom nieko\u013eko dn\u00ed (minim\u00e1lne 10) a dovtedy je riziko infekcie rovnak\u00e9 ako bez o\u010dkovania. Ke\u010f\u017ee o\u010dkovanie vedie k tvorbe protil\u00e1tok, ak si o\u010dkovan\u00e1 osoba sprav\u00ed protil\u00e1tkov\u00fd (s\u00e9rologick\u00fd) Covid test, m\u00f4\u017ee jej v\u00fdjs\u0165 pozit\u00edvny v\u00fdsledok. Samotn\u00e9 o\u010dkovanie ale nijak nem\u00f4\u017ee vies\u0165 k pozit\u00edvnemu antig\u00e9nov\u00e9mu ani PCR Covid testu.<\/p>\n\n\n\n<p>Vakcin\u00e1cia je naj\u00fa\u010dinnej\u0161ia zbra\u0148 na boj s Covid-19 epid\u00e9miou, druh\u00e1 vec je, \u010di dok\u00e1\u017ee epid\u00e9miu \u00faplne zastavi\u0165. Na to je potrebn\u00e9 dosiahnutie tzv. skupinovej imunity, ke\u010f v\u00edrus nem\u00e1 mo\u017enos\u0165 \u010falej sa \u0161\u00edri\u0165, preto\u017ee ve\u013ek\u00e1 v\u00e4\u010d\u0161ina \u013eud\u00ed je vo\u010di nemu im\u00fanna. Na t\u00fato \u00farove\u0148 by bolo potrebn\u00e9, aby viac ako 70% \u013eud\u00ed malo imunitu, z\u00edskan\u00fa bu\u010f o\u010dkovan\u00edm, alebo prekonan\u00edm ochorenia. Je potrebn\u00e9 bra\u0165 do \u00favahy, \u017ee \u00fa\u010dinnos\u0165 vakc\u00edn nie je 100% a rovnako nie je \u00fapln\u00e1 imunita po prekonan\u00ed infekcie (je slab\u0161ia ako po o\u010dkovan\u00ed). Pre deti zatia\u013e nie je k dispoz\u00edcii vakc\u00edna, pri\u010dom rovnako sa podie\u013eaj\u00fa na \u0161\u00edren\u00ed v\u00edrusu a tvoria zna\u010dn\u00fa \u010das\u0165 popul\u00e1cie. Vzh\u013eadom na tieto skuto\u010dnosti sa d\u00e1 predpoklada\u0165, \u017ee vakc\u00edny prines\u00fa v\u00fdrazn\u00e9 zlep\u0161enie epidemiologickej situ\u00e1cie, ale v najbli\u017e\u0161\u00edch rokoch ned\u00f4jde k \u00fapln\u00e9mu potla\u010deniu v\u00edrusu.<\/p>\n\n\n\n<figure class=\"wp-block-table is-style-stripes\"><table><thead><tr><th>V\u00fdrobca<\/th><th><strong>Obchodn\u00fd n\u00e1zov<\/strong><\/th><th><strong>Technol\u00f3gia<\/strong><\/th><th><strong>EMA schv\u00e1lenie<\/strong><\/th><\/tr><\/thead><tbody><tr><td>Pfizer\/BioNTech<\/td><td>Comirnaty<\/td><td>mRNA<\/td><td>21.12.2020<\/td><\/tr><tr><td>Moderna<\/td><td>Moderna COVID-19 vaccine<\/td><td>mRNA<\/td><td>6.1.2021 &nbsp;<\/td><\/tr><tr><td>AstraZeneca\/Oxford University<\/td><td>Covishield<\/td><td>Adenov\u00edrusov\u00fd vektor<\/td><td>29.1.2021<\/td><\/tr><tr><td>Johnson&amp;Johnson<\/td><td>&nbsp;<\/td><td>Adenov\u00edrusov\u00fd vektor<\/td><td>Klinick\u00e9 sk\u00fa\u0161anie<\/td><\/tr><tr><td>Sinopharm<\/td><td>BBIBP-CorV<\/td><td>Inaktivovan\u00fd v\u00edrus<\/td><td>Nie<\/td><\/tr><tr><td>Gamaleya Center<\/td><td>Sputnik V<\/td><td>Adenov\u00edrusov\u00fd vektor<\/td><td>\u017diados\u0165 o schv\u00e1lenie<\/td><\/tr><\/tbody><\/table><figcaption>Preh\u013ead najd\u00f4le\u017eitej\u0161\u00edch Covid-19 vakc\u00edn<\/figcaption><\/figure>\n\n\n\n<p><a href=\"https:\/\/www.adc.sk\/clanky\/prva-vakcina-proti-koronavirusu-uz-je-na-slovensku-co-potrebujete-vediet-o-ockovani-10199.html\">Comirnaty<\/a> je mRNA vakc\u00edna od spolo\u010dnosti Pfizer\/BioNTech. V s\u00fa\u010dasnosti (febru\u00e1r 2021) je naj\u010dastej\u0161ie aplikovanou Covid-19 vakc\u00ednou v SR. Podobne ako zatia\u013e v\u0161etky ostatn\u00e9 Covid-19 vakc\u00edny je dvojd\u00e1vkov\u00e1, pri\u010dom druh\u00e1 d\u00e1vka sa aplikuje minim\u00e1lne po 21 d\u0148och po prvej d\u00e1vke (zvy\u010dajne 28. de\u0148).<\/p>\n\n\n\n<p><br>Po\u010det infekci\u00ed v skupine po o\u010dkovan\u00ed jednou d\u00e1vkou vakc\u00edny comirnaty a neo\u010dkovanou kontrolnou skupinou.<\/p>\n\n\n\n<figure class=\"wp-block-image size-large\"><a href=\"https:\/\/slanedeti.sk\/cms\/wp-content\/uploads\/2021\/02\/comirnaty-efficacy.jpg\"><img loading=\"lazy\" decoding=\"async\" width=\"960\" height=\"678\" src=\"https:\/\/slanedeti.sk\/cms\/wp-content\/uploads\/2021\/02\/comirnaty-efficacy.jpg\" alt=\"comirnaty efficacy\" class=\"wp-image-2149\" srcset=\"https:\/\/slanedeti.sk\/cms\/wp-content\/uploads\/2021\/02\/comirnaty-efficacy.jpg 960w, https:\/\/slanedeti.sk\/cms\/wp-content\/uploads\/2021\/02\/comirnaty-efficacy-300x212.jpg 300w, https:\/\/slanedeti.sk\/cms\/wp-content\/uploads\/2021\/02\/comirnaty-efficacy-768x542.jpg 768w\" sizes=\"auto, (max-width: 960px) 100vw, 960px\" \/><\/a><figcaption>Po\u010det infekci\u00ed v skupine po o\u010dkovan\u00ed jednou d\u00e1vkou vakc\u00edny comirnaty a neo\u010dkovanou kontrolnou skupinou.<\/figcaption><\/figure>\n\n\n\n<p>U\u017e po prvej d\u00e1vke je mo\u017en\u00e9 pozorova\u0165 ur\u010dit\u00fa ochranu pred infekciou (graf), ktor\u00e1 nastupuje pribli\u017ene od 12. d\u0148a od podania. Plnohodnotn\u00e1 imunita nastupuje a\u017e po druhej d\u00e1vke, ke\u010f hladiny protil\u00e1tok st\u00fapnu <a href=\"https:\/\/www.timesofisrael.com\/israeli-hospital-98-of-staff-who-got-2nd-shot-have-high-level-covid-antibodies\/\">6 a\u017e 20 n\u00e1sobne<\/a> oproti prvej d\u00e1vke a s\u00fa taktie\u017e v\u00fdrazne vy\u0161\u0161ie ako po prekonan\u00ed infekcie. \u00da\u010dinnos\u0165 vakc\u00edny (po druhej d\u00e1vke) je pod\u013ea v\u00fdsledkov klinick\u00fdch \u0161t\u00fadi\u00ed 95% a pod\u013ea odhadov z o\u010dkovania v Izraeli 92%. Po vakc\u00edne comirnaty a najm\u00e4 po druhej d\u00e1vke sa be\u017ene prejavuj\u00fa ne\u017eiad\u00face \u00fa\u010dinky (a s\u00fa \u010dastej\u0161ie ako napr. po chr\u00edpkovej vakc\u00edne), ale nie s\u00fa z\u00e1va\u017en\u00e9. Viac ako 50% \u013eud\u00ed poci\u0165ovalo po o\u010dkovan\u00ed \u00fanavu a bolesti hlavy, \u010dast\u00e9 s\u00fa aj bolesti svalov a zimnica (okolo 30%). Oproti tomu alergick\u00e9 reakcie s\u00fa zriedkav\u00e9. Tieto ne\u017eiad\u00face \u00fa\u010dinky sa m\u00f4\u017eu podoba\u0165 na pr\u00edznaky Covidu-19, trvaj\u00fa spravidla maxim\u00e1lne 2-3 dni. Niektor\u00e9 osoby nepoci\u0165uj\u00fa \u017eiadne ne\u017eiad\u00face \u00fa\u010dinky.<\/p>\n\n\n\n<p><a href=\"https:\/\/www.adc.sk\/databazy\/produkty\/pil\/covid-19-vakcina-moderna-945191.html\">COVID-19 Vakc\u00edna Moderna<\/a> je ve\u013emi podobn\u00e1 vakc\u00edne comirnaty (d\u00e1vkovan\u00edm, \u00fa\u010dinnos\u0165ou, ne\u017eiad\u00facimi \u00fa\u010dinkami). Jedin\u00fd v\u00fdznamnej\u0161\u00ed rozdiel je jej o nie\u010do menej n\u00e1ro\u010dn\u00e9 skladovanie.<\/p>\n\n\n\n<p>Tretia v EU schv\u00e1len\u00e1 vakc\u00edna je od spolo\u010dnosti AstraZeneca, ktorej v\u00fdvoj prebiehal najm\u00e4 na Oxfordskej univerzite (niekedy sa tie\u017e naz\u00fdva \u201eoxfordsk\u00e1 vakc\u00edna&#8220;). T\u00e1to vakc\u00edna je \u0161iroko pou\u017e\u00edvan\u00e1 najm\u00e4 vo Ve\u013ekej Brit\u00e1nii, v EU by sa \u0148ou&nbsp; mohlo za\u010da\u0165 o\u010dkova\u0165 po 7. febru\u00e1ri. Jej \u00fa\u010dinnos\u0165 je minim\u00e1lne 62%, ale pravdepodobne viac. Niektor\u00e9 \u00fadaje z klinick\u00fdch \u0161t\u00fadii nazna\u010duj\u00fa, \u017ee \u00fa\u010dinnos\u0165 je vy\u0161\u0161ia u mlad\u0161\u00edch \u013eud\u00ed a naopak ni\u017e\u0161ia u star\u0161\u00edch (a 62% je priemern\u00e1 hodnota) a aj z toho d\u00f4vodu ju pl\u00e1nuj\u00fa viacer\u00e9 \u0161t\u00e1ty EU pou\u017ei\u0165 iba na o\u010dkovanie mlad\u0161\u00edch obyvate\u013eov. Taktie\u017e prebiehaj\u00fa \u010fal\u0161ie klinick\u00e9 \u0161t\u00fadie s predpokladom, \u017ee in\u00e1 d\u00e1vkovacia sch\u00e9ma zabezpe\u010d\u00ed vy\u0161\u0161iu \u00fa\u010dinnos\u0165. V\u00fdhodou vakc\u00edny AstraZeneca je jednoduch\u00e9 skladovanie ako aj n\u00edzka cena.<\/p>\n\n\n\n<p>Slovensko m\u00e1 \u010falej objednan\u00e9 vakc\u00edny od spolo\u010dnosti Johnson&amp;Johnson (J&amp;J), ktor\u00e9 s\u00fa v s\u00fa\u010dasnosti v kone\u010dn\u00fdch \u0161t\u00e1di\u00e1ch klinick\u00e9ho sk\u00fa\u0161ania a firma zverejnila jeho predbe\u017en\u00e9 <a href=\"https:\/\/edition.cnn.com\/2021\/01\/29\/health\/johnson-coronavirus-vaccine-results\/index.html\">v\u00fdsledky<\/a>, ktor\u00e9 odhaduj\u00fa \u00fa\u010dinnos\u0165 na 66%. Na rozdiel od predch\u00e1dzaj\u00facich sa jedn\u00e1 o jednod\u00e1vkov\u00fa vakc\u00ednu, \u010do m\u00e1 viacero v\u00fdhod. Je tie\u017e mo\u017en\u00e9, \u017ee J&amp;J sa bude sna\u017ei\u0165 vyvin\u00fa\u0165 dvojd\u00e1vkov\u00fa vakc\u00ednu s vy\u0161\u0161ou \u00fa\u010dinnos\u0165ou.<\/p>\n\n\n\n<p>Najm\u00e4 kv\u00f4li obmedzen\u00fdm v\u00fdrobn\u00fdm kapacit\u00e1m napreduje o\u010dkovanie v EU pomal\u0161ie ako sa o\u010dak\u00e1valo. Aj preto sa za\u010d\u00ednaj\u00fa objavova\u0165 n\u00e1vrhy na n\u00e1kup \u010fal\u0161\u00edch vakc\u00edn, ktor\u00e9 s\u00fa moment\u00e1lne na trhu k dispoz\u00edcii a hovor\u00ed sa najm\u00e4 o ruskej vakc\u00edne <a href=\"https:\/\/www.thelancet.com\/journals\/lancet\/article\/PIIS0140-6736(21)00191-4\/fulltext\">Sputnik V.<\/a> Pod\u013ea \u00fadajov v\u00fdrobcu by to mala by\u0165 naj\u00fa\u010dinnej\u0161ia vakc\u00edna (91,4%) s adenov\u00edrusov\u00fdm vektorom, aj ke\u010f klinick\u00e1 \u0161t\u00fadia neprebiehala pod\u013ea \u0161tandardov EU.<\/p>\n\n\n\n<p><strong>Vakcin<\/strong><strong>a\u010dn\u00e1 strat\u00e9gia SR a postup pri o\u010dkovan\u00ed<\/strong><\/p>\n\n\n\n<p>O\u010dkovanie proti Covid-19 sa v SR riadi dokumentom ministerstva zdravotn\u00edctva \u2013 <a href=\"https:\/\/www.health.gov.sk\/Zdroje?\/Sources\/tlacove_spravy\/covid-19\/Strategia-ockovania-COVID-19.pdf\">N\u00e1rodnou strat\u00e9giou o\u010dkovania<\/a>. K dispoz\u00edci\u00ed v SR s\u00fa\/bud\u00fa vakc\u00edny, ktor\u00fdch uvedenie na trh schv\u00e1lila (alebo v bud\u00facnosti schv\u00e1li) Eur\u00f3pska liekov\u00e1 agent\u00fara (EMA). N\u00e1kup vakc\u00edn koordinavala Eur\u00f3pska komisia (EK), v\u010faka \u010domu sa podarilo s v\u00fdrobcami dohodn\u00fa\u0165 primeran\u00e9 ceny a zabezpe\u010di\u0165 spravodliv\u00e9 rozdelenie vakc\u00edn medzi jednotliv\u00e9 \u010dlensk\u00e9 krajiny pod\u013ea po\u010dtu obyvate\u013eov. Postup EK bol <a href=\"https:\/\/www.postoj.sk\/70587\/europa-doplatila-na-svoju-politiku-teraz-nam-chybaju-vakciny\">kritizovan\u00fd<\/a>, preto\u017ee zna\u010dn\u00fa \u010das\u0165 dod\u00e1vok EK zazmluvnila u v\u00fdrobcov, ktor\u00fdm sa zatia\u013e nepodarilo dokon\u010di\u0165 klinick\u00e9 sk\u00fa\u0161anie a z\u00edska\u0165 schv\u00e1lenie pre ich vakc\u00edny.<\/p>\n\n\n\n<p>Asi najd\u00f4le\u017eitej\u0161ou \u010das\u0165ou vakcina\u010dnej strat\u00e9gie je rozdelenie obyvate\u013eov do skup\u00edn a ur\u010denie poradia, v akom im bude pon\u00faknut\u00e9 o\u010dkovanie. Toto poradie sa ale oproti p\u00f4vodn\u00e9mu dokumentu viac kr\u00e1t upravilo. O\u010dkovanie za\u010dalo 26.12.2020, pri\u010dom prvou skupinou boli zdravotn\u00edci a rozsah skup\u00edn sa postupne roz\u0161iroval. Aktu\u00e1lne inform\u00e1cie o f\u00e1zach o\u010dkovania n\u00e1jdete na str\u00e1nke<\/p>\n\n\n\n<p><a href=\"https:\/\/korona.gov.sk\/vakcinacia\/\">https:\/\/korona.gov.sk\/vakcinacia<\/a>. Cystick\u00e1 fibr\u00f3za nie je explicitne v tomto zozname uveden\u00e1, po\u0161kodenia s \u0148ou s\u00favisiace n\u00e1jdeme vo viacer\u00fdch bodoch piatej f\u00e1zy, s\u00fa to:<\/p>\n\n\n\n<ul class=\"wp-block-list\"><li>Stredne \u0165a\u017ek\u00fd a \u0165a\u017ek\u00fd stupe\u0148 re\u0161trik\u010dnej ventila\u010dnej poruchy<\/li><li>Z\u00e1va\u017en\u00e9 metabolick\u00e9 ochorenie<\/li><\/ul>\n\n\n\n<p>Niektor\u00ed pacienti maj\u00fa \u010fal\u0161ie po\u0161kodenia, ktor\u00e9 s\u00fa d\u00f4sledkami CF:<\/p>\n\n\n\n<ul class=\"wp-block-list\"><li>Cirh\u00f3za pe\u010dene<\/li><li>Diabetes mellitus<\/li><\/ul>\n\n\n\n<p>Piata f\u00e1za je bez oh\u013eadu na vek, ale ako je uveden\u00e9 vy\u0161\u0161ie, vakc\u00edny s\u00fa v s\u00fa\u010dasnosti schv\u00e1len\u00e9 pre pou\u017eitie pre osoby od 18. roku a pre deti a mladistv\u00fdch \u017eia\u013e nie je v s\u00fa\u010dasnosti o\u010dkovanie dostupn\u00e9. Aktu\u00e1lne (za\u010diatok febru\u00e1ra) prebieha o\u010dkovanie 3. f\u00e1zy (osoby nad 75 rokov). Ak by o\u010dkovanie pokra\u010dovalo pod\u013ea p\u00f4vodn\u00e9ho pl\u00e1nu, tak do za\u010diatku piatej f\u00e1zy, zah\u0155\u0148aj\u00facu pacientov s&nbsp;CF, zost\u00e1va zrejme nieko\u013eko t\u00fd\u017ed\u0148ov. Pod\u013ea najnov\u0161\u00edch a st\u00e1le sa meniacich inform\u00e1cii by mohlo by\u0165 spusten\u00e9 o\u010dkovanie pre chronicky chor\u00fdch piatej f\u00e1zy (popri u\u010dite\u013eoch a zamestnancoch kritickej infra\u0161trukt\u00fary) aj sk\u00f4r, hne\u010f ako bude na Slovensko dodan\u00e1 vakc\u00edna od AstraZeneca. Preto odpor\u00fa\u010dame priebe\u017ene sledova\u0165 situ\u00e1ciu.<\/p>\n\n\n\n<p>U\u017e v s\u00fa\u010dasnosti je v&nbsp;niektor\u00fdch pr\u00edpadoch mo\u017en\u00e9 sa registrova\u0165 aj pre osoby piatej f\u00e1zy ako n\u00e1hradn\u00edk. N\u00e1hradn\u00edkom je podan\u00e1 vakc\u00edna, ktor\u00e1 je pripraven\u00e1 na o\u010dkovanie, ale objednan\u00e1 osoba sa nedostav\u00ed a hrozilo by znehodnotenie danej d\u00e1vky. Tak\u00fdchto d\u00e1vok je m\u00e1lo a vzh\u013eadom na obrovsk\u00fd z\u00e1ujem iba cca 5% n\u00e1hradn\u00edkov sa skuto\u010dne zao\u010dkuje. N\u00e1hradn\u00edk sa mus\u00ed registrova\u0165 v nemocnici v mieste svojho bydliska, aby sa osoba vedela dostavi\u0165 pribli\u017ene do 30 min. do o\u010dkovacieho centra. Potrebn\u00e9 inform\u00e1cie a registra\u010dn\u00fd formul\u00e1r by mal by\u0165 na internetov\u00fdch str\u00e1nkach miestnych nemocn\u00edc (pr\u00edklad <a href=\"http:\/\/fntt.sk\/nahradnici-na-ockovanie-proti-covid-19\/\">FN Trnava<\/a>). Niektor\u00e9 nemocnice akceptuj\u00fa za n\u00e1hradn\u00edkov iba hospitalizovan\u00fdch pacientov.<\/p>\n\n\n\n<p>V\u00e4\u010d\u0161ina CF pacientov si bude musie\u0165 po\u010dka\u0165 na otvorenie 5. f\u00e1zy. N\u00e1sledne sa bud\u00fa m\u00f4c\u0165 na o\u010dkovanie prihl\u00e1si\u0165 cez formul\u00e1r NCZI <a href=\"https:\/\/www.old.korona.gov.sk\/covid-19-vaccination-form.php\">https:\/\/www.old.korona.gov.sk\/covid-19-vaccination-form.php<\/a>. Vo formul\u00e1ri sa zobrazuj\u00fa aj vo\u013en\u00e9 term\u00edny (ktor\u00fdch je pochopite\u013ene nedostatok). Po potvrden\u00ed formul\u00e1r okam\u017eite generuje COVID-19 PASS, \u010do je k\u00f3d, ktor\u00fd odo\u0161le na email a ako sms spr\u00e1vu spolu s \u010dasom, kedy sa m\u00e1 osoba dostavi\u0165 do o\u010dkovacieho centra. Podobne ako pri in\u00fdch zdravotn\u00fdch \u00fakonoch, nemocnica po\u017eaduje vyplnenie tla\u010d\u00edv v zmysle pou\u010denia o \u00fakone a dotazn\u00edka o zdravotnom stave. Tie maj\u00fa niektor\u00e9 nemocnice zverejnen\u00e9 na webovej str\u00e1nke, pred o\u010dkovan\u00edm si ich m\u00f4\u017eete vytla\u010di\u0165 a vyplni\u0165. T\u00fdm u\u0161etr\u00edte \u010das a nemus\u00edte to robi\u0165 priamo na mieste, ale tla\u010div\u00e1 s\u00fa k dispoz\u00edcii aj vo vakcina\u010dn\u00fdch centr\u00e1ch, ak nestihnete vopred, alebo zabudnete. D\u00f4le\u017eit\u00e9 je prinies\u0165 lek\u00e1rsku spr\u00e1vu, alebo in\u00fd doklad (malo by by\u0165 upresnen\u00e9 pred otvoren\u00edm piatej f\u00e1zy) preukazuj\u00faci, \u017ee patr\u00edte do danej f\u00e1zy, inak samozrejme nem\u00e1te na o\u010dkovanie n\u00e1rok. Samotn\u00e9 o\u010dkovanie prebieha zv\u00e4\u010d\u0161a plynulo, v\u00e4\u010d\u0161ina \u013eud\u00ed sa zdr\u017e\u00ed sotva 20 min\u00fat a \u010fal\u0161\u00edch 15 min. m\u00e1 po\u010dka\u0165 (podobne ako pri ka\u017edom o\u010dkovan\u00ed), ak by sa pr\u00edpadne prejavili ak\u00fatne alergick\u00e9 reakcie. Pr\u00edpadn\u00e9 ne\u017eiad\u00face \u00fa\u010dinky (ako boles\u0165 hlavy, zimnica) sa zvykn\u00fa prejavi\u0165 na druh\u00fd a\u017e tret\u00ed de\u0148, \u010dastej\u0161ie s\u00fa po druhej d\u00e1vke, u mnoh\u00fdch \u013eud\u00ed sa v\u00f4bec neobjavuj\u00fa. Druh\u00e1 d\u00e1vka sa pod\u00e1va \u0161tandardne po 28 d\u0148och a budete automaticky informovan\u00fd emailom a sms spr\u00e1vou (registrujete sa iba pred prvou d\u00e1vkou). V pr\u00edpade, \u017ee sa z v\u00e1\u017eneho d\u00f4vodu nem\u00f4\u017eete dostavi\u0165 na o\u010dkovanie, kontaktujte call-centrum NCZI. Po prvej aj druhej d\u00e1vke V\u00e1m bude vystaven\u00e9 potvrdenie o o\u010dkovan\u00ed. Tieto inform\u00e1cie s\u00fa aktu\u00e1lne k za\u010diatku febru\u00e1ra a niektor\u00e9 po\u017eiadavky a detaily sa m\u00f4\u017eu \u010dasom zmeni\u0165.<\/p>\n\n\n\n<p>O\u010dkovanie je dobrovo\u013en\u00e9 a bezplatn\u00e9 a v s\u00fa\u010dasnosti je to najlep\u0161ia prevencia ochorenia Covid-19. Boli by sme rad\u0161ej, keby o\u010dkovanie napredovalo r\u00fdchlej\u0161ie, ale dostupnos\u0165 vakc\u00edn je celosvetov\u00fd probl\u00e9m. Covid infekcia je pre CF pacientov obzvl\u00e1\u0161\u0165 rizikov\u00e1, o\u010dkovanie im jednozna\u010dne odpor\u00fa\u010dame. Deti zatia\u013e nem\u00f4\u017eu by\u0165 chr\u00e1nen\u00e9 vakc\u00ednou, ale o\u010dkovanie rodinn\u00fdch pr\u00edslu\u0161n\u00edkov zni\u017euje riziko, \u017ee bud\u00fa vystaven\u00e9 infekcii.<\/p>\n","protected":false},"excerpt":{"rendered":"<p>V&yacute;voj Covid-19 vakc&iacute;n 11. janu&aacute;ra 2020 zverejnil Wuhansk&yacute; virologick&yacute; &uacute;stav gen&oacute;m nov&eacute;ho koronav&iacute;rusu (nesk&ocirc;r pomenovan&eacute;ho SARS-CoV-2) a niektor&eacute; biotechnologick&eacute; firmy za&#269;ali v&#271;aka t&yacute;mto &uacute;dajom pracova&#357; na v&yacute;voji vakc&iacute;ny e&scaron;te v ten ist&yacute; de&#328;. Boli medzi nimi aj americk&aacute; spolo&#269;nos&#357; Moderna &hellip; <a href=\"https:\/\/slanedeti.sk\/cms\/koronavirus-covid-19-ockovanie-2\/2147\">Continued<\/a><\/p>\n","protected":false},"author":7,"featured_media":2150,"comment_status":"closed","ping_status":"closed","sticky":false,"template":"","format":"standard","meta":{"kt_blocks_editor_width":"","footnotes":""},"categories":[2,3],"tags":[],"class_list":["post-2147","post","type-post","status-publish","format-standard","has-post-thumbnail","hentry","category-informacie","category-lieky-a-liecba"],"yoast_head":"<!-- This site is optimized with the Yoast SEO plugin v27.5 - https:\/\/yoast.com\/product\/yoast-seo-wordpress\/ -->\n<title>Koronav\u00edrus COVID-19 o\u010dkovanie - Slan\u00e9 deti Slan\u00e9 deti<\/title>\n<meta name=\"description\" content=\"Preh\u013ead o\u010dkovac\u00edch vakc\u00edn, ich \u00fa\u010dinnos\u0165 a postup o\u010dkovania na Slovensku.\" \/>\n<meta name=\"robots\" content=\"index, follow, max-snippet:-1, max-image-preview:large, max-video-preview:-1\" \/>\n<link rel=\"canonical\" href=\"https:\/\/slanedeti.sk\/cms\/koronavirus-covid-19-ockovanie-2\/2147\" \/>\n<meta property=\"og:locale\" content=\"sk_SK\" \/>\n<meta property=\"og:type\" content=\"article\" \/>\n<meta property=\"og:title\" content=\"Koronav\u00edrus COVID-19 o\u010dkovanie\" \/>\n<meta property=\"og:description\" content=\"Preh\u013ead o\u010dkovac\u00edch vakc\u00edn, ich \u00fa\u010dinnos\u0165 a postup o\u010dkovania na Slovensku.\" \/>\n<meta property=\"og:url\" content=\"https:\/\/slanedeti.sk\/cms\/koronavirus-covid-19-ockovanie-2\/2147\" \/>\n<meta property=\"og:site_name\" content=\"Slan\u00e9 deti\" \/>\n<meta property=\"article:publisher\" content=\"http:\/\/www.facebook.com\/slanedeti\" \/>\n<meta property=\"article:published_time\" content=\"2021-02-06T20:55:08+00:00\" \/>\n<meta property=\"article:modified_time\" content=\"2021-02-06T20:56:17+00:00\" \/>\n<meta property=\"og:image\" content=\"https:\/\/slanedeti.sk\/cms\/wp-content\/uploads\/2021\/02\/covid-ockovanie-2.jpg\" \/>\n\t<meta property=\"og:image:width\" content=\"960\" \/>\n\t<meta property=\"og:image:height\" content=\"679\" \/>\n\t<meta property=\"og:image:type\" content=\"image\/jpeg\" \/>\n<meta name=\"author\" content=\"Gallagher\" \/>\n<meta name=\"twitter:label1\" content=\"Autor\" \/>\n\t<meta name=\"twitter:data1\" content=\"Gallagher\" \/>\n\t<meta name=\"twitter:label2\" content=\"Predpokladan\u00fd \u010das \u010d\u00edtania\" \/>\n\t<meta name=\"twitter:data2\" content=\"13 min\u00fat\" \/>\n<script type=\"application\/ld+json\" class=\"yoast-schema-graph\">{\"@context\":\"https:\\\/\\\/schema.org\",\"@graph\":[{\"@type\":\"Article\",\"@id\":\"https:\\\/\\\/slanedeti.sk\\\/cms\\\/koronavirus-covid-19-ockovanie-2\\\/2147#article\",\"isPartOf\":{\"@id\":\"https:\\\/\\\/slanedeti.sk\\\/cms\\\/koronavirus-covid-19-ockovanie-2\\\/2147\"},\"author\":{\"name\":\"Gallagher\",\"@id\":\"https:\\\/\\\/slanedeti.sk\\\/cms\\\/#\\\/schema\\\/person\\\/05d1c3faf9ab837ae66dc01f490cedaa\"},\"headline\":\"Koronav\u00edrus COVID-19 o\u010dkovanie\",\"datePublished\":\"2021-02-06T20:55:08+00:00\",\"dateModified\":\"2021-02-06T20:56:17+00:00\",\"mainEntityOfPage\":{\"@id\":\"https:\\\/\\\/slanedeti.sk\\\/cms\\\/koronavirus-covid-19-ockovanie-2\\\/2147\"},\"wordCount\":3849,\"image\":{\"@id\":\"https:\\\/\\\/slanedeti.sk\\\/cms\\\/koronavirus-covid-19-ockovanie-2\\\/2147#primaryimage\"},\"thumbnailUrl\":\"https:\\\/\\\/slanedeti.sk\\\/cms\\\/wp-content\\\/uploads\\\/2021\\\/02\\\/covid-ockovanie-1-mini.jpg\",\"articleSection\":[\"Inform\u00e1cie\",\"Lieky a lie\u010dba\"],\"inLanguage\":\"sk-SK\"},{\"@type\":\"WebPage\",\"@id\":\"https:\\\/\\\/slanedeti.sk\\\/cms\\\/koronavirus-covid-19-ockovanie-2\\\/2147\",\"url\":\"https:\\\/\\\/slanedeti.sk\\\/cms\\\/koronavirus-covid-19-ockovanie-2\\\/2147\",\"name\":\"Koronav\u00edrus COVID-19 o\u010dkovanie - Slan\u00e9 deti Slan\u00e9 deti\",\"isPartOf\":{\"@id\":\"https:\\\/\\\/slanedeti.sk\\\/cms\\\/#website\"},\"primaryImageOfPage\":{\"@id\":\"https:\\\/\\\/slanedeti.sk\\\/cms\\\/koronavirus-covid-19-ockovanie-2\\\/2147#primaryimage\"},\"image\":{\"@id\":\"https:\\\/\\\/slanedeti.sk\\\/cms\\\/koronavirus-covid-19-ockovanie-2\\\/2147#primaryimage\"},\"thumbnailUrl\":\"https:\\\/\\\/slanedeti.sk\\\/cms\\\/wp-content\\\/uploads\\\/2021\\\/02\\\/covid-ockovanie-1-mini.jpg\",\"datePublished\":\"2021-02-06T20:55:08+00:00\",\"dateModified\":\"2021-02-06T20:56:17+00:00\",\"author\":{\"@id\":\"https:\\\/\\\/slanedeti.sk\\\/cms\\\/#\\\/schema\\\/person\\\/05d1c3faf9ab837ae66dc01f490cedaa\"},\"description\":\"Preh\u013ead o\u010dkovac\u00edch vakc\u00edn, ich \u00fa\u010dinnos\u0165 a postup o\u010dkovania na Slovensku.\",\"inLanguage\":\"sk-SK\",\"potentialAction\":[{\"@type\":\"ReadAction\",\"target\":[\"https:\\\/\\\/slanedeti.sk\\\/cms\\\/koronavirus-covid-19-ockovanie-2\\\/2147\"]}]},{\"@type\":\"ImageObject\",\"inLanguage\":\"sk-SK\",\"@id\":\"https:\\\/\\\/slanedeti.sk\\\/cms\\\/koronavirus-covid-19-ockovanie-2\\\/2147#primaryimage\",\"url\":\"https:\\\/\\\/slanedeti.sk\\\/cms\\\/wp-content\\\/uploads\\\/2021\\\/02\\\/covid-ockovanie-1-mini.jpg\",\"contentUrl\":\"https:\\\/\\\/slanedeti.sk\\\/cms\\\/wp-content\\\/uploads\\\/2021\\\/02\\\/covid-ockovanie-1-mini.jpg\",\"width\":270,\"height\":270,\"caption\":\"o\u010dkovanie\"},{\"@type\":\"WebSite\",\"@id\":\"https:\\\/\\\/slanedeti.sk\\\/cms\\\/#website\",\"url\":\"https:\\\/\\\/slanedeti.sk\\\/cms\\\/\",\"name\":\"Slan\u00e9 deti\",\"description\":\"Inform\u00e1cie o cystickej fibr\u00f3ze\",\"potentialAction\":[{\"@type\":\"SearchAction\",\"target\":{\"@type\":\"EntryPoint\",\"urlTemplate\":\"https:\\\/\\\/slanedeti.sk\\\/cms\\\/?s={search_term_string}\"},\"query-input\":{\"@type\":\"PropertyValueSpecification\",\"valueRequired\":true,\"valueName\":\"search_term_string\"}}],\"inLanguage\":\"sk-SK\"},{\"@type\":\"Person\",\"@id\":\"https:\\\/\\\/slanedeti.sk\\\/cms\\\/#\\\/schema\\\/person\\\/05d1c3faf9ab837ae66dc01f490cedaa\",\"name\":\"Gallagher\",\"url\":\"https:\\\/\\\/slanedeti.sk\\\/cms\\\/author\\\/gallagher\"}]}<\/script>\n<!-- \/ Yoast SEO plugin. -->","yoast_head_json":{"title":"Koronav\u00edrus COVID-19 o\u010dkovanie - Slan\u00e9 deti Slan\u00e9 deti","description":"Preh\u013ead o\u010dkovac\u00edch vakc\u00edn, ich \u00fa\u010dinnos\u0165 a postup o\u010dkovania na Slovensku.","robots":{"index":"index","follow":"follow","max-snippet":"max-snippet:-1","max-image-preview":"max-image-preview:large","max-video-preview":"max-video-preview:-1"},"canonical":"https:\/\/slanedeti.sk\/cms\/koronavirus-covid-19-ockovanie-2\/2147","og_locale":"sk_SK","og_type":"article","og_title":"Koronav\u00edrus COVID-19 o\u010dkovanie","og_description":"Preh\u013ead o\u010dkovac\u00edch vakc\u00edn, ich \u00fa\u010dinnos\u0165 a postup o\u010dkovania na Slovensku.","og_url":"https:\/\/slanedeti.sk\/cms\/koronavirus-covid-19-ockovanie-2\/2147","og_site_name":"Slan\u00e9 deti","article_publisher":"http:\/\/www.facebook.com\/slanedeti","article_published_time":"2021-02-06T20:55:08+00:00","article_modified_time":"2021-02-06T20:56:17+00:00","og_image":[{"width":960,"height":679,"url":"https:\/\/slanedeti.sk\/cms\/wp-content\/uploads\/2021\/02\/covid-ockovanie-2.jpg","type":"image\/jpeg"}],"author":"Gallagher","twitter_misc":{"Autor":"Gallagher","Predpokladan\u00fd \u010das \u010d\u00edtania":"13 min\u00fat"},"schema":{"@context":"https:\/\/schema.org","@graph":[{"@type":"Article","@id":"https:\/\/slanedeti.sk\/cms\/koronavirus-covid-19-ockovanie-2\/2147#article","isPartOf":{"@id":"https:\/\/slanedeti.sk\/cms\/koronavirus-covid-19-ockovanie-2\/2147"},"author":{"name":"Gallagher","@id":"https:\/\/slanedeti.sk\/cms\/#\/schema\/person\/05d1c3faf9ab837ae66dc01f490cedaa"},"headline":"Koronav\u00edrus COVID-19 o\u010dkovanie","datePublished":"2021-02-06T20:55:08+00:00","dateModified":"2021-02-06T20:56:17+00:00","mainEntityOfPage":{"@id":"https:\/\/slanedeti.sk\/cms\/koronavirus-covid-19-ockovanie-2\/2147"},"wordCount":3849,"image":{"@id":"https:\/\/slanedeti.sk\/cms\/koronavirus-covid-19-ockovanie-2\/2147#primaryimage"},"thumbnailUrl":"https:\/\/slanedeti.sk\/cms\/wp-content\/uploads\/2021\/02\/covid-ockovanie-1-mini.jpg","articleSection":["Inform\u00e1cie","Lieky a lie\u010dba"],"inLanguage":"sk-SK"},{"@type":"WebPage","@id":"https:\/\/slanedeti.sk\/cms\/koronavirus-covid-19-ockovanie-2\/2147","url":"https:\/\/slanedeti.sk\/cms\/koronavirus-covid-19-ockovanie-2\/2147","name":"Koronav\u00edrus COVID-19 o\u010dkovanie - Slan\u00e9 deti Slan\u00e9 deti","isPartOf":{"@id":"https:\/\/slanedeti.sk\/cms\/#website"},"primaryImageOfPage":{"@id":"https:\/\/slanedeti.sk\/cms\/koronavirus-covid-19-ockovanie-2\/2147#primaryimage"},"image":{"@id":"https:\/\/slanedeti.sk\/cms\/koronavirus-covid-19-ockovanie-2\/2147#primaryimage"},"thumbnailUrl":"https:\/\/slanedeti.sk\/cms\/wp-content\/uploads\/2021\/02\/covid-ockovanie-1-mini.jpg","datePublished":"2021-02-06T20:55:08+00:00","dateModified":"2021-02-06T20:56:17+00:00","author":{"@id":"https:\/\/slanedeti.sk\/cms\/#\/schema\/person\/05d1c3faf9ab837ae66dc01f490cedaa"},"description":"Preh\u013ead o\u010dkovac\u00edch vakc\u00edn, ich \u00fa\u010dinnos\u0165 a postup o\u010dkovania na Slovensku.","inLanguage":"sk-SK","potentialAction":[{"@type":"ReadAction","target":["https:\/\/slanedeti.sk\/cms\/koronavirus-covid-19-ockovanie-2\/2147"]}]},{"@type":"ImageObject","inLanguage":"sk-SK","@id":"https:\/\/slanedeti.sk\/cms\/koronavirus-covid-19-ockovanie-2\/2147#primaryimage","url":"https:\/\/slanedeti.sk\/cms\/wp-content\/uploads\/2021\/02\/covid-ockovanie-1-mini.jpg","contentUrl":"https:\/\/slanedeti.sk\/cms\/wp-content\/uploads\/2021\/02\/covid-ockovanie-1-mini.jpg","width":270,"height":270,"caption":"o\u010dkovanie"},{"@type":"WebSite","@id":"https:\/\/slanedeti.sk\/cms\/#website","url":"https:\/\/slanedeti.sk\/cms\/","name":"Slan\u00e9 deti","description":"Inform\u00e1cie o cystickej fibr\u00f3ze","potentialAction":[{"@type":"SearchAction","target":{"@type":"EntryPoint","urlTemplate":"https:\/\/slanedeti.sk\/cms\/?s={search_term_string}"},"query-input":{"@type":"PropertyValueSpecification","valueRequired":true,"valueName":"search_term_string"}}],"inLanguage":"sk-SK"},{"@type":"Person","@id":"https:\/\/slanedeti.sk\/cms\/#\/schema\/person\/05d1c3faf9ab837ae66dc01f490cedaa","name":"Gallagher","url":"https:\/\/slanedeti.sk\/cms\/author\/gallagher"}]}},"_links":{"self":[{"href":"https:\/\/slanedeti.sk\/cms\/wp-json\/wp\/v2\/posts\/2147","targetHints":{"allow":["GET"]}}],"collection":[{"href":"https:\/\/slanedeti.sk\/cms\/wp-json\/wp\/v2\/posts"}],"about":[{"href":"https:\/\/slanedeti.sk\/cms\/wp-json\/wp\/v2\/types\/post"}],"author":[{"embeddable":true,"href":"https:\/\/slanedeti.sk\/cms\/wp-json\/wp\/v2\/users\/7"}],"replies":[{"embeddable":true,"href":"https:\/\/slanedeti.sk\/cms\/wp-json\/wp\/v2\/comments?post=2147"}],"version-history":[{"count":0,"href":"https:\/\/slanedeti.sk\/cms\/wp-json\/wp\/v2\/posts\/2147\/revisions"}],"wp:featuredmedia":[{"embeddable":true,"href":"https:\/\/slanedeti.sk\/cms\/wp-json\/wp\/v2\/media\/2150"}],"wp:attachment":[{"href":"https:\/\/slanedeti.sk\/cms\/wp-json\/wp\/v2\/media?parent=2147"}],"wp:term":[{"taxonomy":"category","embeddable":true,"href":"https:\/\/slanedeti.sk\/cms\/wp-json\/wp\/v2\/categories?post=2147"},{"taxonomy":"post_tag","embeddable":true,"href":"https:\/\/slanedeti.sk\/cms\/wp-json\/wp\/v2\/tags?post=2147"}],"curies":[{"name":"wp","href":"https:\/\/api.w.org\/{rel}","templated":true}]}}