{"id":2002,"date":"2018-01-14T12:30:54","date_gmt":"2018-01-14T11:30:54","guid":{"rendered":"http:\/\/slanedeti.sk\/cms\/?p=2002"},"modified":"2018-01-14T12:30:54","modified_gmt":"2018-01-14T11:30:54","slug":"kniha-o-alice-martineau-spevacke-s-cystickou-fibrozou","status":"publish","type":"post","link":"https:\/\/slanedeti.sk\/cms\/kniha-o-alice-martineau-spevacke-s-cystickou-fibrozou\/2002","title":{"rendered":"Kniha o Alice Martineau, spev\u00e1\u010dke s cystickou fibr\u00f3zou"},"content":{"rendered":"<p>V janu\u00e1ri 2018 vyjde kniha Piese\u0148 zajtraj\u0161ka o spev\u00e1\u010dke s cystickou fibr\u00f3zou Alice Martineau, o ktorej sme u\u017e p\u00edsali v \u010dl\u00e1nku\u00a0<a href=\"https:\/\/slanedeti.sk\/cms\/spevacka-alice-martineau\/900\">Spev\u00e1\u010dka Alice Martineau \u2013 v\u00fdro\u010die nedo\u017eit\u00fdch 40. naroden\u00edn.<\/a><\/p>\n<p>Kniha:\u00a0<strong>Piese\u0148 zajtraj\u0161ka<\/strong><br \/>\nAutor:\u00a0<strong>Alice Petersonov\u00e1<\/strong><\/p>\n<p>Spievajte, tancujte, milujte, riskujte, nikdy sa nevzd\u00e1vajte, ale predov\u0161etk\u00fdm u\u017e\u00edvajte si ka\u017ed\u00fa sekundu!<\/p>\n<p>Tom sa do Alice za\u013e\u00fabil na prv\u00fd poh\u013ead. Tu\u0161il, \u017ee to s \u0148ou nebude \u013eahk\u00e9, nie je ako in\u00e9 \u017eeny. Trp\u00ed vrodenou nevylie\u010dite\u013enou chorobou, cystickou fibr\u00f3zou, a uvedomuje si, \u017ee si mus\u00ed u\u017e\u00edva\u0165 ka\u017ed\u00fd de\u0148, lebo kedyko\u013evek m\u00f4\u017ee by\u0165 jej posledn\u00fdm. Napriek tomu Alice nem\u00e1 rada \u013e\u00fatos\u0165. T\u00fa\u017ei jedine spieva\u0165. Odmali\u010dka jej hovorili, aby sa ani nepok\u00fa\u0161ala plni\u0165 si nejak\u00e9 sny, ale nevzdala sa. Napriek zhor\u0161uj\u00facemu sa zdravotn\u00e9mu stavu sa jej podarilo z\u00edska\u0165 nahr\u00e1vaciu zmluvu od najv\u00fdznamnej\u0161ej hudobnej spolo\u010dnosti Sony a v roku 2002, kr\u00e1tkou pred smr\u0165ou, jej vy\u0161iel prv\u00fd album s pr\u00edzna\u010dn\u00fdm n\u00e1zvom Daydream (Sn\u00edvanie).<br \/>\nDoj\u00edmav\u00fd pr\u00edbeh nev\u0161ednej mladej \u017eeny o v\u00ed\u0165azstve ducha nad nepriaz\u0148ou osudu je in\u0161pirovan\u00fd osudom talentovanej anglickej spev\u00e1\u010dky a skladate\u013eky Alice Martineuovej, ktor\u00e1 v roku 2003 vo veku 30 rokov zomrela na cystick\u00fa fibr\u00f3zu.<\/p>\n<p><a href=\"https:\/\/slanedeti.sk\/cms\/wp-content\/uploads\/2018\/01\/Piesen_zajtrajska.jpg\"><img loading=\"lazy\" decoding=\"async\" class=\"aligncenter size-medium wp-image-2003\" src=\"https:\/\/slanedeti.sk\/cms\/wp-content\/uploads\/2018\/01\/Piesen_zajtrajska-190x300.jpg\" alt=\"Piesen zajtrajska\" width=\"190\" height=\"300\" srcset=\"https:\/\/slanedeti.sk\/cms\/wp-content\/uploads\/2018\/01\/Piesen_zajtrajska-190x300.jpg 190w, https:\/\/slanedeti.sk\/cms\/wp-content\/uploads\/2018\/01\/Piesen_zajtrajska.jpg 550w\" sizes=\"auto, (max-width: 190px) 100vw, 190px\" \/><\/a><\/p>\n<p>&nbsp;<\/p>\n<p><strong>Uk\u00e1\u017eka z knihy:<\/strong><\/p>\n<div class=\"su-document su-u-responsive-media-yes\"><iframe loading=\"lazy\" src=\"\/\/docs.google.com\/viewer?embedded=true&url=https:\/\/slanedeti.sk\/cms\/wp-content\/uploads\/2018\/01\/ukazka-piesen_zajtrajska.pdf\" width=\"600\" height=\"700\" class=\"su-document\" title=\"\"><\/iframe><\/div>\n<p>&nbsp;<\/p>\n<p><em>Zdroj:\u00a0Lucia \u010carn\u00e1, PR Mana\u017e\u00e9rka, Ikar\u00a0<\/em><\/p>\n","protected":false},"excerpt":{"rendered":"<p>V janu&aacute;ri 2018 vyjde kniha Piese&#328; zajtraj&scaron;ka o spev&aacute;&#269;ke s cystickou fibr&oacute;zou Alice Martineau, o ktorej sme u&#382; p&iacute;sali v &#269;l&aacute;nku&nbsp;Spev&aacute;&#269;ka Alice Martineau &ndash; v&yacute;ro&#269;ie nedo&#382;it&yacute;ch 40. naroden&iacute;n. Kniha:&nbsp;Piese&#328; zajtraj&scaron;ka Autor:&nbsp;Alice Petersonov&aacute; Spievajte, tancujte, milujte, riskujte, nikdy sa nevzd&aacute;vajte, ale &hellip; <a href=\"https:\/\/slanedeti.sk\/cms\/kniha-o-alice-martineau-spevacke-s-cystickou-fibrozou\/2002\">Continued<\/a><\/p>\n","protected":false},"author":3,"featured_media":2004,"comment_status":"closed","ping_status":"closed","sticky":false,"template":"","format":"standard","meta":{"kt_blocks_editor_width":"","footnotes":""},"categories":[250],"tags":[],"class_list":["post-2002","post","type-post","status-publish","format-standard","has-post-thumbnail","hentry","category-zivot-s-cystickou-fibrozou"],"yoast_head":"<!-- This site is optimized with the Yoast SEO plugin v27.5 - https:\/\/yoast.com\/product\/yoast-seo-wordpress\/ -->\n<title>Kniha o Alice Martineau, spev\u00e1\u010dke s cystickou fibr\u00f3zou - Slan\u00e9 deti<\/title>\n<meta name=\"robots\" content=\"index, follow, max-snippet:-1, max-image-preview:large, max-video-preview:-1\" \/>\n<link rel=\"canonical\" href=\"https:\/\/slanedeti.sk\/cms\/kniha-o-alice-martineau-spevacke-s-cystickou-fibrozou\/2002\" \/>\n<meta property=\"og:locale\" content=\"sk_SK\" \/>\n<meta property=\"og:type\" content=\"article\" \/>\n<meta property=\"og:title\" content=\"Kniha o Alice Martineau, spev\u00e1\u010dke s cystickou fibr\u00f3zou - Slan\u00e9 deti\" \/>\n<meta property=\"og:description\" content=\"V janu&aacute;ri 2018 vyjde kniha Piese&#328; zajtraj&scaron;ka o spev&aacute;&#269;ke s cystickou fibr&oacute;zou Alice Martineau, o ktorej sme u&#382; p&iacute;sali v &#269;l&aacute;nku&nbsp;Spev&aacute;&#269;ka Alice Martineau &ndash; v&yacute;ro&#269;ie nedo&#382;it&yacute;ch 40. naroden&iacute;n. Kniha:&nbsp;Piese&#328; zajtraj&scaron;ka Autor:&nbsp;Alice Petersonov&aacute; Spievajte, tancujte, milujte, riskujte, nikdy sa nevzd&aacute;vajte, ale &hellip; Continued\" \/>\n<meta property=\"og:url\" content=\"https:\/\/slanedeti.sk\/cms\/kniha-o-alice-martineau-spevacke-s-cystickou-fibrozou\/2002\" \/>\n<meta property=\"og:site_name\" content=\"Slan\u00e9 deti\" \/>\n<meta property=\"article:publisher\" content=\"http:\/\/www.facebook.com\/slanedeti\" \/>\n<meta property=\"article:published_time\" content=\"2018-01-14T11:30:54+00:00\" \/>\n<meta property=\"og:image\" content=\"https:\/\/slanedeti.sk\/cms\/wp-content\/uploads\/2018\/01\/Piesen_zajtrajska_mini.jpg\" \/>\n\t<meta property=\"og:image:width\" content=\"270\" \/>\n\t<meta property=\"og:image:height\" content=\"270\" \/>\n\t<meta property=\"og:image:type\" content=\"image\/jpeg\" \/>\n<meta name=\"author\" content=\"Kika\" \/>\n<meta name=\"twitter:label1\" content=\"Autor\" \/>\n\t<meta name=\"twitter:data1\" content=\"Kika\" \/>\n\t<meta name=\"twitter:label2\" content=\"Predpokladan\u00fd \u010das \u010d\u00edtania\" \/>\n\t<meta name=\"twitter:data2\" content=\"1 min\u00fata\" \/>\n<script type=\"application\/ld+json\" class=\"yoast-schema-graph\">{\"@context\":\"https:\\\/\\\/schema.org\",\"@graph\":[{\"@type\":\"Article\",\"@id\":\"https:\\\/\\\/slanedeti.sk\\\/cms\\\/kniha-o-alice-martineau-spevacke-s-cystickou-fibrozou\\\/2002#article\",\"isPartOf\":{\"@id\":\"https:\\\/\\\/slanedeti.sk\\\/cms\\\/kniha-o-alice-martineau-spevacke-s-cystickou-fibrozou\\\/2002\"},\"author\":{\"name\":\"Kika\",\"@id\":\"https:\\\/\\\/slanedeti.sk\\\/cms\\\/#\\\/schema\\\/person\\\/8d4185e268823ccbc166a1895f1b7938\"},\"headline\":\"Kniha o Alice Martineau, spev\u00e1\u010dke s cystickou fibr\u00f3zou\",\"datePublished\":\"2018-01-14T11:30:54+00:00\",\"mainEntityOfPage\":{\"@id\":\"https:\\\/\\\/slanedeti.sk\\\/cms\\\/kniha-o-alice-martineau-spevacke-s-cystickou-fibrozou\\\/2002\"},\"wordCount\":264,\"image\":{\"@id\":\"https:\\\/\\\/slanedeti.sk\\\/cms\\\/kniha-o-alice-martineau-spevacke-s-cystickou-fibrozou\\\/2002#primaryimage\"},\"thumbnailUrl\":\"https:\\\/\\\/slanedeti.sk\\\/cms\\\/wp-content\\\/uploads\\\/2018\\\/01\\\/Piesen_zajtrajska_mini.jpg\",\"articleSection\":[\"\u017divot s cystickou fibr\u00f3zou\"],\"inLanguage\":\"sk-SK\"},{\"@type\":\"WebPage\",\"@id\":\"https:\\\/\\\/slanedeti.sk\\\/cms\\\/kniha-o-alice-martineau-spevacke-s-cystickou-fibrozou\\\/2002\",\"url\":\"https:\\\/\\\/slanedeti.sk\\\/cms\\\/kniha-o-alice-martineau-spevacke-s-cystickou-fibrozou\\\/2002\",\"name\":\"Kniha o Alice Martineau, spev\u00e1\u010dke s cystickou fibr\u00f3zou - Slan\u00e9 deti\",\"isPartOf\":{\"@id\":\"https:\\\/\\\/slanedeti.sk\\\/cms\\\/#website\"},\"primaryImageOfPage\":{\"@id\":\"https:\\\/\\\/slanedeti.sk\\\/cms\\\/kniha-o-alice-martineau-spevacke-s-cystickou-fibrozou\\\/2002#primaryimage\"},\"image\":{\"@id\":\"https:\\\/\\\/slanedeti.sk\\\/cms\\\/kniha-o-alice-martineau-spevacke-s-cystickou-fibrozou\\\/2002#primaryimage\"},\"thumbnailUrl\":\"https:\\\/\\\/slanedeti.sk\\\/cms\\\/wp-content\\\/uploads\\\/2018\\\/01\\\/Piesen_zajtrajska_mini.jpg\",\"datePublished\":\"2018-01-14T11:30:54+00:00\",\"author\":{\"@id\":\"https:\\\/\\\/slanedeti.sk\\\/cms\\\/#\\\/schema\\\/person\\\/8d4185e268823ccbc166a1895f1b7938\"},\"inLanguage\":\"sk-SK\",\"potentialAction\":[{\"@type\":\"ReadAction\",\"target\":[\"https:\\\/\\\/slanedeti.sk\\\/cms\\\/kniha-o-alice-martineau-spevacke-s-cystickou-fibrozou\\\/2002\"]}]},{\"@type\":\"ImageObject\",\"inLanguage\":\"sk-SK\",\"@id\":\"https:\\\/\\\/slanedeti.sk\\\/cms\\\/kniha-o-alice-martineau-spevacke-s-cystickou-fibrozou\\\/2002#primaryimage\",\"url\":\"https:\\\/\\\/slanedeti.sk\\\/cms\\\/wp-content\\\/uploads\\\/2018\\\/01\\\/Piesen_zajtrajska_mini.jpg\",\"contentUrl\":\"https:\\\/\\\/slanedeti.sk\\\/cms\\\/wp-content\\\/uploads\\\/2018\\\/01\\\/Piesen_zajtrajska_mini.jpg\",\"width\":270,\"height\":270,\"caption\":\"Piesen zajtrajska mini\"},{\"@type\":\"WebSite\",\"@id\":\"https:\\\/\\\/slanedeti.sk\\\/cms\\\/#website\",\"url\":\"https:\\\/\\\/slanedeti.sk\\\/cms\\\/\",\"name\":\"Slan\u00e9 deti\",\"description\":\"Inform\u00e1cie o cystickej fibr\u00f3ze\",\"potentialAction\":[{\"@type\":\"SearchAction\",\"target\":{\"@type\":\"EntryPoint\",\"urlTemplate\":\"https:\\\/\\\/slanedeti.sk\\\/cms\\\/?s={search_term_string}\"},\"query-input\":{\"@type\":\"PropertyValueSpecification\",\"valueRequired\":true,\"valueName\":\"search_term_string\"}}],\"inLanguage\":\"sk-SK\"},{\"@type\":\"Person\",\"@id\":\"https:\\\/\\\/slanedeti.sk\\\/cms\\\/#\\\/schema\\\/person\\\/8d4185e268823ccbc166a1895f1b7938\",\"name\":\"Kika\",\"url\":\"https:\\\/\\\/slanedeti.sk\\\/cms\\\/author\\\/kika\"}]}<\/script>\n<!-- \/ Yoast SEO plugin. -->","yoast_head_json":{"title":"Kniha o Alice Martineau, spev\u00e1\u010dke s cystickou fibr\u00f3zou - Slan\u00e9 deti","robots":{"index":"index","follow":"follow","max-snippet":"max-snippet:-1","max-image-preview":"max-image-preview:large","max-video-preview":"max-video-preview:-1"},"canonical":"https:\/\/slanedeti.sk\/cms\/kniha-o-alice-martineau-spevacke-s-cystickou-fibrozou\/2002","og_locale":"sk_SK","og_type":"article","og_title":"Kniha o Alice Martineau, spev\u00e1\u010dke s cystickou fibr\u00f3zou - Slan\u00e9 deti","og_description":"V janu&aacute;ri 2018 vyjde kniha Piese&#328; zajtraj&scaron;ka o spev&aacute;&#269;ke s cystickou fibr&oacute;zou Alice Martineau, o ktorej sme u&#382; p&iacute;sali v &#269;l&aacute;nku&nbsp;Spev&aacute;&#269;ka Alice Martineau &ndash; v&yacute;ro&#269;ie nedo&#382;it&yacute;ch 40. naroden&iacute;n. Kniha:&nbsp;Piese&#328; zajtraj&scaron;ka Autor:&nbsp;Alice Petersonov&aacute; Spievajte, tancujte, milujte, riskujte, nikdy sa nevzd&aacute;vajte, ale &hellip; Continued","og_url":"https:\/\/slanedeti.sk\/cms\/kniha-o-alice-martineau-spevacke-s-cystickou-fibrozou\/2002","og_site_name":"Slan\u00e9 deti","article_publisher":"http:\/\/www.facebook.com\/slanedeti","article_published_time":"2018-01-14T11:30:54+00:00","og_image":[{"width":270,"height":270,"url":"https:\/\/slanedeti.sk\/cms\/wp-content\/uploads\/2018\/01\/Piesen_zajtrajska_mini.jpg","type":"image\/jpeg"}],"author":"Kika","twitter_misc":{"Autor":"Kika","Predpokladan\u00fd \u010das \u010d\u00edtania":"1 min\u00fata"},"schema":{"@context":"https:\/\/schema.org","@graph":[{"@type":"Article","@id":"https:\/\/slanedeti.sk\/cms\/kniha-o-alice-martineau-spevacke-s-cystickou-fibrozou\/2002#article","isPartOf":{"@id":"https:\/\/slanedeti.sk\/cms\/kniha-o-alice-martineau-spevacke-s-cystickou-fibrozou\/2002"},"author":{"name":"Kika","@id":"https:\/\/slanedeti.sk\/cms\/#\/schema\/person\/8d4185e268823ccbc166a1895f1b7938"},"headline":"Kniha o Alice Martineau, spev\u00e1\u010dke s cystickou fibr\u00f3zou","datePublished":"2018-01-14T11:30:54+00:00","mainEntityOfPage":{"@id":"https:\/\/slanedeti.sk\/cms\/kniha-o-alice-martineau-spevacke-s-cystickou-fibrozou\/2002"},"wordCount":264,"image":{"@id":"https:\/\/slanedeti.sk\/cms\/kniha-o-alice-martineau-spevacke-s-cystickou-fibrozou\/2002#primaryimage"},"thumbnailUrl":"https:\/\/slanedeti.sk\/cms\/wp-content\/uploads\/2018\/01\/Piesen_zajtrajska_mini.jpg","articleSection":["\u017divot s cystickou fibr\u00f3zou"],"inLanguage":"sk-SK"},{"@type":"WebPage","@id":"https:\/\/slanedeti.sk\/cms\/kniha-o-alice-martineau-spevacke-s-cystickou-fibrozou\/2002","url":"https:\/\/slanedeti.sk\/cms\/kniha-o-alice-martineau-spevacke-s-cystickou-fibrozou\/2002","name":"Kniha o Alice Martineau, spev\u00e1\u010dke s cystickou fibr\u00f3zou - Slan\u00e9 deti","isPartOf":{"@id":"https:\/\/slanedeti.sk\/cms\/#website"},"primaryImageOfPage":{"@id":"https:\/\/slanedeti.sk\/cms\/kniha-o-alice-martineau-spevacke-s-cystickou-fibrozou\/2002#primaryimage"},"image":{"@id":"https:\/\/slanedeti.sk\/cms\/kniha-o-alice-martineau-spevacke-s-cystickou-fibrozou\/2002#primaryimage"},"thumbnailUrl":"https:\/\/slanedeti.sk\/cms\/wp-content\/uploads\/2018\/01\/Piesen_zajtrajska_mini.jpg","datePublished":"2018-01-14T11:30:54+00:00","author":{"@id":"https:\/\/slanedeti.sk\/cms\/#\/schema\/person\/8d4185e268823ccbc166a1895f1b7938"},"inLanguage":"sk-SK","potentialAction":[{"@type":"ReadAction","target":["https:\/\/slanedeti.sk\/cms\/kniha-o-alice-martineau-spevacke-s-cystickou-fibrozou\/2002"]}]},{"@type":"ImageObject","inLanguage":"sk-SK","@id":"https:\/\/slanedeti.sk\/cms\/kniha-o-alice-martineau-spevacke-s-cystickou-fibrozou\/2002#primaryimage","url":"https:\/\/slanedeti.sk\/cms\/wp-content\/uploads\/2018\/01\/Piesen_zajtrajska_mini.jpg","contentUrl":"https:\/\/slanedeti.sk\/cms\/wp-content\/uploads\/2018\/01\/Piesen_zajtrajska_mini.jpg","width":270,"height":270,"caption":"Piesen zajtrajska mini"},{"@type":"WebSite","@id":"https:\/\/slanedeti.sk\/cms\/#website","url":"https:\/\/slanedeti.sk\/cms\/","name":"Slan\u00e9 deti","description":"Inform\u00e1cie o cystickej fibr\u00f3ze","potentialAction":[{"@type":"SearchAction","target":{"@type":"EntryPoint","urlTemplate":"https:\/\/slanedeti.sk\/cms\/?s={search_term_string}"},"query-input":{"@type":"PropertyValueSpecification","valueRequired":true,"valueName":"search_term_string"}}],"inLanguage":"sk-SK"},{"@type":"Person","@id":"https:\/\/slanedeti.sk\/cms\/#\/schema\/person\/8d4185e268823ccbc166a1895f1b7938","name":"Kika","url":"https:\/\/slanedeti.sk\/cms\/author\/kika"}]}},"_links":{"self":[{"href":"https:\/\/slanedeti.sk\/cms\/wp-json\/wp\/v2\/posts\/2002","targetHints":{"allow":["GET"]}}],"collection":[{"href":"https:\/\/slanedeti.sk\/cms\/wp-json\/wp\/v2\/posts"}],"about":[{"href":"https:\/\/slanedeti.sk\/cms\/wp-json\/wp\/v2\/types\/post"}],"author":[{"embeddable":true,"href":"https:\/\/slanedeti.sk\/cms\/wp-json\/wp\/v2\/users\/3"}],"replies":[{"embeddable":true,"href":"https:\/\/slanedeti.sk\/cms\/wp-json\/wp\/v2\/comments?post=2002"}],"version-history":[{"count":0,"href":"https:\/\/slanedeti.sk\/cms\/wp-json\/wp\/v2\/posts\/2002\/revisions"}],"wp:featuredmedia":[{"embeddable":true,"href":"https:\/\/slanedeti.sk\/cms\/wp-json\/wp\/v2\/media\/2004"}],"wp:attachment":[{"href":"https:\/\/slanedeti.sk\/cms\/wp-json\/wp\/v2\/media?parent=2002"}],"wp:term":[{"taxonomy":"category","embeddable":true,"href":"https:\/\/slanedeti.sk\/cms\/wp-json\/wp\/v2\/categories?post=2002"},{"taxonomy":"post_tag","embeddable":true,"href":"https:\/\/slanedeti.sk\/cms\/wp-json\/wp\/v2\/tags?post=2002"}],"curies":[{"name":"wp","href":"https:\/\/api.w.org\/{rel}","templated":true}]}}