{"id":1958,"date":"2017-07-16T13:52:55","date_gmt":"2017-07-16T12:52:55","guid":{"rendered":"http:\/\/slanedeti.sk\/cms\/?p=1958"},"modified":"2017-09-03T12:49:45","modified_gmt":"2017-09-03T11:49:45","slug":"zivotne-minimum-od-1-jula-2017","status":"publish","type":"post","link":"https:\/\/slanedeti.sk\/cms\/zivotne-minimum-od-1-jula-2017\/1958","title":{"rendered":"\u017divotn\u00e9 minimum od 1. j\u00fala 2017"},"content":{"rendered":"<p>Po \u0161tyroch rokoch sa zvy\u0161uje \u017eivotn\u00e9 minimum a od neho z\u00e1visiace soci\u00e1lne d\u00e1vky. Rozhoduj\u00facim obdob\u00edm, za ktor\u00e9 sa zis\u0165uje rast \u017eivotn\u00fdch n\u00e1kladov je obdobie od apr\u00edla minul\u00e9ho roka do apr\u00edla aktu\u00e1lneho roka pod\u013ea rastu \u017eivotn\u00fdch n\u00e1kladov n\u00edzkopr\u00edjmov\u00fdch dom\u00e1cnost\u00ed.\u0160tatistick\u00fd \u00farad uv\u00e1dza, \u017ee rast \u017eivotn\u00fdch n\u00e1kladov n\u00edzkopr\u00edjmov\u00fdch dom\u00e1cnost\u00ed za rozhoduj\u00face obdobie je 0,7%.<\/p>\n<p>V\u00fd\u0161ka \u017eivotn\u00e9ho minima od 1. J\u00fala 2017 sa men\u00ed pre:<\/p>\n<ul>\n<li>jednu plnolet\u00fa fyzick\u00fa osobu 198,09 na 199,48 \u20ac\u00a0mesa\u010dne<\/li>\n<li>\u010fal\u0161iu spolo\u010dne posudzovan\u00fa plnolet\u00fa fyzick\u00fa osobu zo 138,19 na 139,16 \u20ac\u00a0mesa\u010dne<\/li>\n<li>zaopatren\u00e9 neplnolet\u00e9 die\u0165a alebo o nezaopatren\u00e9 die\u0165a z 90,42 na 91,06 \u20ac\u00a0mesa\u010dne<\/li>\n<\/ul>\n<p>Najaktu\u00e1lnej\u0161ie kompenza\u010dn\u00e9 pr\u00edspevky pre \u0164ZP pacientov s CF sa v z\u00e1vislosti od zv\u00fd\u0161en\u00e9ho \u017eivotn\u00e9ho minima menia pre:<\/p>\n<ul>\n<li>pe\u0148. pr\u00edspevok na di\u00e9tne stravovanie zo sumy 36,78 na 37,03 \u20ac\u00a0mesa\u010dne<\/li>\n<li>pe\u0148. pr\u00edspevok s\u00favisiaci s hygienou zo sumy 18,39 na 18,52 \u20ac\u00a0mesa\u010dne<\/li>\n<li>pe\u0148. pr\u00edspevok s\u00favisiaci s prev\u00e1dzkou motor. vozidla zo sumy 33,10 na 33,32 \u20ac\u00a0mesa\u010dne<\/li>\n<li>pe\u0148. pr\u00edspevok na prepravu (napr.: tax\u00edk) zo sumy 101,07 na 101,78 \u20ac\u00a0mesa\u010dne<\/li>\n<li>pe\u0148. pr\u00edspevok na k\u00fapu auta je najviac 6 638,79\u00a0\u20ac<\/li>\n<\/ul>\n<p>Pe\u0148a\u017en\u00e9 pr\u00edspevky na opatrovanie sa zvy\u0161uj\u00fa:<\/p>\n<ul>\n<li>pri opatrovan\u00ed jednej odk\u00e1zanej osoby \u0164ZP na 249,35 \u20ac\u00a0mesa\u010dne<\/li>\n<li>pri opatrovan\u00ed dvoch a viacer\u00fdch odk\u00e1zan\u00fdch os\u00f4b \u0164ZP na 323,36 \u20ac\u00a0mesa\u010dne<\/li>\n<li>ak odk\u00e1zan\u00e1 osoba \u0164ZP nav\u0161tevuje soci\u00e1lne zariadenie denne alebo \u0161kolu v rozsahu viac ako 20 hod\u00edn t\u00fd\u017edenne na 223,44 \u20ac\u00a0mesa\u010dne<\/li>\n<li>pri opatrovan\u00ed dvoch a viac odk\u00e1zan\u00fdch os\u00f4b \u0164ZP, ktor\u00ed nav\u0161tevuj\u00fa denne soci\u00e1lne zariadenie alebo \u0161kolu v rozsahu viac ako 20 hod\u00edn t\u00fd\u017edenne na 304,87 \u20ac\u00a0mesa\u010dne<\/li>\n<li>pri opatrovan\u00ed odk\u00e1zanej osoby \u0164ZP, ktor\u00e1 nav\u0161tevuje denne soci\u00e1lne zariadenie alebo \u0161kolu v rozsahu viac ako 20 hod\u00edn t\u00fd\u017edenne a z\u00e1rove\u0148 opatruje odk\u00e1zan\u00fa osobu \u0164ZP, ktor\u00e1 nenav\u0161tevuje soci\u00e1lne zariadenie alebo \u0161kolu v\u00f4bec alebo v rozsahu najviac 20 hod\u00edn t\u00fd\u017edenne na 315,96 \u20ac\u00a0mesa\u010dne<\/li>\n<\/ul>\n<p>Pe\u0148a\u017en\u00fd pr\u00edspevok na opatrovanie sa m\u00f4\u017ee zv\u00fd\u0161i\u0165 o 49,08 \u20ac\u00a0mesa\u010dne, ak je opatrovanou osobou nezaopatren\u00e9 die\u0165a alebo opatrovanie vykon\u00e1va osoba, ktor\u00e1 v \u010dase opatrovania nem\u00e1 \u017eiadny in\u00fd pr\u00edjem.<\/p>\n<p>Pe\u0148a\u017en\u00fd pr\u00edspevok na opatrovanie sa zni\u017euje, ak je pr\u00edjem osoby \u0164ZP vy\u0161\u0161\u00ed ako 1,7% \u017eivotn\u00e9ho minima, pri opatrovan\u00ed nezaopatren\u00e9ho die\u0165a\u0165a, ak je pr\u00edjem vy\u0161\u0161\u00ed ako 3-n\u00e1sobok \u017eivotn\u00e9ho minima. Pe\u0148a\u017en\u00fd pr\u00edspevok sa zni\u017euje aj v pr\u00edpade poberania d\u00f4chodku pre bezvl\u00e1dnos\u0165.<\/p>\n<p>\u017divotn\u00e9 minimum ako ekonomick\u00fd ukazovate\u013e m\u00e1 vplyv okrem kompenza\u010dn\u00fdch pr\u00edspevkov pre osoby \u0164ZP aj na \u010fal\u0161ie soci\u00e1lne d\u00e1vky napr. na rodinn\u00e9 pr\u00eddavky, pr\u00edplatok k pr\u00eddavku na deti, n\u00e1hradn\u00e9 v\u00fd\u017eivn\u00e9, rodi\u010dovsk\u00fd pr\u00edspevok, da\u0148ov\u00fd bonus a in\u00e9.<\/p>\n","protected":false},"excerpt":{"rendered":"<p>Po \u0161tyroch rokoch sa zvy\u0161uje \u017eivotn\u00e9 minimum a od neho z\u00e1visiace soci\u00e1lne d\u00e1vky. Rozhoduj\u00facim obdob\u00edm, za ktor\u00e9 sa zis\u0165uje rast \u017eivotn\u00fdch n\u00e1kladov je obdobie od apr\u00edla minul\u00e9ho roka&#8230;<\/p>\n","protected":false},"author":6,"featured_media":1718,"comment_status":"closed","ping_status":"closed","sticky":false,"template":"","format":"standard","meta":{"kt_blocks_editor_width":"","footnotes":""},"categories":[251],"tags":[],"class_list":["post-1958","post","type-post","status-publish","format-standard","has-post-thumbnail","hentry","category-socialna-oblast"],"yoast_head":"<!-- This site is optimized with the Yoast SEO plugin v27.5 - https:\/\/yoast.com\/product\/yoast-seo-wordpress\/ -->\n<title>\u017divotn\u00e9 minimum od 1. j\u00fala 2017 - Slan\u00e9 deti<\/title>\n<meta name=\"robots\" content=\"index, follow, max-snippet:-1, max-image-preview:large, max-video-preview:-1\" \/>\n<link rel=\"canonical\" href=\"https:\/\/slanedeti.sk\/cms\/zivotne-minimum-od-1-jula-2017\/1958\" \/>\n<meta property=\"og:locale\" content=\"sk_SK\" \/>\n<meta property=\"og:type\" content=\"article\" \/>\n<meta property=\"og:title\" content=\"\u017divotn\u00e9 minimum od 1. j\u00fala 2017 - Slan\u00e9 deti\" \/>\n<meta property=\"og:description\" content=\"Po \u0161tyroch rokoch sa zvy\u0161uje \u017eivotn\u00e9 minimum a od neho z\u00e1visiace soci\u00e1lne d\u00e1vky. Rozhoduj\u00facim obdob\u00edm, za ktor\u00e9 sa zis\u0165uje rast \u017eivotn\u00fdch n\u00e1kladov je obdobie od apr\u00edla minul\u00e9ho roka...\" \/>\n<meta property=\"og:url\" content=\"https:\/\/slanedeti.sk\/cms\/zivotne-minimum-od-1-jula-2017\/1958\" \/>\n<meta property=\"og:site_name\" content=\"Slan\u00e9 deti\" \/>\n<meta property=\"article:publisher\" content=\"http:\/\/www.facebook.com\/slanedeti\" \/>\n<meta property=\"article:published_time\" content=\"2017-07-16T12:52:55+00:00\" \/>\n<meta property=\"article:modified_time\" content=\"2017-09-03T11:49:45+00:00\" \/>\n<meta property=\"og:image\" content=\"https:\/\/slanedeti.sk\/cms\/wp-content\/uploads\/2014\/07\/davky_2014.jpg\" \/>\n\t<meta property=\"og:image:width\" content=\"270\" \/>\n\t<meta property=\"og:image:height\" content=\"270\" \/>\n\t<meta property=\"og:image:type\" content=\"image\/jpeg\" \/>\n<meta name=\"author\" content=\"Sa\u0161a\" \/>\n<meta name=\"twitter:label1\" content=\"Autor\" \/>\n\t<meta name=\"twitter:data1\" content=\"Sa\u0161a\" \/>\n\t<meta name=\"twitter:label2\" content=\"Predpokladan\u00fd \u010das \u010d\u00edtania\" \/>\n\t<meta name=\"twitter:data2\" content=\"2 min\u00faty\" \/>\n<script type=\"application\/ld+json\" class=\"yoast-schema-graph\">{\"@context\":\"https:\\\/\\\/schema.org\",\"@graph\":[{\"@type\":\"Article\",\"@id\":\"https:\\\/\\\/slanedeti.sk\\\/cms\\\/zivotne-minimum-od-1-jula-2017\\\/1958#article\",\"isPartOf\":{\"@id\":\"https:\\\/\\\/slanedeti.sk\\\/cms\\\/zivotne-minimum-od-1-jula-2017\\\/1958\"},\"author\":{\"name\":\"Sa\u0161a\",\"@id\":\"https:\\\/\\\/slanedeti.sk\\\/cms\\\/#\\\/schema\\\/person\\\/a998a8fdcd3106c0b9bae9dee3885047\"},\"headline\":\"\u017divotn\u00e9 minimum od 1. j\u00fala 2017\",\"datePublished\":\"2017-07-16T12:52:55+00:00\",\"dateModified\":\"2017-09-03T11:49:45+00:00\",\"mainEntityOfPage\":{\"@id\":\"https:\\\/\\\/slanedeti.sk\\\/cms\\\/zivotne-minimum-od-1-jula-2017\\\/1958\"},\"wordCount\":497,\"image\":{\"@id\":\"https:\\\/\\\/slanedeti.sk\\\/cms\\\/zivotne-minimum-od-1-jula-2017\\\/1958#primaryimage\"},\"thumbnailUrl\":\"https:\\\/\\\/slanedeti.sk\\\/cms\\\/wp-content\\\/uploads\\\/2014\\\/07\\\/davky_2014.jpg\",\"articleSection\":[\"Soci\u00e1lna oblas\u0165\"],\"inLanguage\":\"sk-SK\"},{\"@type\":\"WebPage\",\"@id\":\"https:\\\/\\\/slanedeti.sk\\\/cms\\\/zivotne-minimum-od-1-jula-2017\\\/1958\",\"url\":\"https:\\\/\\\/slanedeti.sk\\\/cms\\\/zivotne-minimum-od-1-jula-2017\\\/1958\",\"name\":\"\u017divotn\u00e9 minimum od 1. j\u00fala 2017 - Slan\u00e9 deti\",\"isPartOf\":{\"@id\":\"https:\\\/\\\/slanedeti.sk\\\/cms\\\/#website\"},\"primaryImageOfPage\":{\"@id\":\"https:\\\/\\\/slanedeti.sk\\\/cms\\\/zivotne-minimum-od-1-jula-2017\\\/1958#primaryimage\"},\"image\":{\"@id\":\"https:\\\/\\\/slanedeti.sk\\\/cms\\\/zivotne-minimum-od-1-jula-2017\\\/1958#primaryimage\"},\"thumbnailUrl\":\"https:\\\/\\\/slanedeti.sk\\\/cms\\\/wp-content\\\/uploads\\\/2014\\\/07\\\/davky_2014.jpg\",\"datePublished\":\"2017-07-16T12:52:55+00:00\",\"dateModified\":\"2017-09-03T11:49:45+00:00\",\"author\":{\"@id\":\"https:\\\/\\\/slanedeti.sk\\\/cms\\\/#\\\/schema\\\/person\\\/a998a8fdcd3106c0b9bae9dee3885047\"},\"inLanguage\":\"sk-SK\",\"potentialAction\":[{\"@type\":\"ReadAction\",\"target\":[\"https:\\\/\\\/slanedeti.sk\\\/cms\\\/zivotne-minimum-od-1-jula-2017\\\/1958\"]}]},{\"@type\":\"ImageObject\",\"inLanguage\":\"sk-SK\",\"@id\":\"https:\\\/\\\/slanedeti.sk\\\/cms\\\/zivotne-minimum-od-1-jula-2017\\\/1958#primaryimage\",\"url\":\"https:\\\/\\\/slanedeti.sk\\\/cms\\\/wp-content\\\/uploads\\\/2014\\\/07\\\/davky_2014.jpg\",\"contentUrl\":\"https:\\\/\\\/slanedeti.sk\\\/cms\\\/wp-content\\\/uploads\\\/2014\\\/07\\\/davky_2014.jpg\",\"width\":270,\"height\":270,\"caption\":\"davky\"},{\"@type\":\"WebSite\",\"@id\":\"https:\\\/\\\/slanedeti.sk\\\/cms\\\/#website\",\"url\":\"https:\\\/\\\/slanedeti.sk\\\/cms\\\/\",\"name\":\"Slan\u00e9 deti\",\"description\":\"Inform\u00e1cie o cystickej fibr\u00f3ze\",\"potentialAction\":[{\"@type\":\"SearchAction\",\"target\":{\"@type\":\"EntryPoint\",\"urlTemplate\":\"https:\\\/\\\/slanedeti.sk\\\/cms\\\/?s={search_term_string}\"},\"query-input\":{\"@type\":\"PropertyValueSpecification\",\"valueRequired\":true,\"valueName\":\"search_term_string\"}}],\"inLanguage\":\"sk-SK\"},{\"@type\":\"Person\",\"@id\":\"https:\\\/\\\/slanedeti.sk\\\/cms\\\/#\\\/schema\\\/person\\\/a998a8fdcd3106c0b9bae9dee3885047\",\"name\":\"Sa\u0161a\",\"url\":\"https:\\\/\\\/slanedeti.sk\\\/cms\\\/author\\\/sasa\"}]}<\/script>\n<!-- \/ Yoast SEO plugin. -->","yoast_head_json":{"title":"\u017divotn\u00e9 minimum od 1. j\u00fala 2017 - Slan\u00e9 deti","robots":{"index":"index","follow":"follow","max-snippet":"max-snippet:-1","max-image-preview":"max-image-preview:large","max-video-preview":"max-video-preview:-1"},"canonical":"https:\/\/slanedeti.sk\/cms\/zivotne-minimum-od-1-jula-2017\/1958","og_locale":"sk_SK","og_type":"article","og_title":"\u017divotn\u00e9 minimum od 1. j\u00fala 2017 - Slan\u00e9 deti","og_description":"Po \u0161tyroch rokoch sa zvy\u0161uje \u017eivotn\u00e9 minimum a od neho z\u00e1visiace soci\u00e1lne d\u00e1vky. Rozhoduj\u00facim obdob\u00edm, za ktor\u00e9 sa zis\u0165uje rast \u017eivotn\u00fdch n\u00e1kladov je obdobie od apr\u00edla minul\u00e9ho roka...","og_url":"https:\/\/slanedeti.sk\/cms\/zivotne-minimum-od-1-jula-2017\/1958","og_site_name":"Slan\u00e9 deti","article_publisher":"http:\/\/www.facebook.com\/slanedeti","article_published_time":"2017-07-16T12:52:55+00:00","article_modified_time":"2017-09-03T11:49:45+00:00","og_image":[{"width":270,"height":270,"url":"https:\/\/slanedeti.sk\/cms\/wp-content\/uploads\/2014\/07\/davky_2014.jpg","type":"image\/jpeg"}],"author":"Sa\u0161a","twitter_misc":{"Autor":"Sa\u0161a","Predpokladan\u00fd \u010das \u010d\u00edtania":"2 min\u00faty"},"schema":{"@context":"https:\/\/schema.org","@graph":[{"@type":"Article","@id":"https:\/\/slanedeti.sk\/cms\/zivotne-minimum-od-1-jula-2017\/1958#article","isPartOf":{"@id":"https:\/\/slanedeti.sk\/cms\/zivotne-minimum-od-1-jula-2017\/1958"},"author":{"name":"Sa\u0161a","@id":"https:\/\/slanedeti.sk\/cms\/#\/schema\/person\/a998a8fdcd3106c0b9bae9dee3885047"},"headline":"\u017divotn\u00e9 minimum od 1. j\u00fala 2017","datePublished":"2017-07-16T12:52:55+00:00","dateModified":"2017-09-03T11:49:45+00:00","mainEntityOfPage":{"@id":"https:\/\/slanedeti.sk\/cms\/zivotne-minimum-od-1-jula-2017\/1958"},"wordCount":497,"image":{"@id":"https:\/\/slanedeti.sk\/cms\/zivotne-minimum-od-1-jula-2017\/1958#primaryimage"},"thumbnailUrl":"https:\/\/slanedeti.sk\/cms\/wp-content\/uploads\/2014\/07\/davky_2014.jpg","articleSection":["Soci\u00e1lna oblas\u0165"],"inLanguage":"sk-SK"},{"@type":"WebPage","@id":"https:\/\/slanedeti.sk\/cms\/zivotne-minimum-od-1-jula-2017\/1958","url":"https:\/\/slanedeti.sk\/cms\/zivotne-minimum-od-1-jula-2017\/1958","name":"\u017divotn\u00e9 minimum od 1. j\u00fala 2017 - Slan\u00e9 deti","isPartOf":{"@id":"https:\/\/slanedeti.sk\/cms\/#website"},"primaryImageOfPage":{"@id":"https:\/\/slanedeti.sk\/cms\/zivotne-minimum-od-1-jula-2017\/1958#primaryimage"},"image":{"@id":"https:\/\/slanedeti.sk\/cms\/zivotne-minimum-od-1-jula-2017\/1958#primaryimage"},"thumbnailUrl":"https:\/\/slanedeti.sk\/cms\/wp-content\/uploads\/2014\/07\/davky_2014.jpg","datePublished":"2017-07-16T12:52:55+00:00","dateModified":"2017-09-03T11:49:45+00:00","author":{"@id":"https:\/\/slanedeti.sk\/cms\/#\/schema\/person\/a998a8fdcd3106c0b9bae9dee3885047"},"inLanguage":"sk-SK","potentialAction":[{"@type":"ReadAction","target":["https:\/\/slanedeti.sk\/cms\/zivotne-minimum-od-1-jula-2017\/1958"]}]},{"@type":"ImageObject","inLanguage":"sk-SK","@id":"https:\/\/slanedeti.sk\/cms\/zivotne-minimum-od-1-jula-2017\/1958#primaryimage","url":"https:\/\/slanedeti.sk\/cms\/wp-content\/uploads\/2014\/07\/davky_2014.jpg","contentUrl":"https:\/\/slanedeti.sk\/cms\/wp-content\/uploads\/2014\/07\/davky_2014.jpg","width":270,"height":270,"caption":"davky"},{"@type":"WebSite","@id":"https:\/\/slanedeti.sk\/cms\/#website","url":"https:\/\/slanedeti.sk\/cms\/","name":"Slan\u00e9 deti","description":"Inform\u00e1cie o cystickej fibr\u00f3ze","potentialAction":[{"@type":"SearchAction","target":{"@type":"EntryPoint","urlTemplate":"https:\/\/slanedeti.sk\/cms\/?s={search_term_string}"},"query-input":{"@type":"PropertyValueSpecification","valueRequired":true,"valueName":"search_term_string"}}],"inLanguage":"sk-SK"},{"@type":"Person","@id":"https:\/\/slanedeti.sk\/cms\/#\/schema\/person\/a998a8fdcd3106c0b9bae9dee3885047","name":"Sa\u0161a","url":"https:\/\/slanedeti.sk\/cms\/author\/sasa"}]}},"_links":{"self":[{"href":"https:\/\/slanedeti.sk\/cms\/wp-json\/wp\/v2\/posts\/1958","targetHints":{"allow":["GET"]}}],"collection":[{"href":"https:\/\/slanedeti.sk\/cms\/wp-json\/wp\/v2\/posts"}],"about":[{"href":"https:\/\/slanedeti.sk\/cms\/wp-json\/wp\/v2\/types\/post"}],"author":[{"embeddable":true,"href":"https:\/\/slanedeti.sk\/cms\/wp-json\/wp\/v2\/users\/6"}],"replies":[{"embeddable":true,"href":"https:\/\/slanedeti.sk\/cms\/wp-json\/wp\/v2\/comments?post=1958"}],"version-history":[{"count":0,"href":"https:\/\/slanedeti.sk\/cms\/wp-json\/wp\/v2\/posts\/1958\/revisions"}],"wp:featuredmedia":[{"embeddable":true,"href":"https:\/\/slanedeti.sk\/cms\/wp-json\/wp\/v2\/media\/1718"}],"wp:attachment":[{"href":"https:\/\/slanedeti.sk\/cms\/wp-json\/wp\/v2\/media?parent=1958"}],"wp:term":[{"taxonomy":"category","embeddable":true,"href":"https:\/\/slanedeti.sk\/cms\/wp-json\/wp\/v2\/categories?post=1958"},{"taxonomy":"post_tag","embeddable":true,"href":"https:\/\/slanedeti.sk\/cms\/wp-json\/wp\/v2\/tags?post=1958"}],"curies":[{"name":"wp","href":"https:\/\/api.w.org\/{rel}","templated":true}]}}