{"id":1921,"date":"2017-03-29T19:38:47","date_gmt":"2017-03-29T18:38:47","guid":{"rendered":"http:\/\/slanedeti.sk\/cms\/?p=1921"},"modified":"2017-09-03T13:28:55","modified_gmt":"2017-09-03T12:28:55","slug":"2-pre-slane-deti-v-roku-2017","status":"publish","type":"post","link":"https:\/\/slanedeti.sk\/cms\/2-pre-slane-deti-v-roku-2017\/1921","title":{"rendered":"2% pre slan\u00e9 deti v roku 2017"},"content":{"rendered":"<p><span style=\"font-weight: 400;\">Na\u0161e ob\u010dianske zdru\u017eenie sme op\u00e4\u0165 zaregistrovali ako pr\u00edjemcu 2% z Va\u0161ich dan\u00ed. Peniaze chceme vyu\u017ei\u0165 na priamu podporu det\u00ed a dospel\u00fdch s cystickou fibr\u00f3zou. Sme si vedom\u00ed, \u017ee len s podporou V\u00e1s samotn\u00fdch ako aj Va\u0161ich rod\u00edn a priate\u013eov sa n\u00e1m podar\u00ed vyzbiera\u0165 to\u013eko finan\u010dn\u00fdch prostriedkov, aby sme kladne vybavili v\u0161etk\u00fdch \u017eiadate\u013eov.<\/span><\/p>\n<h3><b>ZAMESTNANCI<\/b><\/h3>\n<ul>\n<li><span style=\"font-weight: 400;\">\u00a0\u00a0\u00a0<\/span><span style=\"font-weight: 400;\">do <\/span><b>15.2. 2017<\/b><span style=\"font-weight: 400;\">\u00a0po\u017eiadajte svojho zamestn\u00e1vate\u013ea o vykonanie ro\u010dn\u00e9ho z\u00fa\u010dtovania zaplaten\u00fdch preddavkov na da\u0148<\/span><\/li>\n<li><span style=\"font-weight: 400;\">\u00a0\u00a0\u00a0<\/span><span style=\"font-weight: 400;\">po\u017eiadajte zamestn\u00e1vate\u013ea, aby V\u00e1m vystavil tla\u010divo <\/span><span style=\"font-weight: 400;\">Potvrdenie o zaplaten\u00ed dane<\/span><\/li>\n<li><span style=\"font-weight: 400;\">\u00a0\u00a0\u00a0<\/span><span style=\"font-weight: 400;\">z potvrdenia si zist\u00edte d\u00e1tum zaplatenia dane a vypo\u010d\u00edtate:<\/span><\/li>\n<\/ul>\n<ol>\n<li><span style=\"font-weight: 400;\">\u00a0<\/span><span style=\"font-weight: 400;\">2% z Va\u0161ej zaplatenej dane \u2013 je to maxim\u00e1lna suma, ktor\u00fa m\u00f4\u017eete pouk\u00e1za\u0165, ak ste v roku 2016 neboli dobrovo\u013en\u00edkom, alebo dobrovo\u013en\u00edcky odpracovali menej ako 40 hod\u00edn. Suma mus\u00ed by\u0165 minim\u00e1lne 3 Eur\u00e1.<\/span><\/li>\n<li><span style=\"font-weight: 400;\">\u00a0<\/span><span style=\"font-weight: 400;\">3% z Va\u0161ej zaplatenej dane, ak ste v roku 2016 odpracovali dobrovo\u013en\u00edcky minim\u00e1lne 40 hod\u00edn a z\u00edskate o tom <\/span><span style=\"font-weight: 400;\">Potvrdenie od organiz\u00e1cie\/organiz\u00e1ci\u00ed<\/span><span style=\"font-weight: 400;\">, pre ktor\u00e9 ste v roku 2016 dobrovo\u013en\u00edcky pracovali.<\/span><\/li>\n<\/ol>\n<ul>\n<li><span style=\"font-weight: 400;\">vypln\u00edte<\/span><a href=\"http:\/\/rozhodni.sk\/wp-content\/uploads\/2017\/01\/Vyhlasenie2016-2017_edit.pdf\"><strong> Vyhl\u00e1senie<\/strong><\/a><span style=\"font-weight: 400;\">, kde vypln\u00edte\u00a0prij\u00edmate\u013ea Va\u0161ich 2% (3%) ako aj \u010diastku, ktor\u00fa mu chcete pouk\u00e1za\u0165<\/span><\/li>\n<li><span style=\"font-weight: 400;\">ak ste pouk\u00e1zali 3% z dane, povinnou pr\u00edlohou k Vyhl\u00e1seniu a Potvrdeniu o zaplaten\u00ed dane je aj Potvrdenie o odpracovan\u00ed minim\u00e1lne 40 hod\u00edn dobrovo\u013en\u00edckej \u010dinnosti!<\/span><\/li>\n<li><span style=\"font-weight: 400;\">tla\u010divo Vyhl\u00e1senie a Potvrdenie je potrebn\u00e9 doru\u010di\u0165 do 30.4. 2017 na da\u0148ov\u00fd \u00farad pod\u013ea V\u00e1\u0161ho bydliska. \u00a0Adresy da\u0148ov\u00fdch \u00faradov n\u00e1jdete na str\u00e1nke <\/span><a href=\"https:\/\/www.financnasprava.sk\/sk\/elektronicke-sluzby\/verejne-sluzby\/zistenie-miestnej-prislusnost \"><span style=\"font-weight: 400;\">finan\u010dnej spr\u00e1vy<\/span><\/a><span style=\"font-weight: 400;\">.<\/span><\/li>\n<\/ul>\n<p><b>NOVINKA od roku 2016:<\/b> <b>Ak chcete ozn\u00e1mi\u0165 prij\u00edmate\u013eovi, \u017ee ste mu Vy zaslali svoje 2%\/3%, za\u0161krtnite v tla\u010dive pr\u00edslu\u0161n\u00fd s\u00fahlas so zaslan\u00edm Va\u0161ich \u00fadajov (meno a adresa\u2026 NIE v\u0161ak pouk\u00e1zan\u00e1 suma)<\/b><\/p>\n<p><i><span style=\"font-weight: 400;\">Pozn\u00e1mky:<\/span><\/i><\/p>\n<ul>\n<li><i><span style=\"font-weight: 400;\">Fyzick\u00e9 osoby poukazuj\u00fa v roku 2017 2% z dane, dobrovo\u013en\u00edci m\u00f4\u017eu pouk\u00e1za\u0165 a\u017e 3% z dane.<\/span><\/i><\/li>\n<li><span style=\"font-weight: 400;\">\u00a0<\/span><i><span style=\"font-weight: 400;\">Do kol\u00f3nky ROK sa p\u00ed\u0161e 2016.<\/span><\/i><\/li>\n<li><i><span style=\"font-weight: 400;\">Obe tieto tla\u010div\u00e1 sa \u00a0pod\u00e1vaj\u00fa v\u00fdlu\u010dne na da\u0148ov\u00fd \u00farad pod\u013ea V\u00e1\u0161ho bydliska.<\/span><\/i><\/li>\n<li><i><span style=\"font-weight: 400;\">\u010c\u00edsla \u00fa\u010dtov prij\u00edmate\u013eov nepotrebujete, ani ich nikde neuv\u00e1dzate, nako\u013eko peniaze na \u00fa\u010dty prij\u00edmate\u013eov prev\u00e1dzaj\u00fa da\u0148ov\u00e9 \u00farady, nie Vy. Vy plat\u00edte cel\u00fa da\u0148 da\u0148ov\u00e9mu \u00faradu.<\/span><\/i><\/li>\n<li><i><span style=\"font-weight: 400;\">I\u010cO prij\u00edmate\u013ea sa do kol\u00f3niek vypisuje z\u013eava . Ak organiz\u00e1cia nem\u00e1 SID, kol\u00f3nky na SID nechajte pr\u00e1zdne.<\/span><\/i><\/li>\n<li><i><span style=\"font-weight: 400;\">Na\u0161e zdru\u017eenie nem\u00e1 SID<\/span><\/i><\/li>\n<\/ul>\n<h3><b>FYZICK\u00c9 OSOBY<\/b><\/h3>\n<p><span style=\"font-weight: 400;\">Vypo\u010d\u00edtajte si:<\/span><\/p>\n<ol>\n<li><span style=\"font-weight: 400;\">\u00a0<\/span><span style=\"font-weight: 400;\">2 % z Va\u0161ej zaplatenej dane \u2013 je to maxim\u00e1lna suma, ktor\u00fa m\u00f4\u017eete pouk\u00e1za\u0165, ak ste v roku 2016 neboli dobrovo\u013en\u00edkom, alebo dobrovo\u013en\u00edcky odpracovali menej ako 40 hod\u00edn. Suma mus\u00ed by\u0165 minim\u00e1lne 3 Eur\u00e1.<\/span><\/li>\n<li><span style=\"font-weight: 400;\">\u00a0<\/span><span style=\"font-weight: 400;\">3% z Va\u0161ej zaplatenej dane, ako ste v roku 2016 odpracovali dobrovo\u013en\u00edcky minim\u00e1lne 40 hod\u00edn a z\u00edskate o tom <\/span><span style=\"font-weight: 400;\">Potvrdenie od organiz\u00e1cie\/organiz\u00e1ci\u00ed<\/span><span style=\"font-weight: 400;\">, pre ktor\u00e9 ste v roku 2016 dobrovo\u013en\u00edcky pracovali.<\/span><\/li>\n<\/ol>\n<ul>\n<li><span style=\"font-weight: 400;\">v da\u0148ovom priznan\u00ed pre fyzick\u00e9 osoby s\u00fa u\u017e uveden\u00e9 kol\u00f3nky na pouk\u00e1zanie 2% (3%) z dane v prospech 1 prij\u00edmate\u013ea<\/span><\/li>\n<li><span style=\"font-weight: 400;\">riadne vyplnen\u00e9 da\u0148ov\u00e9 priznanie doru\u010dte v lehote (zvy\u010dajne do 31.3.2017) na V\u00e1\u0161 da\u0148ov\u00fd \u00farad (pod\u013ea V\u00e1\u0161ho bydliska) a v tomto term\u00edne aj zapla\u0165te da\u0148 z pr\u00edjmov.<\/span><\/li>\n<\/ul>\n<p><span style=\"font-weight: 400;\">Adresy da\u0148ov\u00fdch \u00faradov n\u00e1jdete na str\u00e1nke <\/span><a href=\"https:\/\/www.financnasprava.sk\/sk\/elektronicke-sluzby\/verejne-sluzby\/zistenie-miestnej-prislusnost\"><span style=\"font-weight: 400;\">finan\u010dnej spr\u00e1vy<\/span><\/a><span style=\"font-weight: 400;\">.<\/span><\/p>\n<ul>\n<li><span style=\"font-weight: 400;\">ak ste pouk\u00e1zali 3% z dane, povinnou pr\u00edlohou k Vyhl\u00e1seniu a Potvrdeniu o zaplaten\u00ed dane je aj Potvrdenie o odpracovan\u00ed minim\u00e1lne 40 hod\u00edn dobrovo\u013en\u00edckej \u010dinnosti!<\/span><\/li>\n<\/ul>\n<p><b>NOVINKA od roku 2016:<\/b> <b>Ak chcete ozn\u00e1mi\u0165 prij\u00edmate\u013eovi, \u017ee ste mu Vy zaslali svoje 2%\/3%, za\u0161krtnite v tla\u010dive pr\u00edslu\u0161n\u00fd s\u00fahlas so zaslan\u00edm Va\u0161ich \u00fadajov (meno a adresa\u2026 NIE v\u0161ak pouk\u00e1zan\u00e1 suma)<\/b><\/p>\n<p><i><span style=\"font-weight: 400;\">Pozn\u00e1mky:<\/span><\/i><\/p>\n<ul>\n<li><i><span style=\"font-weight: 400;\">\u010c\u00edsla \u00fa\u010dtov prij\u00edmate\u013eov nepotrebujete, ani ich nikde neuv\u00e1dzate, nako\u013eko peniaze na \u00fa\u010dty prij\u00edmate\u013eov prev\u00e1dzaj\u00fa da\u0148ov\u00e9 \u00farady, nie Vy. Vy plat\u00edte cel\u00fa da\u0148 da\u0148ov\u00e9mu \u00faradu.<\/span><\/i><\/li>\n<li><i><span style=\"font-weight: 400;\">Okrem da\u0148ov\u00e9ho priznania pod\u00e1vate spolu s da\u0148ov\u00fdm priznan\u00edm na pouk\u00e1zanie 3% aj Potvrdenie o odpracovan\u00ed minim\u00e1lne 40 hod\u00edn dobrovo\u013en\u00edckej \u010dinnosti v roku 2016. Ak poukazujete iba 2% z dane, tak potom pod\u00e1vate iba samotn\u00e9 Da\u0148ov\u00e9 priznanie.<\/span><\/i><\/li>\n<li><i><span style=\"font-weight: 400;\">I\u010cO prij\u00edmate\u013ea sa do koloniek vypisuje z\u013eava. Ak organiz\u00e1cia nem\u00e1 SID, kol\u00f3nky na SID nechajte pr\u00e1zdne.<\/span><\/i><\/li>\n<li><i><span style=\"font-weight: 400;\">Na\u0161e zdru\u017eenie nem\u00e1 SID<\/span><\/i><\/li>\n<\/ul>\n<h3><b>PR\u00c1VNICK\u00c9 OSOBY \u2013 pouk\u00e1zanie 1,0% (2%)<\/b><\/h3>\n<p><b>POZOR:<\/b><\/p>\n<ul>\n<li><span style=\"font-weight: 400;\">\u00a0<\/span><span style=\"font-weight: 400;\">Ak pr\u00e1vnick\u00e1 osoba (firma) v roku 2016 a\u017e do term\u00ednu na podanie da\u0148ov\u00e9ho priznania a zaplatenie dane v roku 2017 (zvy\u010dajne do 31.3.2017) NEDAROVALA financie vo v\u00fd\u0161ke minim\u00e1lne 0,5% z dane na verejnoprospe\u0161n\u00fd \u00fa\u010del (aj inej organiz\u00e1cii, nemus\u00ed by\u0165 iba prij\u00edmate\u013eovi), tak m\u00f4\u017ee pouk\u00e1za\u0165 iba 1,0% z dane \u2013 vyzna\u010d\u00ed v da\u0148ovom priznan\u00ed, \u017ee poukazuje iba 1,0% z dane<\/span><\/li>\n<li><span style=\"font-weight: 400;\">Ak pr\u00e1vnick\u00e1 osoba (firma) v roku 2016 a\u017e do term\u00ednu na podanie da\u0148ov\u00e9ho priznania a zaplatenie dane v roku 2017 (zvy\u010dajne do 31.3.2017) DAROVALA financie vo v\u00fd\u0161ke minim\u00e1lne 0,5% z dane na verejnoprospe\u0161n\u00fd \u00fa\u010del (aj inej organiz\u00e1cii, nemus\u00ed by\u0165 iba prij\u00edmate\u013eovi), tak m\u00f4\u017ee pouk\u00e1za\u0165 2% z dane \u2013 ozna\u010d\u00ed v da\u0148ovom priznan\u00ed, \u017ee poukazuje 2% z dane (tak ako po minul\u00e9 roky)<\/span><\/li>\n<li><span style=\"font-weight: 400;\">Vypo\u010d\u00edtajte si Va\u0161e 1,0 % (2%) z dane z pr\u00edjmov pr\u00e1vnickej osoby. Minim\u00e1lna pouk\u00e1zan\u00e1 suma v prospech jedn\u00e9ho prij\u00edmate\u013ea je 8 Eur.<\/span><\/li>\n<li><span style=\"font-weight: 400;\">V da\u0148ovom priznan\u00ed \u010das\u0165 IV. s\u00fa u\u017e uveden\u00e9 kol\u00f3nky na pouk\u00e1zanie 1,0 % ( 2%) z dane v prospech 1 prij\u00edmate\u013ea<\/span><\/li>\n<li><span style=\"font-weight: 400;\">Pokia\u013e ste si vybrali viac prij\u00edmate\u013eov, vlo\u017ete do da\u0148ov\u00e9ho priznania \u010fal\u0161\u00ed list papiera ako pr\u00edlohu (je uveden\u00e1 na poslednej strane DP) a uve\u010fte tam analogicky v\u0161etky potrebn\u00e9 identifika\u010dn\u00e9 \u00fadaje o prij\u00edmate\u013eoch a sumu, ktor\u00fa chcete v ich prospech pouk\u00e1za\u0165. V kol\u00f3nke 4 uve\u010fte, ko\u013ek\u00fdm prij\u00edmate\u013eom chcete podiel zaplatenej dane pouk\u00e1za\u0165.<\/span><\/li>\n<li><span style=\"font-weight: 400;\">Riadne vyplnen\u00e9 da\u0148ov\u00e9 priznanie doru\u010dte v lehote, ktor\u00fa m\u00e1te na podanie da\u0148ov\u00e9ho priznania (zvy\u010dajne do 31.3.2017) na V\u00e1\u0161 da\u0148ov\u00fd \u00farad (zvy\u010dajne pod\u013ea V\u00e1\u0161ho s\u00eddla) a v tomto term\u00edne aj zapla\u0165te da\u0148 z pr\u00edjmov. Adresy da\u0148ov\u00fdch \u00faradov n\u00e1jdete na str\u00e1nke <\/span><a href=\"https:\/\/www.financnasprava.sk\/sk\/elektronicke-sluzby\/verejne-sluzby\/zistenie-miestnej-prislusnost\"><span style=\"font-weight: 400;\">finan\u010dnej spr\u00e1vy<\/span><\/a><span style=\"font-weight: 400;\">.<\/span><\/li>\n<\/ul>\n<p><b>NOVINKA od roku 2016:<\/b> <b>Ak s\u00fahlas\u00edte so zaslan\u00edm \u00fadajov (obchodn\u00e9 meno alebo n\u00e1zov, s\u00eddlo a pr\u00e1vna forma) vami ur\u010den\u00fdm prij\u00edmate\u013eom, tak za\u0161krtnite s\u00fahlas so zaslan\u00edm \u00fadajov.<\/b><\/p>\n<p><i><span style=\"font-weight: 400;\">Pozn\u00e1mky:<\/span><\/i><\/p>\n<ul>\n<li><i><span style=\"font-weight: 400;\">\u010c\u00edsla \u00fa\u010dtov prij\u00edmate\u013eov nepotrebujete, ani ich nikde neuv\u00e1dzate, nako\u013eko peniaze na \u00fa\u010dty prij\u00edmate\u013eov prev\u00e1dzaj\u00fa da\u0148ov\u00e9 \u00farady, nie Vy. Vy plat\u00edte cel\u00fa da\u0148 da\u0148ov\u00e9mu \u00faradu.<\/span><\/i><\/li>\n<li><i><span style=\"font-weight: 400;\">Okrem da\u0148ov\u00e9ho priznania u\u017e nepod\u00e1vate na pouk\u00e1zanie 2% z dane \u017eiadne in\u00e9 tla\u010div\u00e1, ako napr\u00edklad k\u00f3pie darovac\u00edch zml\u00fav, at\u010f. \u2013 tie s\u00fa d\u00f4le\u017eit\u00e9 pri a\u017e pri pr\u00edpadnej kontrole.<\/span><\/i><\/li>\n<li><i><span style=\"font-weight: 400;\">I\u010cO prij\u00edmate\u013ea sa do koloniek vypisuje z\u013eava<\/span><\/i><\/li>\n<li><i><span style=\"font-weight: 400;\">Na\u0161e zdru\u017eenie nem\u00e1 SID<\/span><\/i><\/li>\n<\/ul>\n<p><span style=\"font-weight: 400;\">Podrobnej\u0161ie inform\u00e1cie n\u00e1jdete aj na str\u00e1nke <\/span><a href=\"http:\/\/www.rozhodni.sk\/\"><span style=\"font-weight: 400;\">www.rozhodni.sk<\/span><\/a><span style=\"font-weight: 400;\">, pr\u00edpadne kontaktujte autora tohto pr\u00edspevku.<\/span><\/p>\n<h1 class=\"entry-title\"><\/h1>\n","protected":false},"excerpt":{"rendered":"<p>Na&scaron;e ob&#269;ianske zdru&#382;enie sme op&auml;&#357; zaregistrovali ako pr&iacute;jemcu 2% z Va&scaron;ich dan&iacute;. Peniaze chceme vyu&#382;i&#357; na priamu podporu det&iacute; a dospel&yacute;ch s cystickou fibr&oacute;zou. Sme si vedom&iacute;, &#382;e len s podporou V&aacute;s samotn&yacute;ch ako aj Va&scaron;ich rod&iacute;n a priate&#318;ov sa &hellip; <a href=\"https:\/\/slanedeti.sk\/cms\/2-pre-slane-deti-v-roku-2017\/1921\">Continued<\/a><\/p>\n","protected":false},"author":3,"featured_media":1922,"comment_status":"closed","ping_status":"closed","sticky":false,"template":"","format":"standard","meta":{"kt_blocks_editor_width":"","footnotes":""},"categories":[264],"tags":[],"class_list":["post-1921","post","type-post","status-publish","format-standard","has-post-thumbnail","hentry","category-priatelia-slanych-deti"],"yoast_head":"<!-- This site is optimized with the Yoast SEO plugin v27.4 - https:\/\/yoast.com\/product\/yoast-seo-wordpress\/ -->\n<title>2% pre slan\u00e9 deti v roku 2017 - Slan\u00e9 deti<\/title>\n<meta name=\"description\" content=\"2% pre slan\u00e9 deti v roku 2017\" \/>\n<meta name=\"robots\" content=\"index, follow, max-snippet:-1, max-image-preview:large, max-video-preview:-1\" \/>\n<link rel=\"canonical\" href=\"https:\/\/slanedeti.sk\/cms\/2-pre-slane-deti-v-roku-2017\/1921\" \/>\n<meta property=\"og:locale\" content=\"sk_SK\" \/>\n<meta property=\"og:type\" content=\"article\" \/>\n<meta property=\"og:title\" content=\"2% pre slan\u00e9 deti v roku 2017 - Slan\u00e9 deti\" \/>\n<meta property=\"og:description\" content=\"2% pre slan\u00e9 deti v roku 2017\" \/>\n<meta property=\"og:url\" content=\"https:\/\/slanedeti.sk\/cms\/2-pre-slane-deti-v-roku-2017\/1921\" \/>\n<meta property=\"og:site_name\" content=\"Slan\u00e9 deti\" \/>\n<meta property=\"article:publisher\" content=\"http:\/\/www.facebook.com\/slanedeti\" \/>\n<meta property=\"article:published_time\" content=\"2017-03-29T18:38:47+00:00\" \/>\n<meta property=\"article:modified_time\" content=\"2017-09-03T12:28:55+00:00\" \/>\n<meta property=\"og:image\" content=\"https:\/\/slanedeti.sk\/cms\/wp-content\/uploads\/2017\/03\/2percenta_2017.jpg\" \/>\n\t<meta property=\"og:image:width\" content=\"270\" \/>\n\t<meta property=\"og:image:height\" content=\"270\" \/>\n\t<meta property=\"og:image:type\" content=\"image\/jpeg\" \/>\n<meta name=\"author\" content=\"Kika\" \/>\n<meta name=\"twitter:label1\" content=\"Autor\" \/>\n\t<meta name=\"twitter:data1\" content=\"Kika\" \/>\n\t<meta name=\"twitter:label2\" content=\"Predpokladan\u00fd \u010das \u010d\u00edtania\" \/>\n\t<meta name=\"twitter:data2\" content=\"6 min\u00fat\" \/>\n<script type=\"application\/ld+json\" class=\"yoast-schema-graph\">{\"@context\":\"https:\\\/\\\/schema.org\",\"@graph\":[{\"@type\":\"Article\",\"@id\":\"https:\\\/\\\/slanedeti.sk\\\/cms\\\/2-pre-slane-deti-v-roku-2017\\\/1921#article\",\"isPartOf\":{\"@id\":\"https:\\\/\\\/slanedeti.sk\\\/cms\\\/2-pre-slane-deti-v-roku-2017\\\/1921\"},\"author\":{\"name\":\"Kika\",\"@id\":\"https:\\\/\\\/slanedeti.sk\\\/cms\\\/#\\\/schema\\\/person\\\/8d4185e268823ccbc166a1895f1b7938\"},\"headline\":\"2% pre slan\u00e9 deti v roku 2017\",\"datePublished\":\"2017-03-29T18:38:47+00:00\",\"dateModified\":\"2017-09-03T12:28:55+00:00\",\"mainEntityOfPage\":{\"@id\":\"https:\\\/\\\/slanedeti.sk\\\/cms\\\/2-pre-slane-deti-v-roku-2017\\\/1921\"},\"wordCount\":1232,\"image\":{\"@id\":\"https:\\\/\\\/slanedeti.sk\\\/cms\\\/2-pre-slane-deti-v-roku-2017\\\/1921#primaryimage\"},\"thumbnailUrl\":\"https:\\\/\\\/slanedeti.sk\\\/cms\\\/wp-content\\\/uploads\\\/2017\\\/03\\\/2percenta_2017.jpg\",\"articleSection\":[\"Priatelia slan\u00fdch det\u00ed\"],\"inLanguage\":\"sk-SK\"},{\"@type\":\"WebPage\",\"@id\":\"https:\\\/\\\/slanedeti.sk\\\/cms\\\/2-pre-slane-deti-v-roku-2017\\\/1921\",\"url\":\"https:\\\/\\\/slanedeti.sk\\\/cms\\\/2-pre-slane-deti-v-roku-2017\\\/1921\",\"name\":\"2% pre slan\u00e9 deti v roku 2017 - Slan\u00e9 deti\",\"isPartOf\":{\"@id\":\"https:\\\/\\\/slanedeti.sk\\\/cms\\\/#website\"},\"primaryImageOfPage\":{\"@id\":\"https:\\\/\\\/slanedeti.sk\\\/cms\\\/2-pre-slane-deti-v-roku-2017\\\/1921#primaryimage\"},\"image\":{\"@id\":\"https:\\\/\\\/slanedeti.sk\\\/cms\\\/2-pre-slane-deti-v-roku-2017\\\/1921#primaryimage\"},\"thumbnailUrl\":\"https:\\\/\\\/slanedeti.sk\\\/cms\\\/wp-content\\\/uploads\\\/2017\\\/03\\\/2percenta_2017.jpg\",\"datePublished\":\"2017-03-29T18:38:47+00:00\",\"dateModified\":\"2017-09-03T12:28:55+00:00\",\"author\":{\"@id\":\"https:\\\/\\\/slanedeti.sk\\\/cms\\\/#\\\/schema\\\/person\\\/8d4185e268823ccbc166a1895f1b7938\"},\"description\":\"2% pre slan\u00e9 deti v roku 2017\",\"inLanguage\":\"sk-SK\",\"potentialAction\":[{\"@type\":\"ReadAction\",\"target\":[\"https:\\\/\\\/slanedeti.sk\\\/cms\\\/2-pre-slane-deti-v-roku-2017\\\/1921\"]}]},{\"@type\":\"ImageObject\",\"inLanguage\":\"sk-SK\",\"@id\":\"https:\\\/\\\/slanedeti.sk\\\/cms\\\/2-pre-slane-deti-v-roku-2017\\\/1921#primaryimage\",\"url\":\"https:\\\/\\\/slanedeti.sk\\\/cms\\\/wp-content\\\/uploads\\\/2017\\\/03\\\/2percenta_2017.jpg\",\"contentUrl\":\"https:\\\/\\\/slanedeti.sk\\\/cms\\\/wp-content\\\/uploads\\\/2017\\\/03\\\/2percenta_2017.jpg\",\"width\":270,\"height\":270,\"caption\":\"2percenta_2017\"},{\"@type\":\"WebSite\",\"@id\":\"https:\\\/\\\/slanedeti.sk\\\/cms\\\/#website\",\"url\":\"https:\\\/\\\/slanedeti.sk\\\/cms\\\/\",\"name\":\"Slan\u00e9 deti\",\"description\":\"Inform\u00e1cie o cystickej fibr\u00f3ze\",\"potentialAction\":[{\"@type\":\"SearchAction\",\"target\":{\"@type\":\"EntryPoint\",\"urlTemplate\":\"https:\\\/\\\/slanedeti.sk\\\/cms\\\/?s={search_term_string}\"},\"query-input\":{\"@type\":\"PropertyValueSpecification\",\"valueRequired\":true,\"valueName\":\"search_term_string\"}}],\"inLanguage\":\"sk-SK\"},{\"@type\":\"Person\",\"@id\":\"https:\\\/\\\/slanedeti.sk\\\/cms\\\/#\\\/schema\\\/person\\\/8d4185e268823ccbc166a1895f1b7938\",\"name\":\"Kika\",\"url\":\"https:\\\/\\\/slanedeti.sk\\\/cms\\\/author\\\/kika\"}]}<\/script>\n<!-- \/ Yoast SEO plugin. -->","yoast_head_json":{"title":"2% pre slan\u00e9 deti v roku 2017 - Slan\u00e9 deti","description":"2% pre slan\u00e9 deti v roku 2017","robots":{"index":"index","follow":"follow","max-snippet":"max-snippet:-1","max-image-preview":"max-image-preview:large","max-video-preview":"max-video-preview:-1"},"canonical":"https:\/\/slanedeti.sk\/cms\/2-pre-slane-deti-v-roku-2017\/1921","og_locale":"sk_SK","og_type":"article","og_title":"2% pre slan\u00e9 deti v roku 2017 - Slan\u00e9 deti","og_description":"2% pre slan\u00e9 deti v roku 2017","og_url":"https:\/\/slanedeti.sk\/cms\/2-pre-slane-deti-v-roku-2017\/1921","og_site_name":"Slan\u00e9 deti","article_publisher":"http:\/\/www.facebook.com\/slanedeti","article_published_time":"2017-03-29T18:38:47+00:00","article_modified_time":"2017-09-03T12:28:55+00:00","og_image":[{"width":270,"height":270,"url":"https:\/\/slanedeti.sk\/cms\/wp-content\/uploads\/2017\/03\/2percenta_2017.jpg","type":"image\/jpeg"}],"author":"Kika","twitter_misc":{"Autor":"Kika","Predpokladan\u00fd \u010das \u010d\u00edtania":"6 min\u00fat"},"schema":{"@context":"https:\/\/schema.org","@graph":[{"@type":"Article","@id":"https:\/\/slanedeti.sk\/cms\/2-pre-slane-deti-v-roku-2017\/1921#article","isPartOf":{"@id":"https:\/\/slanedeti.sk\/cms\/2-pre-slane-deti-v-roku-2017\/1921"},"author":{"name":"Kika","@id":"https:\/\/slanedeti.sk\/cms\/#\/schema\/person\/8d4185e268823ccbc166a1895f1b7938"},"headline":"2% pre slan\u00e9 deti v roku 2017","datePublished":"2017-03-29T18:38:47+00:00","dateModified":"2017-09-03T12:28:55+00:00","mainEntityOfPage":{"@id":"https:\/\/slanedeti.sk\/cms\/2-pre-slane-deti-v-roku-2017\/1921"},"wordCount":1232,"image":{"@id":"https:\/\/slanedeti.sk\/cms\/2-pre-slane-deti-v-roku-2017\/1921#primaryimage"},"thumbnailUrl":"https:\/\/slanedeti.sk\/cms\/wp-content\/uploads\/2017\/03\/2percenta_2017.jpg","articleSection":["Priatelia slan\u00fdch det\u00ed"],"inLanguage":"sk-SK"},{"@type":"WebPage","@id":"https:\/\/slanedeti.sk\/cms\/2-pre-slane-deti-v-roku-2017\/1921","url":"https:\/\/slanedeti.sk\/cms\/2-pre-slane-deti-v-roku-2017\/1921","name":"2% pre slan\u00e9 deti v roku 2017 - Slan\u00e9 deti","isPartOf":{"@id":"https:\/\/slanedeti.sk\/cms\/#website"},"primaryImageOfPage":{"@id":"https:\/\/slanedeti.sk\/cms\/2-pre-slane-deti-v-roku-2017\/1921#primaryimage"},"image":{"@id":"https:\/\/slanedeti.sk\/cms\/2-pre-slane-deti-v-roku-2017\/1921#primaryimage"},"thumbnailUrl":"https:\/\/slanedeti.sk\/cms\/wp-content\/uploads\/2017\/03\/2percenta_2017.jpg","datePublished":"2017-03-29T18:38:47+00:00","dateModified":"2017-09-03T12:28:55+00:00","author":{"@id":"https:\/\/slanedeti.sk\/cms\/#\/schema\/person\/8d4185e268823ccbc166a1895f1b7938"},"description":"2% pre slan\u00e9 deti v roku 2017","inLanguage":"sk-SK","potentialAction":[{"@type":"ReadAction","target":["https:\/\/slanedeti.sk\/cms\/2-pre-slane-deti-v-roku-2017\/1921"]}]},{"@type":"ImageObject","inLanguage":"sk-SK","@id":"https:\/\/slanedeti.sk\/cms\/2-pre-slane-deti-v-roku-2017\/1921#primaryimage","url":"https:\/\/slanedeti.sk\/cms\/wp-content\/uploads\/2017\/03\/2percenta_2017.jpg","contentUrl":"https:\/\/slanedeti.sk\/cms\/wp-content\/uploads\/2017\/03\/2percenta_2017.jpg","width":270,"height":270,"caption":"2percenta_2017"},{"@type":"WebSite","@id":"https:\/\/slanedeti.sk\/cms\/#website","url":"https:\/\/slanedeti.sk\/cms\/","name":"Slan\u00e9 deti","description":"Inform\u00e1cie o cystickej fibr\u00f3ze","potentialAction":[{"@type":"SearchAction","target":{"@type":"EntryPoint","urlTemplate":"https:\/\/slanedeti.sk\/cms\/?s={search_term_string}"},"query-input":{"@type":"PropertyValueSpecification","valueRequired":true,"valueName":"search_term_string"}}],"inLanguage":"sk-SK"},{"@type":"Person","@id":"https:\/\/slanedeti.sk\/cms\/#\/schema\/person\/8d4185e268823ccbc166a1895f1b7938","name":"Kika","url":"https:\/\/slanedeti.sk\/cms\/author\/kika"}]}},"_links":{"self":[{"href":"https:\/\/slanedeti.sk\/cms\/wp-json\/wp\/v2\/posts\/1921","targetHints":{"allow":["GET"]}}],"collection":[{"href":"https:\/\/slanedeti.sk\/cms\/wp-json\/wp\/v2\/posts"}],"about":[{"href":"https:\/\/slanedeti.sk\/cms\/wp-json\/wp\/v2\/types\/post"}],"author":[{"embeddable":true,"href":"https:\/\/slanedeti.sk\/cms\/wp-json\/wp\/v2\/users\/3"}],"replies":[{"embeddable":true,"href":"https:\/\/slanedeti.sk\/cms\/wp-json\/wp\/v2\/comments?post=1921"}],"version-history":[{"count":0,"href":"https:\/\/slanedeti.sk\/cms\/wp-json\/wp\/v2\/posts\/1921\/revisions"}],"wp:featuredmedia":[{"embeddable":true,"href":"https:\/\/slanedeti.sk\/cms\/wp-json\/wp\/v2\/media\/1922"}],"wp:attachment":[{"href":"https:\/\/slanedeti.sk\/cms\/wp-json\/wp\/v2\/media?parent=1921"}],"wp:term":[{"taxonomy":"category","embeddable":true,"href":"https:\/\/slanedeti.sk\/cms\/wp-json\/wp\/v2\/categories?post=1921"},{"taxonomy":"post_tag","embeddable":true,"href":"https:\/\/slanedeti.sk\/cms\/wp-json\/wp\/v2\/tags?post=1921"}],"curies":[{"name":"wp","href":"https:\/\/api.w.org\/{rel}","templated":true}]}}