{"id":1883,"date":"2017-01-08T19:00:47","date_gmt":"2017-01-08T18:00:47","guid":{"rendered":"http:\/\/slanedeti.sk\/cms\/?p=1883"},"modified":"2017-09-03T12:58:28","modified_gmt":"2017-09-03T11:58:28","slug":"novy-inhalator-flaem-nebulair","status":"publish","type":"post","link":"https:\/\/slanedeti.sk\/cms\/novy-inhalator-flaem-nebulair\/1883","title":{"rendered":"Nov\u00fd inhal\u00e1tor Flaem NebulAIR"},"content":{"rendered":"<p><span style=\"font-weight: 400;\">Od 1.10.2016 sa firme Ferdinand Menzl lek\u00e1rska technika podarilo zaregistrova\u0165 dva nov\u00e9 inhala\u010dn\u00e9 pr\u00edstroje\u00a0<\/span><span style=\"font-weight: 400;\">NebulAIR a\u00a0<\/span>Nebaid.\u00a0<span style=\"font-weight: 400;\">Oba inhal\u00e1tory s\u00fa plne hraden\u00e9 zdravotnou pois\u0165ov\u0148ou.<\/span><\/p>\n<h4>NebulAIR<\/h4>\n<p><span style=\"font-weight: 400;\">Pre pacientov s cystickou fibr\u00f3zou je vhodnej\u0161\u00ed pr\u00edstroj NebulAIR, ktor\u00fd vyr\u00e1ba talianska firma FLAEM:<\/span><\/p>\n<ul>\n<li style=\"font-weight: 400;\"><span style=\"font-weight: 400;\">kon\u0161truovan\u00fd na pravideln\u00e9 inhal\u00e1cie, <\/span><\/li>\n<li style=\"font-weight: 400;\"><span style=\"font-weight: 400;\">v\u00fdkonn\u00fd s max. tlakom 3,5 Bar a preto je vhodn\u00fd aj pre hustej\u0161ie lie\u010div\u00e1<\/span><\/li>\n<li style=\"font-weight: 400;\"><span style=\"font-weight: 400;\">je vybaven\u00fd nov\u00fdm typom sterilizovate\u013en\u00e9ho nebuliz\u00e9ra RapidFlaem 7 \u00a0&#8211; RF7, ktor\u00fd dosahuje lep\u0161ie v\u00fdsledky ako doteraz hraden\u00fd PARI BOY SX<\/span><\/li>\n<li style=\"font-weight: 400;\"><span style=\"font-weight: 400;\">skladn\u00fd a \u013eahko prenosn\u00fd (vy\u017eaduje 230V)<\/span><\/li>\n<li style=\"font-weight: 400;\"><span style=\"font-weight: 400;\"> vhodn\u00fd pre v\u0161etky vekov\u00e9 kateg\u00f3rie<\/span><\/li>\n<\/ul>\n<p><span style=\"font-weight: 400;\">Rak\u00faska firma Menzl pon\u00faka tieto pr\u00edstroje u\u017e viac ako 8 rokov na dom\u00e1com trhu. Pr\u00edstroje potvrdzuj\u00fa svoju odolnos\u0165 a \u017eivotnos\u0165.<\/span><\/p>\n<p><img loading=\"lazy\" decoding=\"async\" class=\"aligncenter size-full wp-image-1885\" src=\"https:\/\/slanedeti.sk\/cms\/wp-content\/uploads\/2017\/01\/nebulAIR1.jpg\" alt=\"nebulair\" width=\"354\" height=\"327\" srcset=\"https:\/\/slanedeti.sk\/cms\/wp-content\/uploads\/2017\/01\/nebulAIR1.jpg 354w, https:\/\/slanedeti.sk\/cms\/wp-content\/uploads\/2017\/01\/nebulAIR1-300x277.jpg 300w\" sizes=\"auto, (max-width: 354px) 100vw, 354px\" \/><\/p>\n<h4>RF7<\/h4>\n<p><span style=\"font-weight: 400;\">Nebuliz\u00e9r RF7 je navrhnut\u00fd pre efekt\u00edvnu lie\u010dbu centr\u00e1lnych a perif\u00e9rnych d\u00fdchac\u00edch ciest a je vhodn\u00fd pre v\u0161etk\u00fd be\u017en\u00e9 inhala\u010dn\u00e9 lie\u010div\u00e1. V spojen\u00ed s inhal\u00e1torom NebulAIR generuje tento nebuliz\u00e9r mimoriadne jemn\u00e9 \u010diasto\u010dky a t\u00fdm je optim\u00e1lnym rie\u0161en\u00edm pre lie\u010dbu doln\u00fdch d\u00fdchac\u00edch ciest.<\/span><\/p>\n<p><span style=\"font-weight: 400;\">Pomocou nov\u00e9ho ventilov\u00e9ho syst\u00e9mu dok\u00e1\u017ee RF7 nebuliz\u00e9r meni\u0165 inhala\u010dn\u00fa r\u00fdchlos\u0165:<\/span><\/p>\n<ul>\n<li style=\"font-weight: 400;\"><span style=\"font-weight: 400;\">v polohe <strong>MIN<\/strong> optimalizuje \u010do najlep\u0161ie vyu\u017eitie a \u00fa\u010dinnos\u0165 aeros\u00f3lu<\/span><\/li>\n<li style=\"font-weight: 400;\"><span style=\"font-weight: 400;\">v polohe <strong>MAX<\/strong> sa zr\u00fdchli inhala\u010dn\u00fd \u010das na \u00fakor ni\u017e\u0161ej \u00fa\u010dinnosti aeros\u00f3lu<\/span><\/li>\n<\/ul>\n<p><span style=\"font-weight: 400;\">RF7 nebuliz\u00e9r mo\u017eno sterilizova\u0165 v autokl\u00e1ve (121\u00b0C pri 1 bar) a dezinfikova\u0165 be\u017en\u00fdmi pr\u00edpravkami vhodn\u00fdmi na plasty. V dom\u00e1cich podmienkach je mo\u017en\u00e9 pou\u017ei\u0165 vaporiz\u00e9r alebo vyvari\u0165 v \u010distej vriacej vode.<\/span><\/p>\n<p><span style=\"font-weight: 400;\">V\u00fdhody nebuliz\u00e9ra RF7:<\/span><\/p>\n<ul>\n<li style=\"font-weight: 400;\"><span style=\"font-weight: 400;\">\u00fa\u010dinnos\u0165 aeros\u00f3lu (84% pri \u010dasticiach men\u0161\u00edch ako 5\u03bcm)<\/span><\/li>\n<li style=\"font-weight: 400;\"><span style=\"font-weight: 400;\">sterilizovate\u013en\u00fd<\/span><\/li>\n<li style=\"font-weight: 400;\"><span style=\"font-weight: 400;\">efekt\u00edvne a r\u00fdchle rozpra\u0161ovanie<\/span><\/li>\n<\/ul>\n<p><span style=\"font-weight: 400;\"> V pr\u00edpade z\u00edskania inhal\u00e1tora a nebuliz\u00e9ra formou poukazu od zdravotnej pois\u0165ovne pacient dostane kompletn\u00fd bal\u00edk pr\u00edslu\u0161enstva:<\/span><\/p>\n<ul>\n<li><span style=\"font-weight: 400;\">detsk\u00e1 maska<\/span><\/li>\n<li><span style=\"font-weight: 400;\">maska pre dospel\u00fdch<\/span><\/li>\n<li><span style=\"font-weight: 400;\">n\u00e1ustok s ventilom<\/span><\/li>\n<li><span style=\"font-weight: 400;\">nosov\u00fd n\u00e1stavec pre dospel\u00fdch<\/span><\/li>\n<li><span style=\"font-weight: 400;\">nosov\u00fd n\u00e1stavec \u00a0pre deti<\/span><\/li>\n<li><span style=\"font-weight: 400;\">manu\u00e1lny preru\u0161ova\u010d<\/span><\/li>\n<\/ul>\n<p><span style=\"font-weight: 400;\">Pozn.: Ak si pacient zak\u00fapi nebuliz\u00e9r je \u0161tandardn\u00fdm pr\u00edslu\u0161enstvom len n\u00e1ustok s ventilom. Ostatn\u00e9 \u010dasti si mus\u00ed doobjedna\u0165.<\/span><\/p>\n<p>&nbsp;<\/p>\n<p><em><span style=\"font-weight: 400;\">zdroj: firma Menzl<\/span><\/em><\/p>\n","protected":false},"excerpt":{"rendered":"<p>Od 1.10.2016 sa firme Ferdinand Menzl lek\u00e1rska technika podarilo zaregistrova\u0165 dva nov\u00e9 inhala\u010dn\u00e9 pr\u00edstroje NebulAIR a Nebaid. Oba inhal\u00e1tory s\u00fa plne hraden\u00e9 zdravotnou pois\u0165ov\u0148ou.<\/p>\n","protected":false},"author":3,"featured_media":1884,"comment_status":"closed","ping_status":"closed","sticky":false,"template":"","format":"standard","meta":{"kt_blocks_editor_width":"","footnotes":""},"categories":[247],"tags":[],"class_list":["post-1883","post","type-post","status-publish","format-standard","has-post-thumbnail","hentry","category-pristroje-pomocky"],"yoast_head":"<!-- This site is optimized with the Yoast SEO plugin v27.5 - https:\/\/yoast.com\/product\/yoast-seo-wordpress\/ -->\n<title>Nov\u00fd inhal\u00e1tor Flaem NebulAIR - Slan\u00e9 deti<\/title>\n<meta name=\"description\" content=\"NebulAIR je nov\u00fd inhal\u00e1tor, ktor\u00fd plne hrad\u00ed pois\u0165ov\u0148a.\" \/>\n<meta name=\"robots\" content=\"index, follow, max-snippet:-1, max-image-preview:large, max-video-preview:-1\" \/>\n<link rel=\"canonical\" href=\"https:\/\/slanedeti.sk\/cms\/novy-inhalator-flaem-nebulair\/1883\" \/>\n<meta property=\"og:locale\" content=\"sk_SK\" \/>\n<meta property=\"og:type\" content=\"article\" \/>\n<meta property=\"og:title\" content=\"Nov\u00fd inhal\u00e1tor Flaem NebulAIR - Slan\u00e9 deti\" \/>\n<meta property=\"og:description\" content=\"NebulAIR je nov\u00fd inhal\u00e1tor, ktor\u00fd plne hrad\u00ed pois\u0165ov\u0148a.\" \/>\n<meta property=\"og:url\" content=\"https:\/\/slanedeti.sk\/cms\/novy-inhalator-flaem-nebulair\/1883\" \/>\n<meta property=\"og:site_name\" content=\"Slan\u00e9 deti\" \/>\n<meta property=\"article:publisher\" content=\"http:\/\/www.facebook.com\/slanedeti\" \/>\n<meta property=\"article:published_time\" content=\"2017-01-08T18:00:47+00:00\" \/>\n<meta property=\"article:modified_time\" content=\"2017-09-03T11:58:28+00:00\" \/>\n<meta property=\"og:image\" content=\"https:\/\/slanedeti.sk\/cms\/wp-content\/uploads\/2017\/01\/nebulAIR2.jpg\" \/>\n\t<meta property=\"og:image:width\" content=\"270\" \/>\n\t<meta property=\"og:image:height\" content=\"270\" \/>\n\t<meta property=\"og:image:type\" content=\"image\/jpeg\" \/>\n<meta name=\"author\" content=\"Kika\" \/>\n<meta name=\"twitter:label1\" content=\"Autor\" \/>\n\t<meta name=\"twitter:data1\" content=\"Kika\" \/>\n\t<meta name=\"twitter:label2\" content=\"Predpokladan\u00fd \u010das \u010d\u00edtania\" \/>\n\t<meta name=\"twitter:data2\" content=\"2 min\u00faty\" \/>\n<script type=\"application\/ld+json\" class=\"yoast-schema-graph\">{\"@context\":\"https:\\\/\\\/schema.org\",\"@graph\":[{\"@type\":\"Article\",\"@id\":\"https:\\\/\\\/slanedeti.sk\\\/cms\\\/novy-inhalator-flaem-nebulair\\\/1883#article\",\"isPartOf\":{\"@id\":\"https:\\\/\\\/slanedeti.sk\\\/cms\\\/novy-inhalator-flaem-nebulair\\\/1883\"},\"author\":{\"name\":\"Kika\",\"@id\":\"https:\\\/\\\/slanedeti.sk\\\/cms\\\/#\\\/schema\\\/person\\\/8d4185e268823ccbc166a1895f1b7938\"},\"headline\":\"Nov\u00fd inhal\u00e1tor Flaem NebulAIR\",\"datePublished\":\"2017-01-08T18:00:47+00:00\",\"dateModified\":\"2017-09-03T11:58:28+00:00\",\"mainEntityOfPage\":{\"@id\":\"https:\\\/\\\/slanedeti.sk\\\/cms\\\/novy-inhalator-flaem-nebulair\\\/1883\"},\"wordCount\":387,\"image\":{\"@id\":\"https:\\\/\\\/slanedeti.sk\\\/cms\\\/novy-inhalator-flaem-nebulair\\\/1883#primaryimage\"},\"thumbnailUrl\":\"https:\\\/\\\/slanedeti.sk\\\/cms\\\/wp-content\\\/uploads\\\/2017\\\/01\\\/nebulAIR2.jpg\",\"articleSection\":[\"Pr\u00edstroje a pom\u00f4cky\"],\"inLanguage\":\"sk-SK\"},{\"@type\":\"WebPage\",\"@id\":\"https:\\\/\\\/slanedeti.sk\\\/cms\\\/novy-inhalator-flaem-nebulair\\\/1883\",\"url\":\"https:\\\/\\\/slanedeti.sk\\\/cms\\\/novy-inhalator-flaem-nebulair\\\/1883\",\"name\":\"Nov\u00fd inhal\u00e1tor Flaem NebulAIR - Slan\u00e9 deti\",\"isPartOf\":{\"@id\":\"https:\\\/\\\/slanedeti.sk\\\/cms\\\/#website\"},\"primaryImageOfPage\":{\"@id\":\"https:\\\/\\\/slanedeti.sk\\\/cms\\\/novy-inhalator-flaem-nebulair\\\/1883#primaryimage\"},\"image\":{\"@id\":\"https:\\\/\\\/slanedeti.sk\\\/cms\\\/novy-inhalator-flaem-nebulair\\\/1883#primaryimage\"},\"thumbnailUrl\":\"https:\\\/\\\/slanedeti.sk\\\/cms\\\/wp-content\\\/uploads\\\/2017\\\/01\\\/nebulAIR2.jpg\",\"datePublished\":\"2017-01-08T18:00:47+00:00\",\"dateModified\":\"2017-09-03T11:58:28+00:00\",\"author\":{\"@id\":\"https:\\\/\\\/slanedeti.sk\\\/cms\\\/#\\\/schema\\\/person\\\/8d4185e268823ccbc166a1895f1b7938\"},\"description\":\"NebulAIR je nov\u00fd inhal\u00e1tor, ktor\u00fd plne hrad\u00ed pois\u0165ov\u0148a.\",\"inLanguage\":\"sk-SK\",\"potentialAction\":[{\"@type\":\"ReadAction\",\"target\":[\"https:\\\/\\\/slanedeti.sk\\\/cms\\\/novy-inhalator-flaem-nebulair\\\/1883\"]}]},{\"@type\":\"ImageObject\",\"inLanguage\":\"sk-SK\",\"@id\":\"https:\\\/\\\/slanedeti.sk\\\/cms\\\/novy-inhalator-flaem-nebulair\\\/1883#primaryimage\",\"url\":\"https:\\\/\\\/slanedeti.sk\\\/cms\\\/wp-content\\\/uploads\\\/2017\\\/01\\\/nebulAIR2.jpg\",\"contentUrl\":\"https:\\\/\\\/slanedeti.sk\\\/cms\\\/wp-content\\\/uploads\\\/2017\\\/01\\\/nebulAIR2.jpg\",\"width\":270,\"height\":270,\"caption\":\"nebulair\"},{\"@type\":\"WebSite\",\"@id\":\"https:\\\/\\\/slanedeti.sk\\\/cms\\\/#website\",\"url\":\"https:\\\/\\\/slanedeti.sk\\\/cms\\\/\",\"name\":\"Slan\u00e9 deti\",\"description\":\"Inform\u00e1cie o cystickej fibr\u00f3ze\",\"potentialAction\":[{\"@type\":\"SearchAction\",\"target\":{\"@type\":\"EntryPoint\",\"urlTemplate\":\"https:\\\/\\\/slanedeti.sk\\\/cms\\\/?s={search_term_string}\"},\"query-input\":{\"@type\":\"PropertyValueSpecification\",\"valueRequired\":true,\"valueName\":\"search_term_string\"}}],\"inLanguage\":\"sk-SK\"},{\"@type\":\"Person\",\"@id\":\"https:\\\/\\\/slanedeti.sk\\\/cms\\\/#\\\/schema\\\/person\\\/8d4185e268823ccbc166a1895f1b7938\",\"name\":\"Kika\",\"url\":\"https:\\\/\\\/slanedeti.sk\\\/cms\\\/author\\\/kika\"}]}<\/script>\n<!-- \/ Yoast SEO plugin. -->","yoast_head_json":{"title":"Nov\u00fd inhal\u00e1tor Flaem NebulAIR - Slan\u00e9 deti","description":"NebulAIR je nov\u00fd inhal\u00e1tor, ktor\u00fd plne hrad\u00ed pois\u0165ov\u0148a.","robots":{"index":"index","follow":"follow","max-snippet":"max-snippet:-1","max-image-preview":"max-image-preview:large","max-video-preview":"max-video-preview:-1"},"canonical":"https:\/\/slanedeti.sk\/cms\/novy-inhalator-flaem-nebulair\/1883","og_locale":"sk_SK","og_type":"article","og_title":"Nov\u00fd inhal\u00e1tor Flaem NebulAIR - Slan\u00e9 deti","og_description":"NebulAIR je nov\u00fd inhal\u00e1tor, ktor\u00fd plne hrad\u00ed pois\u0165ov\u0148a.","og_url":"https:\/\/slanedeti.sk\/cms\/novy-inhalator-flaem-nebulair\/1883","og_site_name":"Slan\u00e9 deti","article_publisher":"http:\/\/www.facebook.com\/slanedeti","article_published_time":"2017-01-08T18:00:47+00:00","article_modified_time":"2017-09-03T11:58:28+00:00","og_image":[{"width":270,"height":270,"url":"https:\/\/slanedeti.sk\/cms\/wp-content\/uploads\/2017\/01\/nebulAIR2.jpg","type":"image\/jpeg"}],"author":"Kika","twitter_misc":{"Autor":"Kika","Predpokladan\u00fd \u010das \u010d\u00edtania":"2 min\u00faty"},"schema":{"@context":"https:\/\/schema.org","@graph":[{"@type":"Article","@id":"https:\/\/slanedeti.sk\/cms\/novy-inhalator-flaem-nebulair\/1883#article","isPartOf":{"@id":"https:\/\/slanedeti.sk\/cms\/novy-inhalator-flaem-nebulair\/1883"},"author":{"name":"Kika","@id":"https:\/\/slanedeti.sk\/cms\/#\/schema\/person\/8d4185e268823ccbc166a1895f1b7938"},"headline":"Nov\u00fd inhal\u00e1tor Flaem NebulAIR","datePublished":"2017-01-08T18:00:47+00:00","dateModified":"2017-09-03T11:58:28+00:00","mainEntityOfPage":{"@id":"https:\/\/slanedeti.sk\/cms\/novy-inhalator-flaem-nebulair\/1883"},"wordCount":387,"image":{"@id":"https:\/\/slanedeti.sk\/cms\/novy-inhalator-flaem-nebulair\/1883#primaryimage"},"thumbnailUrl":"https:\/\/slanedeti.sk\/cms\/wp-content\/uploads\/2017\/01\/nebulAIR2.jpg","articleSection":["Pr\u00edstroje a pom\u00f4cky"],"inLanguage":"sk-SK"},{"@type":"WebPage","@id":"https:\/\/slanedeti.sk\/cms\/novy-inhalator-flaem-nebulair\/1883","url":"https:\/\/slanedeti.sk\/cms\/novy-inhalator-flaem-nebulair\/1883","name":"Nov\u00fd inhal\u00e1tor Flaem NebulAIR - Slan\u00e9 deti","isPartOf":{"@id":"https:\/\/slanedeti.sk\/cms\/#website"},"primaryImageOfPage":{"@id":"https:\/\/slanedeti.sk\/cms\/novy-inhalator-flaem-nebulair\/1883#primaryimage"},"image":{"@id":"https:\/\/slanedeti.sk\/cms\/novy-inhalator-flaem-nebulair\/1883#primaryimage"},"thumbnailUrl":"https:\/\/slanedeti.sk\/cms\/wp-content\/uploads\/2017\/01\/nebulAIR2.jpg","datePublished":"2017-01-08T18:00:47+00:00","dateModified":"2017-09-03T11:58:28+00:00","author":{"@id":"https:\/\/slanedeti.sk\/cms\/#\/schema\/person\/8d4185e268823ccbc166a1895f1b7938"},"description":"NebulAIR je nov\u00fd inhal\u00e1tor, ktor\u00fd plne hrad\u00ed pois\u0165ov\u0148a.","inLanguage":"sk-SK","potentialAction":[{"@type":"ReadAction","target":["https:\/\/slanedeti.sk\/cms\/novy-inhalator-flaem-nebulair\/1883"]}]},{"@type":"ImageObject","inLanguage":"sk-SK","@id":"https:\/\/slanedeti.sk\/cms\/novy-inhalator-flaem-nebulair\/1883#primaryimage","url":"https:\/\/slanedeti.sk\/cms\/wp-content\/uploads\/2017\/01\/nebulAIR2.jpg","contentUrl":"https:\/\/slanedeti.sk\/cms\/wp-content\/uploads\/2017\/01\/nebulAIR2.jpg","width":270,"height":270,"caption":"nebulair"},{"@type":"WebSite","@id":"https:\/\/slanedeti.sk\/cms\/#website","url":"https:\/\/slanedeti.sk\/cms\/","name":"Slan\u00e9 deti","description":"Inform\u00e1cie o cystickej fibr\u00f3ze","potentialAction":[{"@type":"SearchAction","target":{"@type":"EntryPoint","urlTemplate":"https:\/\/slanedeti.sk\/cms\/?s={search_term_string}"},"query-input":{"@type":"PropertyValueSpecification","valueRequired":true,"valueName":"search_term_string"}}],"inLanguage":"sk-SK"},{"@type":"Person","@id":"https:\/\/slanedeti.sk\/cms\/#\/schema\/person\/8d4185e268823ccbc166a1895f1b7938","name":"Kika","url":"https:\/\/slanedeti.sk\/cms\/author\/kika"}]}},"_links":{"self":[{"href":"https:\/\/slanedeti.sk\/cms\/wp-json\/wp\/v2\/posts\/1883","targetHints":{"allow":["GET"]}}],"collection":[{"href":"https:\/\/slanedeti.sk\/cms\/wp-json\/wp\/v2\/posts"}],"about":[{"href":"https:\/\/slanedeti.sk\/cms\/wp-json\/wp\/v2\/types\/post"}],"author":[{"embeddable":true,"href":"https:\/\/slanedeti.sk\/cms\/wp-json\/wp\/v2\/users\/3"}],"replies":[{"embeddable":true,"href":"https:\/\/slanedeti.sk\/cms\/wp-json\/wp\/v2\/comments?post=1883"}],"version-history":[{"count":0,"href":"https:\/\/slanedeti.sk\/cms\/wp-json\/wp\/v2\/posts\/1883\/revisions"}],"wp:featuredmedia":[{"embeddable":true,"href":"https:\/\/slanedeti.sk\/cms\/wp-json\/wp\/v2\/media\/1884"}],"wp:attachment":[{"href":"https:\/\/slanedeti.sk\/cms\/wp-json\/wp\/v2\/media?parent=1883"}],"wp:term":[{"taxonomy":"category","embeddable":true,"href":"https:\/\/slanedeti.sk\/cms\/wp-json\/wp\/v2\/categories?post=1883"},{"taxonomy":"post_tag","embeddable":true,"href":"https:\/\/slanedeti.sk\/cms\/wp-json\/wp\/v2\/tags?post=1883"}],"curies":[{"name":"wp","href":"https:\/\/api.w.org\/{rel}","templated":true}]}}