{"id":1867,"date":"2016-11-13T18:28:51","date_gmt":"2016-11-13T17:28:51","guid":{"rendered":"http:\/\/slanedeti.sk\/cms\/?p=1867"},"modified":"2016-11-13T18:31:58","modified_gmt":"2016-11-13T17:31:58","slug":"prevalencia-cystickej-fibrozy-na-mape","status":"publish","type":"post","link":"https:\/\/slanedeti.sk\/cms\/prevalencia-cystickej-fibrozy-na-mape\/1867","title":{"rendered":"Prevalencia cystickej fibr\u00f3zy na mape Eur\u00f3py"},"content":{"rendered":"<p><span style=\"font-weight: 400;\">Mapa zn\u00e1zor\u0148uje prevalenciu pr\u00edpadov cystickej fibr\u00f3zy (\u010falej CF) v Eur\u00f3pskej \u00fanii ako po\u010det na 10 000 obyvate\u013eov (\u017eiv\u00fdch jedincov pod\u013ea registra pacientov, \u00fadaje s\u00fa z roku 2008). Je mo\u017en\u00e9 pozorova\u0165 dva hlavn\u00e9 ur\u010duj\u00face faktory, ktor\u00e9 sa vz\u00e1jomne kombinuj\u00fa: faktory popula\u010dnej genetiky a ekonomick\u00fa \u00farove\u0148 danej krajiny. Pod popula\u010dnou genetikou rozumieme zast\u00fapenie mut\u00e1cii CFTR g\u00e9nu, \u010do je v\u00fdsledkom dlhodob\u00e9ho evolu\u010dn\u00e9ho tlaku. Mut\u00e1cie CFTR g\u00e9nu s\u00fa roz\u0161\u00edrenej\u0161ie v seversk\u00fdch popul\u00e1ci\u00e1ch. Je zn\u00e1me, \u017ee najvy\u0161\u0161\u00ed v\u00fdskyt CF na po\u010det obyvate\u013eov je v \u00cdrsku, \u010do je d\u00f4sledok toho, \u017ee ve\u013ek\u00e1 \u010das\u0165 popul\u00e1cie je \u201cnosi\u010dom\u201c mutovan\u00e9ho g\u00e9nu. Zauj\u00edmav\u00fd je aj pr\u00edklad F\u00ednska, ktor\u00e9 nezapad\u00e1 do obrazu seversk\u00fdch kraj\u00edn, \u010do je d\u00f4sledkom genetickej odli\u0161nosti tamoj\u0161ej popul\u00e1cie. O nie\u010do roz\u0161\u00edrenej\u0161ie s\u00fa mut\u00e1cie CFTR g\u00e9nu v z\u00e1padnej Eur\u00f3pe oproti v\u00fdchodu, ale tu v\u00e4\u010d\u0161iu \u00falohu zohr\u00e1va ekonomick\u00e1 \u00farove\u0148 krajiny \u2013 v bohat\u0161\u00edch z\u00e1padoeur\u00f3pskych krajin\u00e1ch bol sk\u00f4r zaveden\u00fd celoplo\u0161n\u00fd skr\u00edning a v\u010faka lep\u0161ej lie\u010dbe sa pacienti do\u017e\u00edvaj\u00fa vy\u0161\u0161ieho veku a je ich teda celkovo viac.<\/span><\/p>\n<p><span style=\"font-weight: 400;\">S\u00fa\u010dasn\u00e1 prevalencia je oproti \u00fadajom z roku 2008 vy\u0161\u0161ia (v\u010faka roz\u0161\u00edrenej\u0161ej diagnostike a zlep\u0161enej lie\u010dbe), medzi krajinami nie s\u00fa \u00fadaje z Chorv\u00e1tska, ktor\u00e9 vst\u00fapilo do Eur\u00f3pskej \u00fanie nesk\u00f4r. <\/span><\/p>\n<span class=\"su-frame su-frame-align-left su-frame-style-default\"><span class=\"su-frame-inner\"> <!-- source http:\/\/www.sciencedirect.com\/science\/article\/pii\/S1569199308000349 --><script src=\"https:\/\/www.google.com\/jsapi\" type=\"text\/javascript\"><\/script><script type=\"text\/javascript\">\/\/ <![CDATA[\ngoogle.load(\"visualization\", \"1\", {packages:[\"geochart\"]}); google.setOnLoadCallback(drawRegionsMap); function drawRegionsMap() { var data = google.visualization.arrayToDataTable([ ['Country', 'CF Prevalence: '], ['Austria', 0.839], ['Belgium', 1.03], ['Bulgaria', 0.226], ['Cyprus', 0.335], ['Czech Republic', 0.556], ['Denmark', 0.761], ['Estonia', 0.618], ['Finland', 0.123], ['France', 0.75], ['Germany', 0.829], ['Greece', 0.521], ['Hungary', 0.409], ['Ireland', 2.98], ['Italy', 0.872], ['Latvia', 0.104], ['Lithuania', 0.13], ['Luxembourg', 0.431], ['Malta', 0.579], ['Netherlands', 0.781], ['Poland', 0.256], ['Portugal', 0.271], ['Romania', 0.106], ['Slovakia', 0.627], ['Slovenia', 0.328], ['Spain', 0.546], ['Sweden', 0.403], ['United Kingdom', 1.37] ]); var options = { region: '150', colorAxis: {colors: ['#FFFFCC', '#FF0000']} }; var chart = new google.visualization.GeoChart(document.getElementById('regions_div')); chart.draw(data, options); }\n\/\/ ]]><\/script><\/p>\n<div id=\"regions_div\" style=\"width: 50%; height: 50%;\"><\/div>\n<\/span><\/span>\n<p>&nbsp;<\/p>\n<p><em><span style=\"font-weight: 400;\"><a href=\"http:\/\/www.sciencedirect.com\/science\/article\/pii\/S1569199308000349\">http:\/\/www.sciencedirect.com\/science\/article\/pii\/S1569199308000349<\/a>\u00a0(zdroj \u00fadajov)<\/span><\/em><\/p>\n<p>&nbsp;<\/p>\n","protected":false},"excerpt":{"rendered":"<p>Mapa zn&aacute;zor&#328;uje prevalenciu pr&iacute;padov cystickej fibr&oacute;zy (&#271;alej CF) v Eur&oacute;pskej &uacute;nii ako po&#269;et na 10 000 obyvate&#318;ov (&#382;iv&yacute;ch jedincov pod&#318;a registra pacientov, &uacute;daje s&uacute; z roku 2008). Je mo&#382;n&eacute; pozorova&#357; dva hlavn&eacute; ur&#269;uj&uacute;ce faktory, ktor&eacute; sa vz&aacute;jomne kombinuj&uacute;: faktory popula&#269;nej &hellip; <a href=\"https:\/\/slanedeti.sk\/cms\/prevalencia-cystickej-fibrozy-na-mape\/1867\">Continued<\/a><\/p>\n","protected":false},"author":7,"featured_media":1869,"comment_status":"closed","ping_status":"closed","sticky":false,"template":"","format":"standard","meta":{"kt_blocks_editor_width":"","footnotes":""},"categories":[253],"tags":[],"class_list":["post-1867","post","type-post","status-publish","format-standard","has-post-thumbnail","hentry","category-o-cystickej-fibroze"],"yoast_head":"<!-- This site is optimized with the Yoast SEO plugin v27.5 - https:\/\/yoast.com\/product\/yoast-seo-wordpress\/ -->\n<title>Prevalencia cystickej fibr\u00f3zy na mape Eur\u00f3py - Slan\u00e9 deti<\/title>\n<meta name=\"description\" content=\"Mapa zn\u00e1zor\u0148uje prevalenciu pr\u00edpadov cystickej fibr\u00f3zy v Eur\u00f3pskej \u00fanii ako po\u010det na 10 000 obyvate\u013eov.\" \/>\n<meta name=\"robots\" content=\"index, follow, max-snippet:-1, max-image-preview:large, max-video-preview:-1\" \/>\n<link rel=\"canonical\" href=\"https:\/\/slanedeti.sk\/cms\/prevalencia-cystickej-fibrozy-na-mape\/1867\" \/>\n<meta property=\"og:locale\" content=\"sk_SK\" \/>\n<meta property=\"og:type\" content=\"article\" \/>\n<meta property=\"og:title\" content=\"Prevalencia cystickej fibr\u00f3zy na mape Eur\u00f3py - Slan\u00e9 deti\" \/>\n<meta property=\"og:description\" content=\"Mapa zn\u00e1zor\u0148uje prevalenciu pr\u00edpadov cystickej fibr\u00f3zy v Eur\u00f3pskej \u00fanii ako po\u010det na 10 000 obyvate\u013eov.\" \/>\n<meta property=\"og:url\" content=\"https:\/\/slanedeti.sk\/cms\/prevalencia-cystickej-fibrozy-na-mape\/1867\" \/>\n<meta property=\"og:site_name\" content=\"Slan\u00e9 deti\" \/>\n<meta property=\"article:publisher\" content=\"http:\/\/www.facebook.com\/slanedeti\" \/>\n<meta property=\"article:published_time\" content=\"2016-11-13T17:28:51+00:00\" \/>\n<meta property=\"article:modified_time\" content=\"2016-11-13T17:31:58+00:00\" \/>\n<meta property=\"og:image\" content=\"https:\/\/slanedeti.sk\/cms\/wp-content\/uploads\/2016\/11\/mapa_prevalencia.png\" \/>\n\t<meta property=\"og:image:width\" content=\"270\" \/>\n\t<meta property=\"og:image:height\" content=\"270\" \/>\n\t<meta property=\"og:image:type\" content=\"image\/png\" \/>\n<meta name=\"author\" content=\"Gallagher\" \/>\n<meta name=\"twitter:label1\" content=\"Autor\" \/>\n\t<meta name=\"twitter:data1\" content=\"Gallagher\" \/>\n\t<meta name=\"twitter:label2\" content=\"Predpokladan\u00fd \u010das \u010d\u00edtania\" \/>\n\t<meta name=\"twitter:data2\" content=\"1 min\u00fata\" \/>\n<script type=\"application\/ld+json\" class=\"yoast-schema-graph\">{\"@context\":\"https:\\\/\\\/schema.org\",\"@graph\":[{\"@type\":\"Article\",\"@id\":\"https:\\\/\\\/slanedeti.sk\\\/cms\\\/prevalencia-cystickej-fibrozy-na-mape\\\/1867#article\",\"isPartOf\":{\"@id\":\"https:\\\/\\\/slanedeti.sk\\\/cms\\\/prevalencia-cystickej-fibrozy-na-mape\\\/1867\"},\"author\":{\"name\":\"Gallagher\",\"@id\":\"https:\\\/\\\/slanedeti.sk\\\/cms\\\/#\\\/schema\\\/person\\\/05d1c3faf9ab837ae66dc01f490cedaa\"},\"headline\":\"Prevalencia cystickej fibr\u00f3zy na mape Eur\u00f3py\",\"datePublished\":\"2016-11-13T17:28:51+00:00\",\"dateModified\":\"2016-11-13T17:31:58+00:00\",\"mainEntityOfPage\":{\"@id\":\"https:\\\/\\\/slanedeti.sk\\\/cms\\\/prevalencia-cystickej-fibrozy-na-mape\\\/1867\"},\"wordCount\":283,\"image\":{\"@id\":\"https:\\\/\\\/slanedeti.sk\\\/cms\\\/prevalencia-cystickej-fibrozy-na-mape\\\/1867#primaryimage\"},\"thumbnailUrl\":\"https:\\\/\\\/slanedeti.sk\\\/cms\\\/wp-content\\\/uploads\\\/2016\\\/11\\\/mapa_prevalencia.png\",\"articleSection\":[\"O cystickej fibr\u00f3ze\"],\"inLanguage\":\"sk-SK\"},{\"@type\":\"WebPage\",\"@id\":\"https:\\\/\\\/slanedeti.sk\\\/cms\\\/prevalencia-cystickej-fibrozy-na-mape\\\/1867\",\"url\":\"https:\\\/\\\/slanedeti.sk\\\/cms\\\/prevalencia-cystickej-fibrozy-na-mape\\\/1867\",\"name\":\"Prevalencia cystickej fibr\u00f3zy na mape Eur\u00f3py - Slan\u00e9 deti\",\"isPartOf\":{\"@id\":\"https:\\\/\\\/slanedeti.sk\\\/cms\\\/#website\"},\"primaryImageOfPage\":{\"@id\":\"https:\\\/\\\/slanedeti.sk\\\/cms\\\/prevalencia-cystickej-fibrozy-na-mape\\\/1867#primaryimage\"},\"image\":{\"@id\":\"https:\\\/\\\/slanedeti.sk\\\/cms\\\/prevalencia-cystickej-fibrozy-na-mape\\\/1867#primaryimage\"},\"thumbnailUrl\":\"https:\\\/\\\/slanedeti.sk\\\/cms\\\/wp-content\\\/uploads\\\/2016\\\/11\\\/mapa_prevalencia.png\",\"datePublished\":\"2016-11-13T17:28:51+00:00\",\"dateModified\":\"2016-11-13T17:31:58+00:00\",\"author\":{\"@id\":\"https:\\\/\\\/slanedeti.sk\\\/cms\\\/#\\\/schema\\\/person\\\/05d1c3faf9ab837ae66dc01f490cedaa\"},\"description\":\"Mapa zn\u00e1zor\u0148uje prevalenciu pr\u00edpadov cystickej fibr\u00f3zy v Eur\u00f3pskej \u00fanii ako po\u010det na 10 000 obyvate\u013eov.\",\"inLanguage\":\"sk-SK\",\"potentialAction\":[{\"@type\":\"ReadAction\",\"target\":[\"https:\\\/\\\/slanedeti.sk\\\/cms\\\/prevalencia-cystickej-fibrozy-na-mape\\\/1867\"]}]},{\"@type\":\"ImageObject\",\"inLanguage\":\"sk-SK\",\"@id\":\"https:\\\/\\\/slanedeti.sk\\\/cms\\\/prevalencia-cystickej-fibrozy-na-mape\\\/1867#primaryimage\",\"url\":\"https:\\\/\\\/slanedeti.sk\\\/cms\\\/wp-content\\\/uploads\\\/2016\\\/11\\\/mapa_prevalencia.png\",\"contentUrl\":\"https:\\\/\\\/slanedeti.sk\\\/cms\\\/wp-content\\\/uploads\\\/2016\\\/11\\\/mapa_prevalencia.png\",\"width\":270,\"height\":270},{\"@type\":\"WebSite\",\"@id\":\"https:\\\/\\\/slanedeti.sk\\\/cms\\\/#website\",\"url\":\"https:\\\/\\\/slanedeti.sk\\\/cms\\\/\",\"name\":\"Slan\u00e9 deti\",\"description\":\"Inform\u00e1cie o cystickej fibr\u00f3ze\",\"potentialAction\":[{\"@type\":\"SearchAction\",\"target\":{\"@type\":\"EntryPoint\",\"urlTemplate\":\"https:\\\/\\\/slanedeti.sk\\\/cms\\\/?s={search_term_string}\"},\"query-input\":{\"@type\":\"PropertyValueSpecification\",\"valueRequired\":true,\"valueName\":\"search_term_string\"}}],\"inLanguage\":\"sk-SK\"},{\"@type\":\"Person\",\"@id\":\"https:\\\/\\\/slanedeti.sk\\\/cms\\\/#\\\/schema\\\/person\\\/05d1c3faf9ab837ae66dc01f490cedaa\",\"name\":\"Gallagher\",\"url\":\"https:\\\/\\\/slanedeti.sk\\\/cms\\\/author\\\/gallagher\"}]}<\/script>\n<!-- \/ Yoast SEO plugin. -->","yoast_head_json":{"title":"Prevalencia cystickej fibr\u00f3zy na mape Eur\u00f3py - Slan\u00e9 deti","description":"Mapa zn\u00e1zor\u0148uje prevalenciu pr\u00edpadov cystickej fibr\u00f3zy v Eur\u00f3pskej \u00fanii ako po\u010det na 10 000 obyvate\u013eov.","robots":{"index":"index","follow":"follow","max-snippet":"max-snippet:-1","max-image-preview":"max-image-preview:large","max-video-preview":"max-video-preview:-1"},"canonical":"https:\/\/slanedeti.sk\/cms\/prevalencia-cystickej-fibrozy-na-mape\/1867","og_locale":"sk_SK","og_type":"article","og_title":"Prevalencia cystickej fibr\u00f3zy na mape Eur\u00f3py - Slan\u00e9 deti","og_description":"Mapa zn\u00e1zor\u0148uje prevalenciu pr\u00edpadov cystickej fibr\u00f3zy v Eur\u00f3pskej \u00fanii ako po\u010det na 10 000 obyvate\u013eov.","og_url":"https:\/\/slanedeti.sk\/cms\/prevalencia-cystickej-fibrozy-na-mape\/1867","og_site_name":"Slan\u00e9 deti","article_publisher":"http:\/\/www.facebook.com\/slanedeti","article_published_time":"2016-11-13T17:28:51+00:00","article_modified_time":"2016-11-13T17:31:58+00:00","og_image":[{"width":270,"height":270,"url":"https:\/\/slanedeti.sk\/cms\/wp-content\/uploads\/2016\/11\/mapa_prevalencia.png","type":"image\/png"}],"author":"Gallagher","twitter_misc":{"Autor":"Gallagher","Predpokladan\u00fd \u010das \u010d\u00edtania":"1 min\u00fata"},"schema":{"@context":"https:\/\/schema.org","@graph":[{"@type":"Article","@id":"https:\/\/slanedeti.sk\/cms\/prevalencia-cystickej-fibrozy-na-mape\/1867#article","isPartOf":{"@id":"https:\/\/slanedeti.sk\/cms\/prevalencia-cystickej-fibrozy-na-mape\/1867"},"author":{"name":"Gallagher","@id":"https:\/\/slanedeti.sk\/cms\/#\/schema\/person\/05d1c3faf9ab837ae66dc01f490cedaa"},"headline":"Prevalencia cystickej fibr\u00f3zy na mape Eur\u00f3py","datePublished":"2016-11-13T17:28:51+00:00","dateModified":"2016-11-13T17:31:58+00:00","mainEntityOfPage":{"@id":"https:\/\/slanedeti.sk\/cms\/prevalencia-cystickej-fibrozy-na-mape\/1867"},"wordCount":283,"image":{"@id":"https:\/\/slanedeti.sk\/cms\/prevalencia-cystickej-fibrozy-na-mape\/1867#primaryimage"},"thumbnailUrl":"https:\/\/slanedeti.sk\/cms\/wp-content\/uploads\/2016\/11\/mapa_prevalencia.png","articleSection":["O cystickej fibr\u00f3ze"],"inLanguage":"sk-SK"},{"@type":"WebPage","@id":"https:\/\/slanedeti.sk\/cms\/prevalencia-cystickej-fibrozy-na-mape\/1867","url":"https:\/\/slanedeti.sk\/cms\/prevalencia-cystickej-fibrozy-na-mape\/1867","name":"Prevalencia cystickej fibr\u00f3zy na mape Eur\u00f3py - Slan\u00e9 deti","isPartOf":{"@id":"https:\/\/slanedeti.sk\/cms\/#website"},"primaryImageOfPage":{"@id":"https:\/\/slanedeti.sk\/cms\/prevalencia-cystickej-fibrozy-na-mape\/1867#primaryimage"},"image":{"@id":"https:\/\/slanedeti.sk\/cms\/prevalencia-cystickej-fibrozy-na-mape\/1867#primaryimage"},"thumbnailUrl":"https:\/\/slanedeti.sk\/cms\/wp-content\/uploads\/2016\/11\/mapa_prevalencia.png","datePublished":"2016-11-13T17:28:51+00:00","dateModified":"2016-11-13T17:31:58+00:00","author":{"@id":"https:\/\/slanedeti.sk\/cms\/#\/schema\/person\/05d1c3faf9ab837ae66dc01f490cedaa"},"description":"Mapa zn\u00e1zor\u0148uje prevalenciu pr\u00edpadov cystickej fibr\u00f3zy v Eur\u00f3pskej \u00fanii ako po\u010det na 10 000 obyvate\u013eov.","inLanguage":"sk-SK","potentialAction":[{"@type":"ReadAction","target":["https:\/\/slanedeti.sk\/cms\/prevalencia-cystickej-fibrozy-na-mape\/1867"]}]},{"@type":"ImageObject","inLanguage":"sk-SK","@id":"https:\/\/slanedeti.sk\/cms\/prevalencia-cystickej-fibrozy-na-mape\/1867#primaryimage","url":"https:\/\/slanedeti.sk\/cms\/wp-content\/uploads\/2016\/11\/mapa_prevalencia.png","contentUrl":"https:\/\/slanedeti.sk\/cms\/wp-content\/uploads\/2016\/11\/mapa_prevalencia.png","width":270,"height":270},{"@type":"WebSite","@id":"https:\/\/slanedeti.sk\/cms\/#website","url":"https:\/\/slanedeti.sk\/cms\/","name":"Slan\u00e9 deti","description":"Inform\u00e1cie o cystickej fibr\u00f3ze","potentialAction":[{"@type":"SearchAction","target":{"@type":"EntryPoint","urlTemplate":"https:\/\/slanedeti.sk\/cms\/?s={search_term_string}"},"query-input":{"@type":"PropertyValueSpecification","valueRequired":true,"valueName":"search_term_string"}}],"inLanguage":"sk-SK"},{"@type":"Person","@id":"https:\/\/slanedeti.sk\/cms\/#\/schema\/person\/05d1c3faf9ab837ae66dc01f490cedaa","name":"Gallagher","url":"https:\/\/slanedeti.sk\/cms\/author\/gallagher"}]}},"_links":{"self":[{"href":"https:\/\/slanedeti.sk\/cms\/wp-json\/wp\/v2\/posts\/1867","targetHints":{"allow":["GET"]}}],"collection":[{"href":"https:\/\/slanedeti.sk\/cms\/wp-json\/wp\/v2\/posts"}],"about":[{"href":"https:\/\/slanedeti.sk\/cms\/wp-json\/wp\/v2\/types\/post"}],"author":[{"embeddable":true,"href":"https:\/\/slanedeti.sk\/cms\/wp-json\/wp\/v2\/users\/7"}],"replies":[{"embeddable":true,"href":"https:\/\/slanedeti.sk\/cms\/wp-json\/wp\/v2\/comments?post=1867"}],"version-history":[{"count":0,"href":"https:\/\/slanedeti.sk\/cms\/wp-json\/wp\/v2\/posts\/1867\/revisions"}],"wp:featuredmedia":[{"embeddable":true,"href":"https:\/\/slanedeti.sk\/cms\/wp-json\/wp\/v2\/media\/1869"}],"wp:attachment":[{"href":"https:\/\/slanedeti.sk\/cms\/wp-json\/wp\/v2\/media?parent=1867"}],"wp:term":[{"taxonomy":"category","embeddable":true,"href":"https:\/\/slanedeti.sk\/cms\/wp-json\/wp\/v2\/categories?post=1867"},{"taxonomy":"post_tag","embeddable":true,"href":"https:\/\/slanedeti.sk\/cms\/wp-json\/wp\/v2\/tags?post=1867"}],"curies":[{"name":"wp","href":"https:\/\/api.w.org\/{rel}","templated":true}]}}