{"id":1830,"date":"2015-11-11T19:34:39","date_gmt":"2015-11-11T18:34:39","guid":{"rendered":"http:\/\/slanedeti.sk\/cms\/?p=1830"},"modified":"2015-11-11T19:34:39","modified_gmt":"2015-11-11T18:34:39","slug":"novelizacia-limitu-pre-doplatky-za-lieky","status":"publish","type":"post","link":"https:\/\/slanedeti.sk\/cms\/novelizacia-limitu-pre-doplatky-za-lieky\/1830","title":{"rendered":"Noveliz\u00e1cia limitu pre doplatky za lieky"},"content":{"rendered":"<p>Od 1. novembra sa zni\u017euje ochrann\u00fd limit na doplatky za lieky a roz\u0161iruje sa okruh os\u00f4b, ktor\u00fdm vznikne n\u00e1rok na doplatok za lieky.<\/p>\n<p><span style=\"font-weight: 400;\">Novela z\u00e1kona \u010d. 363\/2011 Z. z. o rozsahu a podmienkach \u00fahrady liekov, zdravotn\u00edckych pom\u00f4cok a dietetick\u00fdch potrav\u00edn obsahuje tieto zmeny:<\/span><\/p>\n<ul>\n<ul>\n<li style=\"font-weight: 400;\"><span style=\"font-weight: 400;\">Ochrann\u00fd limit sa od novembra zn\u00ed\u017eil a z\u00e1rove\u0148 sa po novom t\u00fdka aj v\u0161etk\u00fdch d\u00f4chodcov a det\u00ed do \u0161es\u0165 rokov<\/span><\/li>\n<li style=\"font-weight: 400;\"><span style=\"font-weight: 400;\">\u0160tvr\u0165ro\u010dn\u00fd limit u starobn\u00fdch d\u00f4chodcov sa zni\u017euje zo 45 eur na 25 eur, u invalidn\u00fdch d\u00f4chodcov a dr\u017eite\u013eov preukazu \u0164ZP z 30 eur na 25 eur \u00a0<\/span><\/li>\n<li style=\"font-weight: 400;\"><span style=\"font-weight: 400;\">U starobn\u00fdch d\u00f4chodcov, \u00a0invalidn\u00fdch d\u00f4chodcov a \u0165a\u017eko zdravotne postihnut\u00fdch u\u017e neplat\u00ed obmedzenie\u00a0 v\u00fd\u0161ky d\u00f4chodku a\u00a0doplatok dostan\u00fa <\/span><span style=\"font-weight: 400;\">v\u0161etci d\u00f4chodcovia \u00a0bez oh\u013eadu na v\u00fd\u0161ku d\u00f4chodku<\/span><\/li>\n<li style=\"font-weight: 400;\"><span style=\"font-weight: 400;\">U det\u00ed do 6 rokov bude \u0161tvr\u0165ro\u010dn\u00fd limit vo v\u00fd\u0161ke 8 eur a u zdravotne \u0165a\u017eko postihnut\u00fdch det\u00ed do 6 rokov b<\/span><span style=\"font-weight: 400;\">ude nulov\u00fd limit<\/span><\/li>\n<\/ul>\n<\/ul>\n<p>&nbsp;<\/p>\n<ul>\n<li><b><span style=\"font-weight: 400;\">Ochrann\u00fd limit<\/span><b>\u00a0<\/b><span style=\"font-weight: 400;\">by sa mal vz\u0165ahova\u0165 na v\u0161etky lieky, ktor\u00fdch \u00fahradu \u010diasto\u010dne hrad\u00ed pois\u0165ov\u0148a<\/span><b>. <\/b><\/b><\/li>\n<\/ul>\n<p>&nbsp;<\/p>\n<p><span style=\"font-weight: 400;\">Sp\u00f4sob, ako sa finan\u010dn\u00e9 prostriedky za doplatky dostan\u00fa k pacientom, sa nemen\u00ed. Ob\u010dania nemusia kontaktova\u0165 zdravotn\u00e9 pois\u0165ovne, tie im automaticky vr\u00e1tia peniaze do 90 dn\u00ed od skon\u010denia kvart\u00e1lu na bankov\u00fd \u00fa\u010det alebo po\u0161tovou pouk\u00e1\u017ekou na adresu bydliska.<\/span><\/p>\n<p>&nbsp;<\/p>\n<p><span style=\"font-weight: 400;\">Zdroj: MZ SR<\/span><\/p>\n<p>&nbsp;<\/p>\n","protected":false},"excerpt":{"rendered":"<p>Od 1. novembra sa zni&#382;uje ochrann&yacute; limit na doplatky za lieky a roz&scaron;iruje sa okruh os&ocirc;b, ktor&yacute;m vznikne n&aacute;rok na doplatok za lieky. Novela z&aacute;kona &#269;. 363\/2011 Z. z. o rozsahu a podmienkach &uacute;hrady liekov, zdravotn&iacute;ckych pom&ocirc;cok a dietetick&yacute;ch potrav&iacute;n &hellip; <a href=\"https:\/\/slanedeti.sk\/cms\/novelizacia-limitu-pre-doplatky-za-lieky\/1830\">Continued<\/a><\/p>\n","protected":false},"author":6,"featured_media":1831,"comment_status":"closed","ping_status":"closed","sticky":false,"template":"","format":"standard","meta":{"kt_blocks_editor_width":"","footnotes":""},"categories":[251],"tags":[],"class_list":["post-1830","post","type-post","status-publish","format-standard","has-post-thumbnail","hentry","category-socialna-oblast"],"yoast_head":"<!-- This site is optimized with the Yoast SEO plugin v27.5 - https:\/\/yoast.com\/product\/yoast-seo-wordpress\/ -->\n<title>Noveliz\u00e1cia limitu pre doplatky za lieky - Slan\u00e9 deti<\/title>\n<meta name=\"description\" content=\"Od 1. novembra sa zni\u017euje ochrann\u00fd limit na doplatky za lieky a roz\u0161iruje sa okruh os\u00f4b, ktor\u00fdm vznikne n\u00e1rok na doplatok za lieky.\" \/>\n<meta name=\"robots\" content=\"index, follow, max-snippet:-1, max-image-preview:large, max-video-preview:-1\" \/>\n<link rel=\"canonical\" href=\"https:\/\/slanedeti.sk\/cms\/novelizacia-limitu-pre-doplatky-za-lieky\/1830\" \/>\n<meta property=\"og:locale\" content=\"sk_SK\" \/>\n<meta property=\"og:type\" content=\"article\" \/>\n<meta property=\"og:title\" content=\"Noveliz\u00e1cia limitu pre doplatky za lieky - Slan\u00e9 deti\" \/>\n<meta property=\"og:description\" content=\"Od 1. novembra sa zni\u017euje ochrann\u00fd limit na doplatky za lieky a roz\u0161iruje sa okruh os\u00f4b, ktor\u00fdm vznikne n\u00e1rok na doplatok za lieky.\" \/>\n<meta property=\"og:url\" content=\"https:\/\/slanedeti.sk\/cms\/novelizacia-limitu-pre-doplatky-za-lieky\/1830\" \/>\n<meta property=\"og:site_name\" content=\"Slan\u00e9 deti\" \/>\n<meta property=\"article:publisher\" content=\"http:\/\/www.facebook.com\/slanedeti\" \/>\n<meta property=\"article:published_time\" content=\"2015-11-11T18:34:39+00:00\" \/>\n<meta property=\"og:image\" content=\"https:\/\/slanedeti.sk\/cms\/wp-content\/uploads\/2015\/11\/1-euro.jpg\" \/>\n\t<meta property=\"og:image:width\" content=\"270\" \/>\n\t<meta property=\"og:image:height\" content=\"270\" \/>\n\t<meta property=\"og:image:type\" content=\"image\/jpeg\" \/>\n<meta name=\"author\" content=\"Sa\u0161a\" \/>\n<meta name=\"twitter:label1\" content=\"Autor\" \/>\n\t<meta name=\"twitter:data1\" content=\"Sa\u0161a\" \/>\n\t<meta name=\"twitter:label2\" content=\"Predpokladan\u00fd \u010das \u010d\u00edtania\" \/>\n\t<meta name=\"twitter:data2\" content=\"1 min\u00fata\" \/>\n<script type=\"application\/ld+json\" class=\"yoast-schema-graph\">{\"@context\":\"https:\\\/\\\/schema.org\",\"@graph\":[{\"@type\":\"Article\",\"@id\":\"https:\\\/\\\/slanedeti.sk\\\/cms\\\/novelizacia-limitu-pre-doplatky-za-lieky\\\/1830#article\",\"isPartOf\":{\"@id\":\"https:\\\/\\\/slanedeti.sk\\\/cms\\\/novelizacia-limitu-pre-doplatky-za-lieky\\\/1830\"},\"author\":{\"name\":\"Sa\u0161a\",\"@id\":\"https:\\\/\\\/slanedeti.sk\\\/cms\\\/#\\\/schema\\\/person\\\/a998a8fdcd3106c0b9bae9dee3885047\"},\"headline\":\"Noveliz\u00e1cia limitu pre doplatky za lieky\",\"datePublished\":\"2015-11-11T18:34:39+00:00\",\"mainEntityOfPage\":{\"@id\":\"https:\\\/\\\/slanedeti.sk\\\/cms\\\/novelizacia-limitu-pre-doplatky-za-lieky\\\/1830\"},\"wordCount\":250,\"image\":{\"@id\":\"https:\\\/\\\/slanedeti.sk\\\/cms\\\/novelizacia-limitu-pre-doplatky-za-lieky\\\/1830#primaryimage\"},\"thumbnailUrl\":\"https:\\\/\\\/slanedeti.sk\\\/cms\\\/wp-content\\\/uploads\\\/2015\\\/11\\\/1-euro.jpg\",\"articleSection\":[\"Soci\u00e1lna oblas\u0165\"],\"inLanguage\":\"sk-SK\"},{\"@type\":\"WebPage\",\"@id\":\"https:\\\/\\\/slanedeti.sk\\\/cms\\\/novelizacia-limitu-pre-doplatky-za-lieky\\\/1830\",\"url\":\"https:\\\/\\\/slanedeti.sk\\\/cms\\\/novelizacia-limitu-pre-doplatky-za-lieky\\\/1830\",\"name\":\"Noveliz\u00e1cia limitu pre doplatky za lieky - Slan\u00e9 deti\",\"isPartOf\":{\"@id\":\"https:\\\/\\\/slanedeti.sk\\\/cms\\\/#website\"},\"primaryImageOfPage\":{\"@id\":\"https:\\\/\\\/slanedeti.sk\\\/cms\\\/novelizacia-limitu-pre-doplatky-za-lieky\\\/1830#primaryimage\"},\"image\":{\"@id\":\"https:\\\/\\\/slanedeti.sk\\\/cms\\\/novelizacia-limitu-pre-doplatky-za-lieky\\\/1830#primaryimage\"},\"thumbnailUrl\":\"https:\\\/\\\/slanedeti.sk\\\/cms\\\/wp-content\\\/uploads\\\/2015\\\/11\\\/1-euro.jpg\",\"datePublished\":\"2015-11-11T18:34:39+00:00\",\"author\":{\"@id\":\"https:\\\/\\\/slanedeti.sk\\\/cms\\\/#\\\/schema\\\/person\\\/a998a8fdcd3106c0b9bae9dee3885047\"},\"description\":\"Od 1. novembra sa zni\u017euje ochrann\u00fd limit na doplatky za lieky a roz\u0161iruje sa okruh os\u00f4b, ktor\u00fdm vznikne n\u00e1rok na doplatok za lieky.\",\"inLanguage\":\"sk-SK\",\"potentialAction\":[{\"@type\":\"ReadAction\",\"target\":[\"https:\\\/\\\/slanedeti.sk\\\/cms\\\/novelizacia-limitu-pre-doplatky-za-lieky\\\/1830\"]}]},{\"@type\":\"ImageObject\",\"inLanguage\":\"sk-SK\",\"@id\":\"https:\\\/\\\/slanedeti.sk\\\/cms\\\/novelizacia-limitu-pre-doplatky-za-lieky\\\/1830#primaryimage\",\"url\":\"https:\\\/\\\/slanedeti.sk\\\/cms\\\/wp-content\\\/uploads\\\/2015\\\/11\\\/1-euro.jpg\",\"contentUrl\":\"https:\\\/\\\/slanedeti.sk\\\/cms\\\/wp-content\\\/uploads\\\/2015\\\/11\\\/1-euro.jpg\",\"width\":270,\"height\":270},{\"@type\":\"WebSite\",\"@id\":\"https:\\\/\\\/slanedeti.sk\\\/cms\\\/#website\",\"url\":\"https:\\\/\\\/slanedeti.sk\\\/cms\\\/\",\"name\":\"Slan\u00e9 deti\",\"description\":\"Inform\u00e1cie o cystickej fibr\u00f3ze\",\"potentialAction\":[{\"@type\":\"SearchAction\",\"target\":{\"@type\":\"EntryPoint\",\"urlTemplate\":\"https:\\\/\\\/slanedeti.sk\\\/cms\\\/?s={search_term_string}\"},\"query-input\":{\"@type\":\"PropertyValueSpecification\",\"valueRequired\":true,\"valueName\":\"search_term_string\"}}],\"inLanguage\":\"sk-SK\"},{\"@type\":\"Person\",\"@id\":\"https:\\\/\\\/slanedeti.sk\\\/cms\\\/#\\\/schema\\\/person\\\/a998a8fdcd3106c0b9bae9dee3885047\",\"name\":\"Sa\u0161a\",\"url\":\"https:\\\/\\\/slanedeti.sk\\\/cms\\\/author\\\/sasa\"}]}<\/script>\n<!-- \/ Yoast SEO plugin. -->","yoast_head_json":{"title":"Noveliz\u00e1cia limitu pre doplatky za lieky - Slan\u00e9 deti","description":"Od 1. novembra sa zni\u017euje ochrann\u00fd limit na doplatky za lieky a roz\u0161iruje sa okruh os\u00f4b, ktor\u00fdm vznikne n\u00e1rok na doplatok za lieky.","robots":{"index":"index","follow":"follow","max-snippet":"max-snippet:-1","max-image-preview":"max-image-preview:large","max-video-preview":"max-video-preview:-1"},"canonical":"https:\/\/slanedeti.sk\/cms\/novelizacia-limitu-pre-doplatky-za-lieky\/1830","og_locale":"sk_SK","og_type":"article","og_title":"Noveliz\u00e1cia limitu pre doplatky za lieky - Slan\u00e9 deti","og_description":"Od 1. novembra sa zni\u017euje ochrann\u00fd limit na doplatky za lieky a roz\u0161iruje sa okruh os\u00f4b, ktor\u00fdm vznikne n\u00e1rok na doplatok za lieky.","og_url":"https:\/\/slanedeti.sk\/cms\/novelizacia-limitu-pre-doplatky-za-lieky\/1830","og_site_name":"Slan\u00e9 deti","article_publisher":"http:\/\/www.facebook.com\/slanedeti","article_published_time":"2015-11-11T18:34:39+00:00","og_image":[{"width":270,"height":270,"url":"https:\/\/slanedeti.sk\/cms\/wp-content\/uploads\/2015\/11\/1-euro.jpg","type":"image\/jpeg"}],"author":"Sa\u0161a","twitter_misc":{"Autor":"Sa\u0161a","Predpokladan\u00fd \u010das \u010d\u00edtania":"1 min\u00fata"},"schema":{"@context":"https:\/\/schema.org","@graph":[{"@type":"Article","@id":"https:\/\/slanedeti.sk\/cms\/novelizacia-limitu-pre-doplatky-za-lieky\/1830#article","isPartOf":{"@id":"https:\/\/slanedeti.sk\/cms\/novelizacia-limitu-pre-doplatky-za-lieky\/1830"},"author":{"name":"Sa\u0161a","@id":"https:\/\/slanedeti.sk\/cms\/#\/schema\/person\/a998a8fdcd3106c0b9bae9dee3885047"},"headline":"Noveliz\u00e1cia limitu pre doplatky za lieky","datePublished":"2015-11-11T18:34:39+00:00","mainEntityOfPage":{"@id":"https:\/\/slanedeti.sk\/cms\/novelizacia-limitu-pre-doplatky-za-lieky\/1830"},"wordCount":250,"image":{"@id":"https:\/\/slanedeti.sk\/cms\/novelizacia-limitu-pre-doplatky-za-lieky\/1830#primaryimage"},"thumbnailUrl":"https:\/\/slanedeti.sk\/cms\/wp-content\/uploads\/2015\/11\/1-euro.jpg","articleSection":["Soci\u00e1lna oblas\u0165"],"inLanguage":"sk-SK"},{"@type":"WebPage","@id":"https:\/\/slanedeti.sk\/cms\/novelizacia-limitu-pre-doplatky-za-lieky\/1830","url":"https:\/\/slanedeti.sk\/cms\/novelizacia-limitu-pre-doplatky-za-lieky\/1830","name":"Noveliz\u00e1cia limitu pre doplatky za lieky - Slan\u00e9 deti","isPartOf":{"@id":"https:\/\/slanedeti.sk\/cms\/#website"},"primaryImageOfPage":{"@id":"https:\/\/slanedeti.sk\/cms\/novelizacia-limitu-pre-doplatky-za-lieky\/1830#primaryimage"},"image":{"@id":"https:\/\/slanedeti.sk\/cms\/novelizacia-limitu-pre-doplatky-za-lieky\/1830#primaryimage"},"thumbnailUrl":"https:\/\/slanedeti.sk\/cms\/wp-content\/uploads\/2015\/11\/1-euro.jpg","datePublished":"2015-11-11T18:34:39+00:00","author":{"@id":"https:\/\/slanedeti.sk\/cms\/#\/schema\/person\/a998a8fdcd3106c0b9bae9dee3885047"},"description":"Od 1. novembra sa zni\u017euje ochrann\u00fd limit na doplatky za lieky a roz\u0161iruje sa okruh os\u00f4b, ktor\u00fdm vznikne n\u00e1rok na doplatok za lieky.","inLanguage":"sk-SK","potentialAction":[{"@type":"ReadAction","target":["https:\/\/slanedeti.sk\/cms\/novelizacia-limitu-pre-doplatky-za-lieky\/1830"]}]},{"@type":"ImageObject","inLanguage":"sk-SK","@id":"https:\/\/slanedeti.sk\/cms\/novelizacia-limitu-pre-doplatky-za-lieky\/1830#primaryimage","url":"https:\/\/slanedeti.sk\/cms\/wp-content\/uploads\/2015\/11\/1-euro.jpg","contentUrl":"https:\/\/slanedeti.sk\/cms\/wp-content\/uploads\/2015\/11\/1-euro.jpg","width":270,"height":270},{"@type":"WebSite","@id":"https:\/\/slanedeti.sk\/cms\/#website","url":"https:\/\/slanedeti.sk\/cms\/","name":"Slan\u00e9 deti","description":"Inform\u00e1cie o cystickej fibr\u00f3ze","potentialAction":[{"@type":"SearchAction","target":{"@type":"EntryPoint","urlTemplate":"https:\/\/slanedeti.sk\/cms\/?s={search_term_string}"},"query-input":{"@type":"PropertyValueSpecification","valueRequired":true,"valueName":"search_term_string"}}],"inLanguage":"sk-SK"},{"@type":"Person","@id":"https:\/\/slanedeti.sk\/cms\/#\/schema\/person\/a998a8fdcd3106c0b9bae9dee3885047","name":"Sa\u0161a","url":"https:\/\/slanedeti.sk\/cms\/author\/sasa"}]}},"_links":{"self":[{"href":"https:\/\/slanedeti.sk\/cms\/wp-json\/wp\/v2\/posts\/1830","targetHints":{"allow":["GET"]}}],"collection":[{"href":"https:\/\/slanedeti.sk\/cms\/wp-json\/wp\/v2\/posts"}],"about":[{"href":"https:\/\/slanedeti.sk\/cms\/wp-json\/wp\/v2\/types\/post"}],"author":[{"embeddable":true,"href":"https:\/\/slanedeti.sk\/cms\/wp-json\/wp\/v2\/users\/6"}],"replies":[{"embeddable":true,"href":"https:\/\/slanedeti.sk\/cms\/wp-json\/wp\/v2\/comments?post=1830"}],"version-history":[{"count":0,"href":"https:\/\/slanedeti.sk\/cms\/wp-json\/wp\/v2\/posts\/1830\/revisions"}],"wp:featuredmedia":[{"embeddable":true,"href":"https:\/\/slanedeti.sk\/cms\/wp-json\/wp\/v2\/media\/1831"}],"wp:attachment":[{"href":"https:\/\/slanedeti.sk\/cms\/wp-json\/wp\/v2\/media?parent=1830"}],"wp:term":[{"taxonomy":"category","embeddable":true,"href":"https:\/\/slanedeti.sk\/cms\/wp-json\/wp\/v2\/categories?post=1830"},{"taxonomy":"post_tag","embeddable":true,"href":"https:\/\/slanedeti.sk\/cms\/wp-json\/wp\/v2\/tags?post=1830"}],"curies":[{"name":"wp","href":"https:\/\/api.w.org\/{rel}","templated":true}]}}