{"id":1778,"date":"2015-03-31T19:03:33","date_gmt":"2015-03-31T18:03:33","guid":{"rendered":"http:\/\/slanedeti.sk\/cms\/?p=1778"},"modified":"2015-03-31T19:03:33","modified_gmt":"2015-03-31T18:03:33","slug":"odkazanost-na-individualnu-prepravu-a-cysticka-fibroza","status":"publish","type":"post","link":"https:\/\/slanedeti.sk\/cms\/odkazanost-na-individualnu-prepravu-a-cysticka-fibroza\/1778","title":{"rendered":"Odk\u00e1zanos\u0165 na individu\u00e1lnu prepravu a cystick\u00e1 fibr\u00f3za"},"content":{"rendered":"<p>Pacienti s cystickou fibr\u00f3zou s\u00fa \u010dasto kv\u00f4li komplikovan\u00e9mu zdravotn\u00e9mu stavu odk\u00e1zan\u00ed na individu\u00e1lnu prepravu a nem\u00f4\u017eu vyu\u017e\u00edva\u0165 MHD. V minulosti u\u017e niektor\u00ed pacienti z\u00edskali napr. pr\u00edspevok na osobn\u00e9 motorov\u00e9 vozidlo alebo parkovac\u00ed preukaz. Ak\u00e9 s\u00fa dne\u0161n\u00e9 mo\u017enosti z poh\u013eadu z\u00e1kona?<\/p>\n<p>\u00a714 ods.6 z\u00e1kona \u010d. 447\/2008 Z.z. o pe\u0148a\u017en\u00fdch pr\u00edspevkoch na kompenz\u00e1ciu \u0165a\u017ek\u00e9ho zdravotn\u00e9ho postihnutia<br \/>\n(6) Fyzick\u00e1 osoba s \u0165a\u017ek\u00fdm zdravotn\u00fdm postihnut\u00edm je odk\u00e1zan\u00e1 na individu\u00e1lnu prepravu osobn\u00fdm motorov\u00fdm vozidlom, ak nie je schopn\u00e1 na rovnakom z\u00e1klade s ostatn\u00fdmi fyzick\u00fdmi osobami a pri re\u0161pektovan\u00ed jej prirodzenej d\u00f4stojnosti<br \/>\na) premiestni\u0165 sa k vozidlu verejnej hromadnej dopravy os\u00f4b a k prostriedku \u017eelezni\u010dnej dopravy a sp\u00e4\u0165,<br \/>\nb) nastupova\u0165 do vozidla verejnej hromadnej dopravy os\u00f4b a do prostriedku \u017eelezni\u010dnej dopravy, udr\u017ea\u0165 sa v \u0148om po\u010das jazdy a vystupova\u0165 z vozidla verejnej hromadnej dopravy os\u00f4b a z prostriedku \u017eelezni\u010dnej dopravy alebo<br \/>\nc) zvl\u00e1dnu\u0165 z d\u00f4vodu \u0165a\u017ek\u00e9ho zdravotn\u00e9ho postihnutia in\u00fa situ\u00e1ciu vo vozidle verejnej hromadnej dopravy os\u00f4b a v prostriedku \u017eelezni\u010dnej dopravy <strong>najm\u00e4<\/strong> z d\u00f4vodu poruchy spr\u00e1vania pri du\u0161evn\u00fdch ochoreniach, vertebrobasil\u00e1rnej insuficiencie s \u0165a\u017ek\u00fdmi z\u00e1vratmi, straty dvoch kon\u010dat\u00edn, kardiopulmon\u00e1lnej nedostato\u010dnosti \u0165a\u017ek\u00e9ho stup\u0148a alebo \u0165a\u017ekej poruchy sfinkterov.<\/p>\n<p>Toto je ustanovenie z\u00e1kona, pod\u013ea ktor\u00e9ho sa prizn\u00e1va odk\u00e1zanos\u0165 na individu\u00e1lnu prepravu. Bez priznania odk\u00e1zanosti na individu\u00e1lnu prepravu nem\u00f4\u017ee vznikn\u00fa\u0165 ob\u010danovi Z\u0164P n\u00e1rok na:<\/p>\n<ul>\n<li>pe\u0148a\u017en\u00fd pr\u00edspevok na k\u00fapu osobn\u00e9ho motorov\u00e9ho vozidla<\/li>\n<li>pe\u0148a\u017en\u00fd pr\u00edspevok na prepravu<\/li>\n<li>pe\u0148a\u017en\u00fd pr\u00edspevok na kompenz\u00e1ciu zv\u00fd\u0161en\u00fdch v\u00fddavkov s\u00favisiacich so zabezpe\u010den\u00edm prev\u00e1dzky osobn\u00e9ho motorov\u00e9ho vozidla (pr\u00edspevok na benz\u00edn)<\/li>\n<li>parkovac\u00ed preukaz<\/li>\n<\/ul>\n<p>Pacientovi s cystickou fibr\u00f3zou nevznik\u00e1 n\u00e1rok na odk\u00e1zanos\u0165 na individu\u00e1lnu prepravu priamo zo z\u00e1kona. Vych\u00e1dzaj\u00fac zo znenia citovan\u00e9ho ustanovenia <strong>(najm\u00e4)<\/strong>, mohol by ma\u0165 n\u00e1dej, ale z \u010fal\u0161ieho znenia vypl\u00fdva, \u017ee aj v pr\u00edpade vymenovan\u00fdch diagn\u00f3z posudkov\u00ed lek\u00e1ri uzn\u00e1vaj\u00fa odk\u00e1zanos\u0165 na individu\u00e1lnu prepravu iba pacientom Z\u0164P s \u0165a\u017e\u0161\u00edm zdravotn\u00fdm stavom. Pacient s CF pri svojej \u017eiadosti o individu\u00e1lnu prepravu m\u00f4\u017ee by\u0165 \u00faspe\u0161n\u00fd sk\u00f4r odvolan\u00edm na s\u00fade ako na \u00daPSVaR, ak dok\u00e1\u017ee, \u017ee v prostriedkoch hromadnej dopravy je ohrozen\u00e1 jeho d\u00f4stojnos\u0165 a hroz\u00ed mu riziko infekcie, ktor\u00e1 ohrozuje v\u00e1\u017ene jeho zdravie a \u017eivot.<br \/>\nOdk\u00e1zanos\u0165 ob\u010danov Z\u0164P na individu\u00e1lnu prepravu osobn\u00fdm motorov\u00fdm vozidlom, ktor\u00fd bol pos\u00faden\u00fd pod\u013ea z\u00e1kona \u00fa\u010dinn\u00e9ho do 31. 12. 2008 sa neprehodnocuje pod\u013ea z\u00e1kona \u00fa\u010dinn\u00e9ho od 1. 1. 2009 a odk\u00e1zanos\u0165 na individu\u00e1lnu dopravu \u010falej trv\u00e1. Prehodnoti\u0165 a zru\u0161i\u0165 ju m\u00f4\u017ee posudkov\u00e1 komisia iba vtedy, ak sa pacientovi zlep\u0161il zdravotn\u00fd stav.<\/p>\n<p>Z\u00e1k. \u010d. 195\/1998 Z.z. o soci\u00e1lnej pomoci nahradil od 1.1.2009 z\u00e1k. \u010d. 447\/2008 Z.z. o pe\u0148a\u017en\u00fdch pr\u00edspevkoch na kompenz\u00e1ciu \u0165a\u017ek\u00e9ho zdravotn\u00e9ho postihnutia. Pri zmen\u00e1ch z\u00e1konov je d\u00f4le\u017eit\u00e9 upravi\u0165 platnos\u0165 n\u00e1rokov priznan\u00fdch zru\u0161en\u00fdm z\u00e1konom, teda \u010di bud\u00fa prijat\u00edm nov\u00e9ho z\u00e1kona zachovan\u00e9 alebo sa bud\u00fa meni\u0165 v intenci\u00e1ch nov\u00e9ho z\u00e1kona.<br \/>\n\u00a7 65 ods. 5 z\u00e1k. \u010d 447\/2008 uv\u00e1dza:<br \/>\n(5) Odk\u00e1zanos\u0165 ob\u010dana s \u0165a\u017ek\u00fdm zdravotn\u00fdm postihnut\u00edm na osobn\u00fa asistenciu, odk\u00e1zanos\u0165 na sprievodcu, odk\u00e1zanos\u0165 na k\u00fapu pom\u00f4cky, <strong>odk\u00e1zanos\u0165 na individu\u00e1lnu prepravu osobn\u00fdm motorov\u00fdm vozidlom<\/strong>, odk\u00e1zanos\u0165 na kompenz\u00e1ciu zv\u00fd\u0161en\u00fdch v\u00fddavkov a odk\u00e1zanos\u0165 na celodenn\u00e9, osobn\u00e9 a riadne opatrovanie, ktor\u00e9 boli pos\u00faden\u00e9 pod\u013ea z\u00e1kona \u00fa\u010dinn\u00e9ho do 31. decembra 2008, sa po 31. decembri 2008 neprehodnocuje pod\u013ea z\u00e1kona \u00fa\u010dinn\u00e9ho od 1. janu\u00e1ra 2009, ak u ob\u010dana s \u0165a\u017ek\u00fdm zdravotn\u00fdm postihnut\u00edm ned\u00f4jde k tak\u00fdm zmen\u00e1m v zdravotnom stave, osobnostn\u00fdch predpokladoch, rodinnom prostred\u00ed alebo \u017eivotnom prostred\u00ed a v prostred\u00ed, ktor\u00e9 ovplyv\u0148uje jeho za\u010dlenenie do spolo\u010dnosti, ktor\u00e9 maj\u00fa vplyv na trvanie odk\u00e1zanosti.<\/p>\n<p>Ak sa neudej\u00fa uveden\u00e9 zmeny, nem\u00f4\u017ee \u00daPSVaR odobra\u0165 pacientovi CF n\u00e1rok na odk\u00e1zanos\u0165 na individu\u00e1lnu prepravu a trv\u00e1 mu tak, ako mu bola uznan\u00e1 pod\u013ea p\u00f4vodn\u00e9ho z\u00e1kona platn\u00e9ho do 1.1.2009. Na z\u00e1klade tohto ustanovenia sa m\u00f4\u017eu pacienti s CF, ktor\u00fdm bola priznan\u00e1 odk\u00e1zanos\u0165 na individu\u00e1lnu prepravu pod\u013ea z\u00e1k. \u010d. 195\/1998 Z.z. a ktor\u00fdm nenastali zmeny v zmysle citovan\u00e9ho ustanovenia, odvola\u0165 proti rozhodnutiu \u00daPSVaR v pr\u00edpade odobratia n\u00e1roku na odk\u00e1zanos\u0165 na individu\u00e1lne prepravu.<\/p>\n","protected":false},"excerpt":{"rendered":"<p>Pacienti s cystickou fibr&oacute;zou s&uacute; &#269;asto kv&ocirc;li komplikovan&eacute;mu zdravotn&eacute;mu stavu odk&aacute;zan&iacute; na individu&aacute;lnu prepravu a nem&ocirc;&#382;u vyu&#382;&iacute;va&#357; MHD. V minulosti u&#382; niektor&iacute; pacienti z&iacute;skali napr. pr&iacute;spevok na osobn&eacute; motorov&eacute; vozidlo alebo parkovac&iacute; preukaz. Ak&eacute; s&uacute; dne&scaron;n&eacute; mo&#382;nosti z poh&#318;adu z&aacute;kona? &hellip; <a href=\"https:\/\/slanedeti.sk\/cms\/odkazanost-na-individualnu-prepravu-a-cysticka-fibroza\/1778\">Continued<\/a><\/p>\n","protected":false},"author":6,"featured_media":1776,"comment_status":"closed","ping_status":"closed","sticky":false,"template":"","format":"standard","meta":{"kt_blocks_editor_width":"","footnotes":""},"categories":[251],"tags":[],"class_list":["post-1778","post","type-post","status-publish","format-standard","has-post-thumbnail","hentry","category-socialna-oblast"],"yoast_head":"<!-- This site is optimized with the Yoast SEO plugin v27.5 - https:\/\/yoast.com\/product\/yoast-seo-wordpress\/ -->\n<title>Odk\u00e1zanos\u0165 na individu\u00e1lnu prepravu a cystick\u00e1 fibr\u00f3za - Slan\u00e9 deti<\/title>\n<meta name=\"description\" content=\"Pacienti s cystickou fibr\u00f3zou s\u00fa \u010dasto kv\u00f4li komplikovan\u00e9mu zdravotn\u00e9mu stavu odk\u00e1zan\u00ed na individu\u00e1lnu prepravu a nem\u00f4\u017eu vyu\u017e\u00edva\u0165 MHD. Ak\u00e9 s\u00fa dnes mo\u017enosti?\" \/>\n<meta name=\"robots\" content=\"index, follow, max-snippet:-1, max-image-preview:large, max-video-preview:-1\" \/>\n<link rel=\"canonical\" href=\"https:\/\/slanedeti.sk\/cms\/odkazanost-na-individualnu-prepravu-a-cysticka-fibroza\/1778\" \/>\n<meta property=\"og:locale\" content=\"sk_SK\" \/>\n<meta property=\"og:type\" content=\"article\" \/>\n<meta property=\"og:title\" content=\"Odk\u00e1zanos\u0165 na individu\u00e1lnu prepravu a cystick\u00e1 fibr\u00f3za - Slan\u00e9 deti\" \/>\n<meta property=\"og:description\" content=\"Pacienti s cystickou fibr\u00f3zou s\u00fa \u010dasto kv\u00f4li komplikovan\u00e9mu zdravotn\u00e9mu stavu odk\u00e1zan\u00ed na individu\u00e1lnu prepravu a nem\u00f4\u017eu vyu\u017e\u00edva\u0165 MHD. Ak\u00e9 s\u00fa dnes mo\u017enosti?\" \/>\n<meta property=\"og:url\" content=\"https:\/\/slanedeti.sk\/cms\/odkazanost-na-individualnu-prepravu-a-cysticka-fibroza\/1778\" \/>\n<meta property=\"og:site_name\" content=\"Slan\u00e9 deti\" \/>\n<meta property=\"article:publisher\" content=\"http:\/\/www.facebook.com\/slanedeti\" \/>\n<meta property=\"article:published_time\" content=\"2015-03-31T18:03:33+00:00\" \/>\n<meta property=\"og:image\" content=\"https:\/\/slanedeti.sk\/cms\/wp-content\/uploads\/2015\/03\/auto_peniaze.jpg\" \/>\n\t<meta property=\"og:image:width\" content=\"270\" \/>\n\t<meta property=\"og:image:height\" content=\"270\" \/>\n\t<meta property=\"og:image:type\" content=\"image\/jpeg\" \/>\n<meta name=\"author\" content=\"Sa\u0161a\" \/>\n<meta name=\"twitter:label1\" content=\"Autor\" \/>\n\t<meta name=\"twitter:data1\" content=\"Sa\u0161a\" \/>\n\t<meta name=\"twitter:label2\" content=\"Predpokladan\u00fd \u010das \u010d\u00edtania\" \/>\n\t<meta name=\"twitter:data2\" content=\"4 min\u00faty\" \/>\n<script type=\"application\/ld+json\" class=\"yoast-schema-graph\">{\"@context\":\"https:\\\/\\\/schema.org\",\"@graph\":[{\"@type\":\"Article\",\"@id\":\"https:\\\/\\\/slanedeti.sk\\\/cms\\\/odkazanost-na-individualnu-prepravu-a-cysticka-fibroza\\\/1778#article\",\"isPartOf\":{\"@id\":\"https:\\\/\\\/slanedeti.sk\\\/cms\\\/odkazanost-na-individualnu-prepravu-a-cysticka-fibroza\\\/1778\"},\"author\":{\"name\":\"Sa\u0161a\",\"@id\":\"https:\\\/\\\/slanedeti.sk\\\/cms\\\/#\\\/schema\\\/person\\\/a998a8fdcd3106c0b9bae9dee3885047\"},\"headline\":\"Odk\u00e1zanos\u0165 na individu\u00e1lnu prepravu a cystick\u00e1 fibr\u00f3za\",\"datePublished\":\"2015-03-31T18:03:33+00:00\",\"mainEntityOfPage\":{\"@id\":\"https:\\\/\\\/slanedeti.sk\\\/cms\\\/odkazanost-na-individualnu-prepravu-a-cysticka-fibroza\\\/1778\"},\"wordCount\":824,\"image\":{\"@id\":\"https:\\\/\\\/slanedeti.sk\\\/cms\\\/odkazanost-na-individualnu-prepravu-a-cysticka-fibroza\\\/1778#primaryimage\"},\"thumbnailUrl\":\"https:\\\/\\\/slanedeti.sk\\\/cms\\\/wp-content\\\/uploads\\\/2015\\\/03\\\/auto_peniaze.jpg\",\"articleSection\":[\"Soci\u00e1lna oblas\u0165\"],\"inLanguage\":\"sk-SK\"},{\"@type\":\"WebPage\",\"@id\":\"https:\\\/\\\/slanedeti.sk\\\/cms\\\/odkazanost-na-individualnu-prepravu-a-cysticka-fibroza\\\/1778\",\"url\":\"https:\\\/\\\/slanedeti.sk\\\/cms\\\/odkazanost-na-individualnu-prepravu-a-cysticka-fibroza\\\/1778\",\"name\":\"Odk\u00e1zanos\u0165 na individu\u00e1lnu prepravu a cystick\u00e1 fibr\u00f3za - Slan\u00e9 deti\",\"isPartOf\":{\"@id\":\"https:\\\/\\\/slanedeti.sk\\\/cms\\\/#website\"},\"primaryImageOfPage\":{\"@id\":\"https:\\\/\\\/slanedeti.sk\\\/cms\\\/odkazanost-na-individualnu-prepravu-a-cysticka-fibroza\\\/1778#primaryimage\"},\"image\":{\"@id\":\"https:\\\/\\\/slanedeti.sk\\\/cms\\\/odkazanost-na-individualnu-prepravu-a-cysticka-fibroza\\\/1778#primaryimage\"},\"thumbnailUrl\":\"https:\\\/\\\/slanedeti.sk\\\/cms\\\/wp-content\\\/uploads\\\/2015\\\/03\\\/auto_peniaze.jpg\",\"datePublished\":\"2015-03-31T18:03:33+00:00\",\"author\":{\"@id\":\"https:\\\/\\\/slanedeti.sk\\\/cms\\\/#\\\/schema\\\/person\\\/a998a8fdcd3106c0b9bae9dee3885047\"},\"description\":\"Pacienti s cystickou fibr\u00f3zou s\u00fa \u010dasto kv\u00f4li komplikovan\u00e9mu zdravotn\u00e9mu stavu odk\u00e1zan\u00ed na individu\u00e1lnu prepravu a nem\u00f4\u017eu vyu\u017e\u00edva\u0165 MHD. Ak\u00e9 s\u00fa dnes mo\u017enosti?\",\"inLanguage\":\"sk-SK\",\"potentialAction\":[{\"@type\":\"ReadAction\",\"target\":[\"https:\\\/\\\/slanedeti.sk\\\/cms\\\/odkazanost-na-individualnu-prepravu-a-cysticka-fibroza\\\/1778\"]}]},{\"@type\":\"ImageObject\",\"inLanguage\":\"sk-SK\",\"@id\":\"https:\\\/\\\/slanedeti.sk\\\/cms\\\/odkazanost-na-individualnu-prepravu-a-cysticka-fibroza\\\/1778#primaryimage\",\"url\":\"https:\\\/\\\/slanedeti.sk\\\/cms\\\/wp-content\\\/uploads\\\/2015\\\/03\\\/auto_peniaze.jpg\",\"contentUrl\":\"https:\\\/\\\/slanedeti.sk\\\/cms\\\/wp-content\\\/uploads\\\/2015\\\/03\\\/auto_peniaze.jpg\",\"width\":270,\"height\":270,\"caption\":\"individualna preprava\"},{\"@type\":\"WebSite\",\"@id\":\"https:\\\/\\\/slanedeti.sk\\\/cms\\\/#website\",\"url\":\"https:\\\/\\\/slanedeti.sk\\\/cms\\\/\",\"name\":\"Slan\u00e9 deti\",\"description\":\"Inform\u00e1cie o cystickej fibr\u00f3ze\",\"potentialAction\":[{\"@type\":\"SearchAction\",\"target\":{\"@type\":\"EntryPoint\",\"urlTemplate\":\"https:\\\/\\\/slanedeti.sk\\\/cms\\\/?s={search_term_string}\"},\"query-input\":{\"@type\":\"PropertyValueSpecification\",\"valueRequired\":true,\"valueName\":\"search_term_string\"}}],\"inLanguage\":\"sk-SK\"},{\"@type\":\"Person\",\"@id\":\"https:\\\/\\\/slanedeti.sk\\\/cms\\\/#\\\/schema\\\/person\\\/a998a8fdcd3106c0b9bae9dee3885047\",\"name\":\"Sa\u0161a\",\"url\":\"https:\\\/\\\/slanedeti.sk\\\/cms\\\/author\\\/sasa\"}]}<\/script>\n<!-- \/ Yoast SEO plugin. -->","yoast_head_json":{"title":"Odk\u00e1zanos\u0165 na individu\u00e1lnu prepravu a cystick\u00e1 fibr\u00f3za - Slan\u00e9 deti","description":"Pacienti s cystickou fibr\u00f3zou s\u00fa \u010dasto kv\u00f4li komplikovan\u00e9mu zdravotn\u00e9mu stavu odk\u00e1zan\u00ed na individu\u00e1lnu prepravu a nem\u00f4\u017eu vyu\u017e\u00edva\u0165 MHD. Ak\u00e9 s\u00fa dnes mo\u017enosti?","robots":{"index":"index","follow":"follow","max-snippet":"max-snippet:-1","max-image-preview":"max-image-preview:large","max-video-preview":"max-video-preview:-1"},"canonical":"https:\/\/slanedeti.sk\/cms\/odkazanost-na-individualnu-prepravu-a-cysticka-fibroza\/1778","og_locale":"sk_SK","og_type":"article","og_title":"Odk\u00e1zanos\u0165 na individu\u00e1lnu prepravu a cystick\u00e1 fibr\u00f3za - Slan\u00e9 deti","og_description":"Pacienti s cystickou fibr\u00f3zou s\u00fa \u010dasto kv\u00f4li komplikovan\u00e9mu zdravotn\u00e9mu stavu odk\u00e1zan\u00ed na individu\u00e1lnu prepravu a nem\u00f4\u017eu vyu\u017e\u00edva\u0165 MHD. Ak\u00e9 s\u00fa dnes mo\u017enosti?","og_url":"https:\/\/slanedeti.sk\/cms\/odkazanost-na-individualnu-prepravu-a-cysticka-fibroza\/1778","og_site_name":"Slan\u00e9 deti","article_publisher":"http:\/\/www.facebook.com\/slanedeti","article_published_time":"2015-03-31T18:03:33+00:00","og_image":[{"width":270,"height":270,"url":"https:\/\/slanedeti.sk\/cms\/wp-content\/uploads\/2015\/03\/auto_peniaze.jpg","type":"image\/jpeg"}],"author":"Sa\u0161a","twitter_misc":{"Autor":"Sa\u0161a","Predpokladan\u00fd \u010das \u010d\u00edtania":"4 min\u00faty"},"schema":{"@context":"https:\/\/schema.org","@graph":[{"@type":"Article","@id":"https:\/\/slanedeti.sk\/cms\/odkazanost-na-individualnu-prepravu-a-cysticka-fibroza\/1778#article","isPartOf":{"@id":"https:\/\/slanedeti.sk\/cms\/odkazanost-na-individualnu-prepravu-a-cysticka-fibroza\/1778"},"author":{"name":"Sa\u0161a","@id":"https:\/\/slanedeti.sk\/cms\/#\/schema\/person\/a998a8fdcd3106c0b9bae9dee3885047"},"headline":"Odk\u00e1zanos\u0165 na individu\u00e1lnu prepravu a cystick\u00e1 fibr\u00f3za","datePublished":"2015-03-31T18:03:33+00:00","mainEntityOfPage":{"@id":"https:\/\/slanedeti.sk\/cms\/odkazanost-na-individualnu-prepravu-a-cysticka-fibroza\/1778"},"wordCount":824,"image":{"@id":"https:\/\/slanedeti.sk\/cms\/odkazanost-na-individualnu-prepravu-a-cysticka-fibroza\/1778#primaryimage"},"thumbnailUrl":"https:\/\/slanedeti.sk\/cms\/wp-content\/uploads\/2015\/03\/auto_peniaze.jpg","articleSection":["Soci\u00e1lna oblas\u0165"],"inLanguage":"sk-SK"},{"@type":"WebPage","@id":"https:\/\/slanedeti.sk\/cms\/odkazanost-na-individualnu-prepravu-a-cysticka-fibroza\/1778","url":"https:\/\/slanedeti.sk\/cms\/odkazanost-na-individualnu-prepravu-a-cysticka-fibroza\/1778","name":"Odk\u00e1zanos\u0165 na individu\u00e1lnu prepravu a cystick\u00e1 fibr\u00f3za - Slan\u00e9 deti","isPartOf":{"@id":"https:\/\/slanedeti.sk\/cms\/#website"},"primaryImageOfPage":{"@id":"https:\/\/slanedeti.sk\/cms\/odkazanost-na-individualnu-prepravu-a-cysticka-fibroza\/1778#primaryimage"},"image":{"@id":"https:\/\/slanedeti.sk\/cms\/odkazanost-na-individualnu-prepravu-a-cysticka-fibroza\/1778#primaryimage"},"thumbnailUrl":"https:\/\/slanedeti.sk\/cms\/wp-content\/uploads\/2015\/03\/auto_peniaze.jpg","datePublished":"2015-03-31T18:03:33+00:00","author":{"@id":"https:\/\/slanedeti.sk\/cms\/#\/schema\/person\/a998a8fdcd3106c0b9bae9dee3885047"},"description":"Pacienti s cystickou fibr\u00f3zou s\u00fa \u010dasto kv\u00f4li komplikovan\u00e9mu zdravotn\u00e9mu stavu odk\u00e1zan\u00ed na individu\u00e1lnu prepravu a nem\u00f4\u017eu vyu\u017e\u00edva\u0165 MHD. Ak\u00e9 s\u00fa dnes mo\u017enosti?","inLanguage":"sk-SK","potentialAction":[{"@type":"ReadAction","target":["https:\/\/slanedeti.sk\/cms\/odkazanost-na-individualnu-prepravu-a-cysticka-fibroza\/1778"]}]},{"@type":"ImageObject","inLanguage":"sk-SK","@id":"https:\/\/slanedeti.sk\/cms\/odkazanost-na-individualnu-prepravu-a-cysticka-fibroza\/1778#primaryimage","url":"https:\/\/slanedeti.sk\/cms\/wp-content\/uploads\/2015\/03\/auto_peniaze.jpg","contentUrl":"https:\/\/slanedeti.sk\/cms\/wp-content\/uploads\/2015\/03\/auto_peniaze.jpg","width":270,"height":270,"caption":"individualna preprava"},{"@type":"WebSite","@id":"https:\/\/slanedeti.sk\/cms\/#website","url":"https:\/\/slanedeti.sk\/cms\/","name":"Slan\u00e9 deti","description":"Inform\u00e1cie o cystickej fibr\u00f3ze","potentialAction":[{"@type":"SearchAction","target":{"@type":"EntryPoint","urlTemplate":"https:\/\/slanedeti.sk\/cms\/?s={search_term_string}"},"query-input":{"@type":"PropertyValueSpecification","valueRequired":true,"valueName":"search_term_string"}}],"inLanguage":"sk-SK"},{"@type":"Person","@id":"https:\/\/slanedeti.sk\/cms\/#\/schema\/person\/a998a8fdcd3106c0b9bae9dee3885047","name":"Sa\u0161a","url":"https:\/\/slanedeti.sk\/cms\/author\/sasa"}]}},"_links":{"self":[{"href":"https:\/\/slanedeti.sk\/cms\/wp-json\/wp\/v2\/posts\/1778","targetHints":{"allow":["GET"]}}],"collection":[{"href":"https:\/\/slanedeti.sk\/cms\/wp-json\/wp\/v2\/posts"}],"about":[{"href":"https:\/\/slanedeti.sk\/cms\/wp-json\/wp\/v2\/types\/post"}],"author":[{"embeddable":true,"href":"https:\/\/slanedeti.sk\/cms\/wp-json\/wp\/v2\/users\/6"}],"replies":[{"embeddable":true,"href":"https:\/\/slanedeti.sk\/cms\/wp-json\/wp\/v2\/comments?post=1778"}],"version-history":[{"count":0,"href":"https:\/\/slanedeti.sk\/cms\/wp-json\/wp\/v2\/posts\/1778\/revisions"}],"wp:featuredmedia":[{"embeddable":true,"href":"https:\/\/slanedeti.sk\/cms\/wp-json\/wp\/v2\/media\/1776"}],"wp:attachment":[{"href":"https:\/\/slanedeti.sk\/cms\/wp-json\/wp\/v2\/media?parent=1778"}],"wp:term":[{"taxonomy":"category","embeddable":true,"href":"https:\/\/slanedeti.sk\/cms\/wp-json\/wp\/v2\/categories?post=1778"},{"taxonomy":"post_tag","embeddable":true,"href":"https:\/\/slanedeti.sk\/cms\/wp-json\/wp\/v2\/tags?post=1778"}],"curies":[{"name":"wp","href":"https:\/\/api.w.org\/{rel}","templated":true}]}}